{"id":96181,"date":"2019-11-14T11:07:26","date_gmt":"2019-11-14T08:07:26","guid":{"rendered":"http:\/\/arantv.az\/?p=96181"},"modified":"2019-11-14T11:07:26","modified_gmt":"2019-11-14T08:07:26","slug":"bu-gec%c9%99-noyabrin-15-n%c9%99-kec%c9%99n-gec%c9%99-imam-sadiqin-%c9%99-movludunun-ildonumudur","status":"publish","type":"post","link":"https:\/\/arantv.az\/?p=96181","title":{"rendered":"Bu gec\u0259 (noyabr\u0131n 15-n\u0259 ke\u00e7\u0259n gec\u0259) imam Sadiqin (\u0259) m\u00f6vludunun ild\u00f6n\u00fcm\u00fcd\u00fcr"},"content":{"rendered":"<p>R\u0259bi\u00fcl-\u0259vv\u0259l ay\u0131n\u0131n 17-d\u0259 (bu il noyabr ay\u0131n\u0131n 15-n\u0259 ke\u00e7\u0259n gec\u0259), m\u00fcs\u0259lmanlar\u0131n 6-c\u0131 imam\u0131 \u2013 C\u0259f\u0259r Sadiqin (\u0259) m\u00f6vludunun ild\u00f6nm\u00fcd\u00fcr.<\/p>\n<p>\u0130mam 83-c\u00fc hicri ild\u0259 M\u0259din\u0259 \u015f\u0259h\u0259rind\u0259 d\u00fcnyaya g\u0259lib, hicri 148-ci il \u015e\u0259vval ay\u0131n\u0131n 25-d\u0259 is\u0259 Abbasi x\u0259lif\u0259si M\u0259nsurun \u0259mri il\u0259 z\u0259h\u0259rl\u0259n\u0259r\u0259k \u015f\u0259hid edilib.<\/p>\n<p>Atas\u0131 \u0130mam Baqir (\u0259) \u015f\u0259had\u0259t\u0259 yeti\u015fdikd\u0259 onun 34 ya\u015f\u0131 olub v\u0259 o zamandan 31 il \u0259rzind\u0259 m\u00fcs\u0259lmanlara imaml\u0131q edib, Allah\u0131n nazil etdiyi Quran\u0131n buyuruqlar\u0131n\u0131 b\u0259\u015f\u0259riyy\u0259t\u0259 t\u0259bli\u011f etm\u0259y\u0259 \u00e7al\u0131\u015f\u0131b. B\u00f6y\u00fck f\u0259dakarl\u0131q n\u0259tic\u0259sind\u0259, imam M\u0259din\u0259d\u0259 o zamanlar \u00fc\u00e7\u00fcn n\u0259h\u0259ng t\u0259dris m\u0259rk\u0259zi qurma\u011fa nail olub. \u0130mam C\u0259f\u0259r Sadiqin (\u0259) elmind\u0259n yararlanmaq \u00fc\u00e7\u00fcn d\u00fcnyan\u0131n m\u00fcxt\u0259lif gu\u015f\u0259l\u0259rind\u0259n insanlar M\u0259din\u0259y\u0259 ax\u0131\u015f\u0131r, h\u0259qiqi \u0130slam haqda, el\u0259c\u0259 d\u0259 dig\u0259r d\u00fcny\u0259vi f\u0259nl\u0259r \u00fczr\u0259 bilgi al\u0131rd\u0131lar. M\u00fcxt\u0259lif zamanlarda imam\u0131n 4 min t\u0259l\u0259b\u0259si olub, o, elmin m\u00fcxt\u0259lif sah\u0259l\u0259rind\u0259 bir \u00e7ox g\u00f6rk\u0259mli alim yeti\u015fdirib. \u0130mam Sadiqin (\u0259) h\u0259yat\u0131 &#8220;\u0130slam elm\u0259 qar\u015f\u0131d\u0131r&#8221; kimi s\u0259rs\u0259m ideyalar\u0131 ir\u0259li s\u00fcr\u0259nl\u0259r\u0259 \u0259n tutarl\u0131 cavablardan biridir.<\/p>\n<p>\u0130mam C\u0259f\u0259r Sadiq (\u0259) h\u0259qiqi \u0130slam\u0131n tezisl\u0259rini, Pey\u011f\u0259mb\u0259rin v\u0259siyy\u0259tl\u0259rini h\u0259yata ke\u00e7irm\u0259k \u00fc\u00e7\u00fcn b\u00f6y\u00fck i\u015fl\u0259r g\u00f6r\u00fcb. T\u0259sad\u00fcfi deyil ki, \u015fi\u0259 m\u0259zh\u0259bi h\u0259m\u00e7inin C\u0259f\u0259ri m\u0259zh\u0259bi adlan\u0131r, bu yolun davam\u00e7\u0131lar\u0131na is\u0259 h\u0259m d\u0259 &#8220;c\u0259f\u0259ril\u0259r&#8221; deyilir.<\/p>\n<p><b>\u0130mam C\u0259f\u0259r Sadiqin (\u0259) m\u00f6vlud g\u00fcn\u00fc m\u00fcnasib\u0259ti il\u0259 b\u00fct\u00fcn d\u00fcnya m\u00fcs\u0259lmanlar\u0131n\u0131 t\u0259brik edirik, onlara h\u0259r iki d\u00fcnyada \u018fhli-beytd\u0259n uzaq d\u00fc\u015fm\u0259m\u0259yi dil\u0259yirik!<\/b><\/p>\n","protected":false},"excerpt":{"rendered":"<p>R\u0259bi\u00fcl-\u0259vv\u0259l ay\u0131n\u0131n 17-d\u0259 (bu il noyabr ay\u0131n\u0131n 15-n\u0259 ke\u00e7\u0259n gec\u0259), m\u00fcs\u0259lmanlar\u0131n 6-c\u0131 imam\u0131 \u2013 C\u0259f\u0259r Sadiqin (\u0259) m\u00f6vludunun ild\u00f6nm\u00fcd\u00fcr. \u0130mam 83-c\u00fc hicri ild\u0259 M\u0259din\u0259 \u015f\u0259h\u0259rind\u0259 d\u00fcnyaya g\u0259lib, hicri 148-ci il \u015e\u0259vval ay\u0131n\u0131n 25-d\u0259 is\u0259 Abbasi x\u0259lif\u0259si M\u0259nsurun \u0259mri il\u0259 z\u0259h\u0259rl\u0259n\u0259r\u0259k \u015f\u0259hid edilib. Atas\u0131 \u0130mam Baqir (\u0259) \u015f\u0259had\u0259t\u0259 yeti\u015fdikd\u0259 onun 34 ya\u015f\u0131 olub v\u0259 o zamandan 31 il \u0259rzind\u0259 m\u00fcs\u0259lmanlara imaml\u0131q edib, Allah\u0131n nazil etdiyi Quran\u0131n buyuruqlar\u0131n\u0131 b\u0259\u015f\u0259riyy\u0259t\u0259 t\u0259bli\u011f etm\u0259y\u0259 \u00e7al\u0131\u015f\u0131b. B\u00f6y\u00fck f\u0259dakarl\u0131q n\u0259tic\u0259sind\u0259, imam M\u0259din\u0259d\u0259 o zamanlar \u00fc\u00e7\u00fcn n\u0259h\u0259ng t\u0259dris m\u0259rk\u0259zi qurma\u011fa nail olub. \u0130mam C\u0259f\u0259r Sadiqin (\u0259) elmind\u0259n yararlanmaq&hellip;<\/p>\n","protected":false},"author":2,"featured_media":96182,"comment_status":"closed","ping_status":"closed","sticky":false,"template":"","format":"standard","meta":{"om_disable_all_campaigns":false,"_monsterinsights_skip_tracking":false,"_monsterinsights_sitenote_active":false,"_monsterinsights_sitenote_note":"","_monsterinsights_sitenote_category":0},"categories":[1],"tags":[],"aioseo_notices":[],"gutentor_comment":0,"rttpg_featured_image_url":{"full":["https:\/\/arantv.az\/wp-content\/uploads\/2019\/11\/thumb_imam_sadiq.jpg",120,84,false],"landscape":["https:\/\/arantv.az\/wp-content\/uploads\/2019\/11\/thumb_imam_sadiq.jpg",120,84,false],"portraits":["https:\/\/arantv.az\/wp-content\/uploads\/2019\/11\/thumb_imam_sadiq.jpg",120,84,false],"thumbnail":["https:\/\/arantv.az\/wp-content\/uploads\/2019\/11\/thumb_imam_sadiq.jpg",120,84,false],"medium":["https:\/\/arantv.az\/wp-content\/uploads\/2019\/11\/thumb_imam_sadiq.jpg",120,84,false],"large":["https:\/\/arantv.az\/wp-content\/uploads\/2019\/11\/thumb_imam_sadiq.jpg",120,84,false],"1536x1536":["https:\/\/arantv.az\/wp-content\/uploads\/2019\/11\/thumb_imam_sadiq.jpg",120,84,false],"2048x2048":["https:\/\/arantv.az\/wp-content\/uploads\/2019\/11\/thumb_imam_sadiq.jpg",120,84,false],"post-thumbnail":["https:\/\/arantv.az\/wp-content\/uploads\/2019\/11\/thumb_imam_sadiq.jpg",120,84,false],"advps-thumb-one":["https:\/\/arantv.az\/wp-content\/uploads\/2019\/11\/thumb_imam_sadiq.jpg",120,84,false]},"rttpg_author":{"display_name":"V\u00fcsal Rafiqo\u011flu","author_link":"https:\/\/arantv.az\/?author=2"},"rttpg_comment":0,"rttpg_category":"<a href=\"https:\/\/arantv.az\/?cat=1\" rel=\"category\">C\u0259miyy\u0259t<\/a>","rttpg_excerpt":"R\u0259bi\u00fcl-\u0259vv\u0259l ay\u0131n\u0131n 17-d\u0259 (bu il noyabr ay\u0131n\u0131n 15-n\u0259 ke\u00e7\u0259n gec\u0259), m\u00fcs\u0259lmanlar\u0131n 6-c\u0131 imam\u0131 \u2013 C\u0259f\u0259r Sadiqin (\u0259) m\u00f6vludunun ild\u00f6nm\u00fcd\u00fcr. \u0130mam 83-c\u00fc hicri ild\u0259 M\u0259din\u0259 \u015f\u0259h\u0259rind\u0259 d\u00fcnyaya g\u0259lib, hicri 148-ci il \u015e\u0259vval ay\u0131n\u0131n 25-d\u0259 is\u0259 Abbasi x\u0259lif\u0259si M\u0259nsurun \u0259mri il\u0259 z\u0259h\u0259rl\u0259n\u0259r\u0259k \u015f\u0259hid edilib. Atas\u0131 \u0130mam Baqir (\u0259) \u015f\u0259had\u0259t\u0259 yeti\u015fdikd\u0259 onun 34 ya\u015f\u0131 olub v\u0259 o zamandan&hellip;","_links":{"self":[{"href":"https:\/\/arantv.az\/index.php?rest_route=\/wp\/v2\/posts\/96181"}],"collection":[{"href":"https:\/\/arantv.az\/index.php?rest_route=\/wp\/v2\/posts"}],"about":[{"href":"https:\/\/arantv.az\/index.php?rest_route=\/wp\/v2\/types\/post"}],"author":[{"embeddable":true,"href":"https:\/\/arantv.az\/index.php?rest_route=\/wp\/v2\/users\/2"}],"replies":[{"embeddable":true,"href":"https:\/\/arantv.az\/index.php?rest_route=%2Fwp%2Fv2%2Fcomments&post=96181"}],"version-history":[{"count":0,"href":"https:\/\/arantv.az\/index.php?rest_route=\/wp\/v2\/posts\/96181\/revisions"}],"wp:featuredmedia":[{"embeddable":true,"href":"https:\/\/arantv.az\/index.php?rest_route=\/wp\/v2\/media\/96182"}],"wp:attachment":[{"href":"https:\/\/arantv.az\/index.php?rest_route=%2Fwp%2Fv2%2Fmedia&parent=96181"}],"wp:term":[{"taxonomy":"category","embeddable":true,"href":"https:\/\/arantv.az\/index.php?rest_route=%2Fwp%2Fv2%2Fcategories&post=96181"},{"taxonomy":"post_tag","embeddable":true,"href":"https:\/\/arantv.az\/index.php?rest_route=%2Fwp%2Fv2%2Ftags&post=96181"}],"curies":[{"name":"wp","href":"https:\/\/api.w.org\/{rel}","templated":true}]}}