{"id":96242,"date":"2019-11-14T13:03:13","date_gmt":"2019-11-14T10:03:13","guid":{"rendered":"http:\/\/arantv.az\/?p=96242"},"modified":"2019-11-14T13:03:13","modified_gmt":"2019-11-14T10:03:13","slug":"deputat-dunya-dini-liderl%c9%99rin-ii-sammitinin-az%c9%99rbaycanda-kecirilm%c9%99si-din-xadiml%c9%99rinin-olk%c9%99mizi-yaxindan-tanimasina-s%c9%99b%c9%99b-olacaq","status":"publish","type":"post","link":"https:\/\/arantv.az\/?p=96242","title":{"rendered":"Deputat: &#8220;D\u00fcnya dini liderl\u0259rin II Sammitinin Az\u0259rbaycanda ke\u00e7irilm\u0259si din xadiml\u0259rinin \u00f6lk\u0259mizi yax\u0131ndan tan\u0131mas\u0131na s\u0259b\u0259b olacaq&#8221;"},"content":{"rendered":"<blockquote><p><em><strong>D\u00fcnya dini liderl\u0259rinin II Sammitinin Az\u0259rbaycanda ke\u00e7irilm\u0259si d\u00f6vl\u0259timizin vicdan azadl\u0131\u011f\u0131na olan m\u00fcnasib\u0259tinin d\u00fcnya birliyi t\u0259r\u0259find\u0259n qiym\u0259tl\u0259ndirilm\u0259sidir.<\/strong><\/em><\/p><\/blockquote>\n<p><strong>ARANTV.AZ<\/strong>\u00a0 x\u0259b\u0259r verir ki, bunu\u00a0<a href=\"https:\/\/az.trend.az\/\" target=\"_blank\" rel=\"noopener\">Trend<\/a>-\u0259 Milli M\u0259clisin deputat\u0131 Ayd\u0131n Mirz\u0259zad\u0259 deyib.<\/p>\n<p>Onun s\u00f6zl\u0259rin\u0259 g\u00f6r\u0259, bu g\u00fcn beyn\u0259lxalq t\u0259\u015fkilatlar, apar\u0131c\u0131 demokratik d\u00f6vl\u0259tl\u0259r Az\u0259rbaycanda din\u0259 olan m\u00fcnasib\u0259ti, ayr\u0131-ayr\u0131 dinl\u0259rin mehriban m\u00fcnasib\u0259tl\u0259r \u015f\u0259raitind\u0259 ya\u015famas\u0131n\u0131 x\u00fcsusi qeyd edirl\u0259r.<\/p>\n<p>Deputat hesab edir ki, bu Sammitin Az\u0259rbaycanda ke\u00e7irilm\u0259si n\u0259tic\u0259sind\u0259 din xadiml\u0259ri bir \u00e7ox vacib m\u0259s\u0259l\u0259l\u0259ri &#8211; d\u00fcnyada din\u0259 olan m\u00fcnasib\u0259ti, dind\u0259n siyasi m\u0259qs\u0259dl\u0259r \u00fc\u00e7\u00fcn istifad\u0259 edilm\u0259sin\u0259 yol verilm\u0259sini, \u0259n \u0259sas\u0131 is\u0259 dinin bu g\u00fcn b\u0259\u015f\u0259riyy\u0259t qar\u015f\u0131s\u0131nda duran probleml\u0259rin h\u0259llind\u0259 oynaya bil\u0259c\u0259yi rollar\u0131 ciddi \u015f\u0259kild\u0259 m\u00fczakir\u0259 ed\u0259 bil\u0259c\u0259kl\u0259r: &#8220;Bu t\u0259dbirin ke\u00e7irilm\u0259si h\u0259m d\u0259 d\u00fcnya din xadiml\u0259rinin Az\u0259rbaycan\u0131 bir daha yax\u0131ndan tan\u0131mas\u0131na s\u0259b\u0259b olacaq. Sammit i\u015ftirak\u00e7\u0131lar\u0131n\u0131n \u0259ks\u0259riyy\u0259ti \u00f6lk\u0259mizd\u0259 olub. Amma i\u015ftirak\u00e7\u0131lar\u0131n bir qismi Az\u0259rbaycan\u0131n m\u00fcst\u0259qil d\u00f6vl\u0259t quruculu\u011funu, d\u00f6vl\u0259tin insanlar\u0131n problemin\u0259 olan yana\u015fmas\u0131n\u0131, \u00f6lk\u0259mizd\u0259 din\u0259 olan m\u00fcnasib\u0259ti, dini ayinl\u0259rin ke\u00e7irilm\u0259sin\u0259 d\u00f6vl\u0259tin m\u00fcnasib\u0259tini bir daha g\u00f6r\u0259c\u0259kl\u0259r&#8221;.<\/p>\n<p>A.Mirz\u0259zad\u0259 Az\u0259rbaycan\u0131n bundan sonra da bu kimi beyn\u0259lxalq t\u0259dbirl\u0259r\u0259 ev sahibliyi etm\u0259y\u0259 h\u0259mi\u015f\u0259 haz\u0131r oldu\u011funu n\u0259z\u0259r\u0259 \u00e7atd\u0131r\u0131b.<\/p>\n<p>Qeyd ed\u0259k ki, Az\u0259rbaycan Respublikas\u0131n\u0131n Prezidenti \u0130lham \u018fliyevin 11 aprel 2019-cu il tarixli s\u0259r\u0259ncam\u0131 il\u0259 bu ilin 14-15 noyabr tarixl\u0259rind\u0259 \u015eeyx\u00fclislam Allah\u015f\u00fck\u00fcr Pa\u015fazad\u0259nin anadan olmas\u0131n\u0131n 70 illiyi il\u0259 ba\u011fl\u0131 yubiley t\u0259dbirl\u0259ri \u00e7\u0259r\u00e7iv\u0259sind\u0259 d\u00fcnya dini liderl\u0259rinin II Bak\u0131 sammitinin ke\u00e7irilm\u0259sin\u0259 q\u0259rar verilib. Sammit\u0259 d\u00fcnyan\u0131n 56 \u00f6lk\u0259sind\u0259n 500-\u0259 yax\u0131n i\u015ftirak\u00e7\u0131 qat\u0131l\u0131b.<\/p>\n<p>\u0130kig\u00fcnl\u00fck Sammitd\u0259 &#8220;Multikulturalizm, tolerantl\u0131q v\u0259 dinl\u0259raras\u0131 h\u0259mr\u0259yliyin t\u0259\u015fviqind\u0259 Az\u0259rbaycan d\u00f6vl\u0259tinin n\u00fcmun\u0259vi rolu&#8221;, &#8220;\u015eeyx\u00fclislam Allah\u015f\u00fck\u00fcr Pa\u015fazad\u0259nin dini r\u0259hb\u0259r v\u0259 ictimai xadim kimi sivilizasiyalararas\u0131 v\u0259 dinl\u0259raras\u0131 \u0259m\u0259kda\u015fl\u0131\u011f\u0131n inki\u015faf\u0131na t\u00f6hf\u0259si&#8221;, &#8220;Dini liderl\u0259r terrorizm, t\u0259cav\u00fczkarl\u0131q, ksenofobiya, islamofobiya, antisemitizm v\u0259 xristianofobiya \u0259leyhin\u0259&#8221;, &#8220;Qad\u0131n v\u0259 u\u015faq haqlar\u0131n\u0131n qorunmas\u0131, g\u0259ncl\u0259rin maarifl\u0259ndirilm\u0259sind\u0259 dini liderl\u0259rin, d\u00f6vl\u0259t, elm v\u0259 ictimai xadiml\u0259rin birg\u0259 f\u0259aliyy\u0259tinin \u0259h\u0259miyy\u0259ti&#8221; m\u00f6vzular\u0131 \u0259traf\u0131nda m\u00fczakir\u0259l\u0259r apar\u0131lacaq.<\/p>\n<p>Sammitin yekunlar\u0131na dair Bak\u0131 B\u0259yannam\u0259si q\u0259bul olunacaq.<\/p>\n","protected":false},"excerpt":{"rendered":"<p>D\u00fcnya dini liderl\u0259rinin II Sammitinin Az\u0259rbaycanda ke\u00e7irilm\u0259si d\u00f6vl\u0259timizin vicdan azadl\u0131\u011f\u0131na olan m\u00fcnasib\u0259tinin d\u00fcnya birliyi t\u0259r\u0259find\u0259n qiym\u0259tl\u0259ndirilm\u0259sidir. ARANTV.AZ\u00a0 x\u0259b\u0259r verir ki, bunu\u00a0Trend-\u0259 Milli M\u0259clisin deputat\u0131 Ayd\u0131n Mirz\u0259zad\u0259 deyib. Onun s\u00f6zl\u0259rin\u0259 g\u00f6r\u0259, bu g\u00fcn beyn\u0259lxalq t\u0259\u015fkilatlar, apar\u0131c\u0131 demokratik d\u00f6vl\u0259tl\u0259r Az\u0259rbaycanda din\u0259 olan m\u00fcnasib\u0259ti, ayr\u0131-ayr\u0131 dinl\u0259rin mehriban m\u00fcnasib\u0259tl\u0259r \u015f\u0259raitind\u0259 ya\u015famas\u0131n\u0131 x\u00fcsusi qeyd edirl\u0259r. Deputat hesab edir ki, bu Sammitin Az\u0259rbaycanda ke\u00e7irilm\u0259si n\u0259tic\u0259sind\u0259 din xadiml\u0259ri bir \u00e7ox vacib m\u0259s\u0259l\u0259l\u0259ri &#8211; d\u00fcnyada din\u0259 olan m\u00fcnasib\u0259ti, dind\u0259n siyasi m\u0259qs\u0259dl\u0259r \u00fc\u00e7\u00fcn istifad\u0259 edilm\u0259sin\u0259 yol verilm\u0259sini, \u0259n \u0259sas\u0131 is\u0259 dinin bu g\u00fcn b\u0259\u015f\u0259riyy\u0259t qar\u015f\u0131s\u0131nda duran probleml\u0259rin h\u0259llind\u0259 oynaya&hellip;<\/p>\n","protected":false},"author":2,"featured_media":96243,"comment_status":"closed","ping_status":"closed","sticky":false,"template":"","format":"standard","meta":{"om_disable_all_campaigns":false,"_monsterinsights_skip_tracking":false,"_monsterinsights_sitenote_active":false,"_monsterinsights_sitenote_note":"","_monsterinsights_sitenote_category":0},"categories":[4],"tags":[],"aioseo_notices":[],"gutentor_comment":0,"rttpg_featured_image_url":{"full":["https:\/\/arantv.az\/wp-content\/uploads\/2019\/11\/802177.jpg",800,600,false],"landscape":["https:\/\/arantv.az\/wp-content\/uploads\/2019\/11\/802177.jpg",800,600,false],"portraits":["https:\/\/arantv.az\/wp-content\/uploads\/2019\/11\/802177.jpg",800,600,false],"thumbnail":["https:\/\/arantv.az\/wp-content\/uploads\/2019\/11\/802177-150x150.jpg",150,150,true],"medium":["https:\/\/arantv.az\/wp-content\/uploads\/2019\/11\/802177-300x225.jpg",300,225,true],"large":["https:\/\/arantv.az\/wp-content\/uploads\/2019\/11\/802177.jpg",640,480,false],"1536x1536":["https:\/\/arantv.az\/wp-content\/uploads\/2019\/11\/802177.jpg",800,600,false],"2048x2048":["https:\/\/arantv.az\/wp-content\/uploads\/2019\/11\/802177.jpg",800,600,false],"post-thumbnail":["https:\/\/arantv.az\/wp-content\/uploads\/2019\/11\/802177-240x172.jpg",240,172,true],"advps-thumb-one":["https:\/\/arantv.az\/wp-content\/uploads\/2019\/11\/802177.jpg",800,600,false]},"rttpg_author":{"display_name":"V\u00fcsal Rafiqo\u011flu","author_link":"https:\/\/arantv.az\/?author=2"},"rttpg_comment":0,"rttpg_category":"<a href=\"https:\/\/arantv.az\/?cat=4\" rel=\"category\">Siyas\u0259t<\/a>","rttpg_excerpt":"D\u00fcnya dini liderl\u0259rinin II Sammitinin Az\u0259rbaycanda ke\u00e7irilm\u0259si d\u00f6vl\u0259timizin vicdan azadl\u0131\u011f\u0131na olan m\u00fcnasib\u0259tinin d\u00fcnya birliyi t\u0259r\u0259find\u0259n qiym\u0259tl\u0259ndirilm\u0259sidir. ARANTV.AZ\u00a0 x\u0259b\u0259r verir ki, bunu\u00a0Trend-\u0259 Milli M\u0259clisin deputat\u0131 Ayd\u0131n Mirz\u0259zad\u0259 deyib. Onun s\u00f6zl\u0259rin\u0259 g\u00f6r\u0259, bu g\u00fcn beyn\u0259lxalq t\u0259\u015fkilatlar, apar\u0131c\u0131 demokratik d\u00f6vl\u0259tl\u0259r Az\u0259rbaycanda din\u0259 olan m\u00fcnasib\u0259ti, ayr\u0131-ayr\u0131 dinl\u0259rin mehriban m\u00fcnasib\u0259tl\u0259r \u015f\u0259raitind\u0259 ya\u015famas\u0131n\u0131 x\u00fcsusi qeyd edirl\u0259r. Deputat hesab edir ki, bu&hellip;","_links":{"self":[{"href":"https:\/\/arantv.az\/index.php?rest_route=\/wp\/v2\/posts\/96242"}],"collection":[{"href":"https:\/\/arantv.az\/index.php?rest_route=\/wp\/v2\/posts"}],"about":[{"href":"https:\/\/arantv.az\/index.php?rest_route=\/wp\/v2\/types\/post"}],"author":[{"embeddable":true,"href":"https:\/\/arantv.az\/index.php?rest_route=\/wp\/v2\/users\/2"}],"replies":[{"embeddable":true,"href":"https:\/\/arantv.az\/index.php?rest_route=%2Fwp%2Fv2%2Fcomments&post=96242"}],"version-history":[{"count":0,"href":"https:\/\/arantv.az\/index.php?rest_route=\/wp\/v2\/posts\/96242\/revisions"}],"wp:featuredmedia":[{"embeddable":true,"href":"https:\/\/arantv.az\/index.php?rest_route=\/wp\/v2\/media\/96243"}],"wp:attachment":[{"href":"https:\/\/arantv.az\/index.php?rest_route=%2Fwp%2Fv2%2Fmedia&parent=96242"}],"wp:term":[{"taxonomy":"category","embeddable":true,"href":"https:\/\/arantv.az\/index.php?rest_route=%2Fwp%2Fv2%2Fcategories&post=96242"},{"taxonomy":"post_tag","embeddable":true,"href":"https:\/\/arantv.az\/index.php?rest_route=%2Fwp%2Fv2%2Ftags&post=96242"}],"curies":[{"name":"wp","href":"https:\/\/api.w.org\/{rel}","templated":true}]}}