{"id":96246,"date":"2019-11-14T13:04:31","date_gmt":"2019-11-14T10:04:31","guid":{"rendered":"http:\/\/arantv.az\/?p=96246"},"modified":"2019-11-14T13:04:31","modified_gmt":"2019-11-14T10:04:31","slug":"turkiy%c9%99nin-ticar%c9%99t-m%c9%99rk%c9%99zind%c9%99-boyuk-terror-aktinin-qarsisi-alindi","status":"publish","type":"post","link":"https:\/\/arantv.az\/?p=96246","title":{"rendered":"T\u00fcrkiy\u0259nin ticar\u0259t m\u0259rk\u0259zind\u0259 b\u00f6y\u00fck terror akt\u0131n\u0131n qar\u015f\u0131s\u0131 al\u0131nd\u0131"},"content":{"rendered":"<p><strong>T\u00fcrkiy\u0259nin Adana vilay\u0259tind\u0259 ke\u00e7irilmi\u015f x\u00fcsusi \u0259m\u0259liyyat n\u0259tic\u0259sind\u0259 ticar\u0259t m\u0259rk\u0259zind\u0259 b\u00f6y\u00fck terror akt\u0131n\u0131n qar\u015f\u0131s\u0131 al\u0131n\u0131b.<\/strong><\/p>\n<p><strong>ARANTV.AZ\u00a0<\/strong>\u00a0<a href=\"https:\/\/az.trend.az\/\" target=\"_blank\" rel=\"noopener\">Trend<\/a>-\u0259 istinad\u0259n x\u0259b\u0259r verir ki, k\u0259\u015ffiyyat xidm\u0259tinin ke\u00e7irdiyi \u0259m\u0259liyyat n\u0259tic\u0259sind\u0259 iki PKK terror\u00e7usu saxlan\u0131l\u0131b.<\/p>\n<p>Onlardan birinin Suriya v\u0259t\u0259nda\u015f\u0131 oldu\u011fu deyilir.<\/p>\n<p>Dig\u0259r saxlanan \u015f\u0259xs is\u0259 \u0130raq\u0131n \u015fimal\u0131nda PKK d\u00fc\u015f\u0259rg\u0259l\u0259rind\u0259 t\u0259lim ke\u00e7ib.<\/p>\n<p>\u018fm\u0259liyyat\u0131n dig\u0259r t\u0259f\u0259rr\u00fcatlar\u0131 bar\u0259d\u0259 m\u0259lumat verilm\u0259yib.<\/p>\n","protected":false},"excerpt":{"rendered":"<p>T\u00fcrkiy\u0259nin Adana vilay\u0259tind\u0259 ke\u00e7irilmi\u015f x\u00fcsusi \u0259m\u0259liyyat n\u0259tic\u0259sind\u0259 ticar\u0259t m\u0259rk\u0259zind\u0259 b\u00f6y\u00fck terror akt\u0131n\u0131n qar\u015f\u0131s\u0131 al\u0131n\u0131b. ARANTV.AZ\u00a0\u00a0Trend-\u0259 istinad\u0259n x\u0259b\u0259r verir ki, k\u0259\u015ffiyyat xidm\u0259tinin ke\u00e7irdiyi \u0259m\u0259liyyat n\u0259tic\u0259sind\u0259 iki PKK terror\u00e7usu saxlan\u0131l\u0131b. Onlardan birinin Suriya v\u0259t\u0259nda\u015f\u0131 oldu\u011fu deyilir. Dig\u0259r saxlanan \u015f\u0259xs is\u0259 \u0130raq\u0131n \u015fimal\u0131nda PKK d\u00fc\u015f\u0259rg\u0259l\u0259rind\u0259 t\u0259lim ke\u00e7ib. \u018fm\u0259liyyat\u0131n dig\u0259r t\u0259f\u0259rr\u00fcatlar\u0131 bar\u0259d\u0259 m\u0259lumat verilm\u0259yib.<\/p>\n","protected":false},"author":2,"featured_media":96247,"comment_status":"closed","ping_status":"closed","sticky":false,"template":"","format":"standard","meta":{"om_disable_all_campaigns":false,"_monsterinsights_skip_tracking":false,"_monsterinsights_sitenote_active":false,"_monsterinsights_sitenote_note":"","_monsterinsights_sitenote_category":0},"categories":[7],"tags":[],"aioseo_notices":[],"gutentor_comment":0,"rttpg_featured_image_url":{"full":["https:\/\/arantv.az\/wp-content\/uploads\/2019\/11\/turk_polis_2347576776.jpg",800,600,false],"landscape":["https:\/\/arantv.az\/wp-content\/uploads\/2019\/11\/turk_polis_2347576776.jpg",800,600,false],"portraits":["https:\/\/arantv.az\/wp-content\/uploads\/2019\/11\/turk_polis_2347576776.jpg",800,600,false],"thumbnail":["https:\/\/arantv.az\/wp-content\/uploads\/2019\/11\/turk_polis_2347576776-150x150.jpg",150,150,true],"medium":["https:\/\/arantv.az\/wp-content\/uploads\/2019\/11\/turk_polis_2347576776-300x225.jpg",300,225,true],"large":["https:\/\/arantv.az\/wp-content\/uploads\/2019\/11\/turk_polis_2347576776.jpg",640,480,false],"1536x1536":["https:\/\/arantv.az\/wp-content\/uploads\/2019\/11\/turk_polis_2347576776.jpg",800,600,false],"2048x2048":["https:\/\/arantv.az\/wp-content\/uploads\/2019\/11\/turk_polis_2347576776.jpg",800,600,false],"post-thumbnail":["https:\/\/arantv.az\/wp-content\/uploads\/2019\/11\/turk_polis_2347576776-240x172.jpg",240,172,true],"advps-thumb-one":["https:\/\/arantv.az\/wp-content\/uploads\/2019\/11\/turk_polis_2347576776.jpg",800,600,false]},"rttpg_author":{"display_name":"V\u00fcsal Rafiqo\u011flu","author_link":"https:\/\/arantv.az\/?author=2"},"rttpg_comment":0,"rttpg_category":"<a href=\"https:\/\/arantv.az\/?cat=7\" rel=\"category\">D\u00fcnya<\/a>","rttpg_excerpt":"T\u00fcrkiy\u0259nin Adana vilay\u0259tind\u0259 ke\u00e7irilmi\u015f x\u00fcsusi \u0259m\u0259liyyat n\u0259tic\u0259sind\u0259 ticar\u0259t m\u0259rk\u0259zind\u0259 b\u00f6y\u00fck terror akt\u0131n\u0131n qar\u015f\u0131s\u0131 al\u0131n\u0131b. ARANTV.AZ\u00a0\u00a0Trend-\u0259 istinad\u0259n x\u0259b\u0259r verir ki, k\u0259\u015ffiyyat xidm\u0259tinin ke\u00e7irdiyi \u0259m\u0259liyyat n\u0259tic\u0259sind\u0259 iki PKK terror\u00e7usu saxlan\u0131l\u0131b. Onlardan birinin Suriya v\u0259t\u0259nda\u015f\u0131 oldu\u011fu deyilir. Dig\u0259r saxlanan \u015f\u0259xs is\u0259 \u0130raq\u0131n \u015fimal\u0131nda PKK d\u00fc\u015f\u0259rg\u0259l\u0259rind\u0259 t\u0259lim ke\u00e7ib. \u018fm\u0259liyyat\u0131n dig\u0259r t\u0259f\u0259rr\u00fcatlar\u0131 bar\u0259d\u0259 m\u0259lumat verilm\u0259yib.","_links":{"self":[{"href":"https:\/\/arantv.az\/index.php?rest_route=\/wp\/v2\/posts\/96246"}],"collection":[{"href":"https:\/\/arantv.az\/index.php?rest_route=\/wp\/v2\/posts"}],"about":[{"href":"https:\/\/arantv.az\/index.php?rest_route=\/wp\/v2\/types\/post"}],"author":[{"embeddable":true,"href":"https:\/\/arantv.az\/index.php?rest_route=\/wp\/v2\/users\/2"}],"replies":[{"embeddable":true,"href":"https:\/\/arantv.az\/index.php?rest_route=%2Fwp%2Fv2%2Fcomments&post=96246"}],"version-history":[{"count":0,"href":"https:\/\/arantv.az\/index.php?rest_route=\/wp\/v2\/posts\/96246\/revisions"}],"wp:featuredmedia":[{"embeddable":true,"href":"https:\/\/arantv.az\/index.php?rest_route=\/wp\/v2\/media\/96247"}],"wp:attachment":[{"href":"https:\/\/arantv.az\/index.php?rest_route=%2Fwp%2Fv2%2Fmedia&parent=96246"}],"wp:term":[{"taxonomy":"category","embeddable":true,"href":"https:\/\/arantv.az\/index.php?rest_route=%2Fwp%2Fv2%2Fcategories&post=96246"},{"taxonomy":"post_tag","embeddable":true,"href":"https:\/\/arantv.az\/index.php?rest_route=%2Fwp%2Fv2%2Ftags&post=96246"}],"curies":[{"name":"wp","href":"https:\/\/api.w.org\/{rel}","templated":true}]}}