{"id":96250,"date":"2019-11-14T13:05:30","date_gmt":"2019-11-14T10:05:30","guid":{"rendered":"http:\/\/arantv.az\/?p=96250"},"modified":"2019-11-14T13:05:30","modified_gmt":"2019-11-14T10:05:30","slug":"komit%c9%99-s%c9%99dri-vergi-m%c9%99c%c9%99ll%c9%99sin%c9%99-162-d%c9%99yisikliyin-edilm%c9%99si-n%c9%99z%c9%99rd%c9%99-tutulur","status":"publish","type":"post","link":"https:\/\/arantv.az\/?p=96250","title":{"rendered":"Komit\u0259 s\u0259dri: &#8220;Vergi M\u0259c\u0259ll\u0259sin\u0259 162 d\u0259yi\u015fikliyin edilm\u0259si n\u0259z\u0259rd\u0259 tutulur&#8221;"},"content":{"rendered":"<blockquote><p><em><strong>Az\u0259rbaycan Prezidentinin apard\u0131\u011f\u0131 u\u011furlu siyas\u0259t n\u0259tic\u0259sind\u0259 iqtisadi inki\u015faf Vergi M\u0259c\u0259ll\u0259sin\u0259 d\u0259yi\u015fiklikl\u0259ri z\u0259ruri edir.<\/strong><\/em><\/p><\/blockquote>\n<p><strong>ARANTV.AZ\u00a0<\/strong><a href=\"https:\/\/az.trend.az\/\" target=\"_blank\" rel=\"noopener\">Trend<\/a>-\u0259 istinad\u0259n x\u0259b\u0259r verir ki, bunu Milli M\u0259clisin \u0130qtisadi siyas\u0259t, s\u0259naye v\u0259 sahibkarl\u0131q komit\u0259sinin s\u0259dri Ziyad S\u0259m\u0259dzad\u0259 parlamentin bu g\u00fcn ke\u00e7iril\u0259n plenar iclas\u0131nda deyib.<\/p>\n<p>Z.S\u0259m\u0259dzad\u0259 bildirib ki, Vergi M\u0259c\u0259ll\u0259sin\u0259 bu d\u0259f\u0259 edil\u0259n d\u0259yi\u015fiklikl\u0259r miqyas\u0131na g\u00f6r\u0259 Az\u0259rbaycan tarixind\u0259 \u0259n m\u00fch\u00fcm d\u0259yi\u015fiklikl\u0259rdir.<\/p>\n<p>Onun s\u00f6zl\u0259rin\u0259 g\u00f6r\u0259, M\u0259c\u0259ll\u0259y\u0259 162 d\u0259yi\u015fikliyin edilm\u0259si n\u0259z\u0259rd\u0259 tutulur:<\/p>\n<p>&#8220;D\u0259yi\u015fiklikl\u0259r Az\u0259rbaycan\u0131n iqtisadi inki\u015faf\u0131 \u00fc\u00e7\u00fcn fundamental m\u0259qs\u0259d da\u015f\u0131y\u0131r. Burada, h\u0259m\u00e7inin \u015f\u0259ffaf fiskal, r\u0259qab\u0259t m\u00fchitinin t\u0259min edilm\u0259si, \u0259mt\u0259\u0259siz \u0259m\u0259liyyatlar\u0131n, vergid\u0259n yay\u0131nmalar\u0131n qar\u015f\u0131s\u0131n\u0131n al\u0131nmas\u0131 v\u0259 dig\u0259r m\u0259s\u0259l\u0259l\u0259rl\u0259 ba\u011fl\u0131 kompleks t\u0259dbirl\u0259r n\u0259z\u0259rd\u0259 tutulur&#8221;.<\/p>\n<p>Z.S\u0259m\u0259dzad\u0259 vur\u011fulay\u0131b ki, h\u0259l\u0259 d\u0259 \u0259mt\u0259\u0259siz \u0259m\u0259liyyatlar h\u0259yata ke\u00e7irilir ki, bu da iqtisadiyyatda \u015f\u0259ffafl\u0131\u011f\u0131n t\u0259min edilm\u0259sin\u0259 mane\u0259 t\u00f6r\u0259dir: &#8220;D\u0259yi\u015fiklikl\u0259r b\u00fct\u00fcn bu hallar\u0131n aradan qald\u0131r\u0131lmas\u0131n\u0131 n\u0259z\u0259rd\u0259 tutur&#8221;.<\/p>\n<p>Komit\u0259 s\u0259drinin s\u00f6zl\u0259rin\u0259 g\u00f6r\u0259, d\u0259yi\u015fiklikl\u0259r haz\u0131rlanark\u0259n d\u00fcnya \u00f6lk\u0259l\u0259rinin qabaqc\u0131l t\u0259cr\u00fcb\u0259l\u0259rind\u0259n istifad\u0259 olunub: &#8220;Bu d\u0259yi\u015fiklikl\u0259r, eyni zamanda vergi sisteminin t\u0259kmill\u0259\u015fdirilm\u0259sin\u0259, vergi y\u00fck\u00fcn\u00fcn azald\u0131lmas\u0131na, sahibkarlar\u0131n uzun ill\u0259rdir qald\u0131rd\u0131qlar\u0131 m\u0259s\u0259l\u0259l\u0259rin h\u0259ll edilm\u0259sin\u0259 \u00f6z m\u00fcsb\u0259t t\u0259sirini g\u00f6st\u0259r\u0259c\u0259k&#8221;.<\/p>\n","protected":false},"excerpt":{"rendered":"<p>Az\u0259rbaycan Prezidentinin apard\u0131\u011f\u0131 u\u011furlu siyas\u0259t n\u0259tic\u0259sind\u0259 iqtisadi inki\u015faf Vergi M\u0259c\u0259ll\u0259sin\u0259 d\u0259yi\u015fiklikl\u0259ri z\u0259ruri edir. ARANTV.AZ\u00a0Trend-\u0259 istinad\u0259n x\u0259b\u0259r verir ki, bunu Milli M\u0259clisin \u0130qtisadi siyas\u0259t, s\u0259naye v\u0259 sahibkarl\u0131q komit\u0259sinin s\u0259dri Ziyad S\u0259m\u0259dzad\u0259 parlamentin bu g\u00fcn ke\u00e7iril\u0259n plenar iclas\u0131nda deyib. Z.S\u0259m\u0259dzad\u0259 bildirib ki, Vergi M\u0259c\u0259ll\u0259sin\u0259 bu d\u0259f\u0259 edil\u0259n d\u0259yi\u015fiklikl\u0259r miqyas\u0131na g\u00f6r\u0259 Az\u0259rbaycan tarixind\u0259 \u0259n m\u00fch\u00fcm d\u0259yi\u015fiklikl\u0259rdir. Onun s\u00f6zl\u0259rin\u0259 g\u00f6r\u0259, M\u0259c\u0259ll\u0259y\u0259 162 d\u0259yi\u015fikliyin edilm\u0259si n\u0259z\u0259rd\u0259 tutulur: &#8220;D\u0259yi\u015fiklikl\u0259r Az\u0259rbaycan\u0131n iqtisadi inki\u015faf\u0131 \u00fc\u00e7\u00fcn fundamental m\u0259qs\u0259d da\u015f\u0131y\u0131r. Burada, h\u0259m\u00e7inin \u015f\u0259ffaf fiskal, r\u0259qab\u0259t m\u00fchitinin t\u0259min edilm\u0259si, \u0259mt\u0259\u0259siz \u0259m\u0259liyyatlar\u0131n, vergid\u0259n yay\u0131nmalar\u0131n qar\u015f\u0131s\u0131n\u0131n al\u0131nmas\u0131 v\u0259 dig\u0259r m\u0259s\u0259l\u0259l\u0259rl\u0259 ba\u011fl\u0131 kompleks t\u0259dbirl\u0259r&hellip;<\/p>\n","protected":false},"author":2,"featured_media":96251,"comment_status":"closed","ping_status":"closed","sticky":false,"template":"","format":"standard","meta":{"om_disable_all_campaigns":false,"_monsterinsights_skip_tracking":false,"_monsterinsights_sitenote_active":false,"_monsterinsights_sitenote_note":"","_monsterinsights_sitenote_category":0},"categories":[1],"tags":[],"aioseo_notices":[],"gutentor_comment":0,"rttpg_featured_image_url":{"full":["https:\/\/arantv.az\/wp-content\/uploads\/2019\/11\/802173.jpg",800,600,false],"landscape":["https:\/\/arantv.az\/wp-content\/uploads\/2019\/11\/802173.jpg",800,600,false],"portraits":["https:\/\/arantv.az\/wp-content\/uploads\/2019\/11\/802173.jpg",800,600,false],"thumbnail":["https:\/\/arantv.az\/wp-content\/uploads\/2019\/11\/802173-150x150.jpg",150,150,true],"medium":["https:\/\/arantv.az\/wp-content\/uploads\/2019\/11\/802173-300x225.jpg",300,225,true],"large":["https:\/\/arantv.az\/wp-content\/uploads\/2019\/11\/802173.jpg",640,480,false],"1536x1536":["https:\/\/arantv.az\/wp-content\/uploads\/2019\/11\/802173.jpg",800,600,false],"2048x2048":["https:\/\/arantv.az\/wp-content\/uploads\/2019\/11\/802173.jpg",800,600,false],"post-thumbnail":["https:\/\/arantv.az\/wp-content\/uploads\/2019\/11\/802173-240x172.jpg",240,172,true],"advps-thumb-one":["https:\/\/arantv.az\/wp-content\/uploads\/2019\/11\/802173.jpg",800,600,false]},"rttpg_author":{"display_name":"V\u00fcsal Rafiqo\u011flu","author_link":"https:\/\/arantv.az\/?author=2"},"rttpg_comment":0,"rttpg_category":"<a href=\"https:\/\/arantv.az\/?cat=1\" rel=\"category\">C\u0259miyy\u0259t<\/a>","rttpg_excerpt":"Az\u0259rbaycan Prezidentinin apard\u0131\u011f\u0131 u\u011furlu siyas\u0259t n\u0259tic\u0259sind\u0259 iqtisadi inki\u015faf Vergi M\u0259c\u0259ll\u0259sin\u0259 d\u0259yi\u015fiklikl\u0259ri z\u0259ruri edir. ARANTV.AZ\u00a0Trend-\u0259 istinad\u0259n x\u0259b\u0259r verir ki, bunu Milli M\u0259clisin \u0130qtisadi siyas\u0259t, s\u0259naye v\u0259 sahibkarl\u0131q komit\u0259sinin s\u0259dri Ziyad S\u0259m\u0259dzad\u0259 parlamentin bu g\u00fcn ke\u00e7iril\u0259n plenar iclas\u0131nda deyib. Z.S\u0259m\u0259dzad\u0259 bildirib ki, Vergi M\u0259c\u0259ll\u0259sin\u0259 bu d\u0259f\u0259 edil\u0259n d\u0259yi\u015fiklikl\u0259r miqyas\u0131na g\u00f6r\u0259 Az\u0259rbaycan tarixind\u0259 \u0259n m\u00fch\u00fcm d\u0259yi\u015fiklikl\u0259rdir. Onun s\u00f6zl\u0259rin\u0259&hellip;","_links":{"self":[{"href":"https:\/\/arantv.az\/index.php?rest_route=\/wp\/v2\/posts\/96250"}],"collection":[{"href":"https:\/\/arantv.az\/index.php?rest_route=\/wp\/v2\/posts"}],"about":[{"href":"https:\/\/arantv.az\/index.php?rest_route=\/wp\/v2\/types\/post"}],"author":[{"embeddable":true,"href":"https:\/\/arantv.az\/index.php?rest_route=\/wp\/v2\/users\/2"}],"replies":[{"embeddable":true,"href":"https:\/\/arantv.az\/index.php?rest_route=%2Fwp%2Fv2%2Fcomments&post=96250"}],"version-history":[{"count":0,"href":"https:\/\/arantv.az\/index.php?rest_route=\/wp\/v2\/posts\/96250\/revisions"}],"wp:featuredmedia":[{"embeddable":true,"href":"https:\/\/arantv.az\/index.php?rest_route=\/wp\/v2\/media\/96251"}],"wp:attachment":[{"href":"https:\/\/arantv.az\/index.php?rest_route=%2Fwp%2Fv2%2Fmedia&parent=96250"}],"wp:term":[{"taxonomy":"category","embeddable":true,"href":"https:\/\/arantv.az\/index.php?rest_route=%2Fwp%2Fv2%2Fcategories&post=96250"},{"taxonomy":"post_tag","embeddable":true,"href":"https:\/\/arantv.az\/index.php?rest_route=%2Fwp%2Fv2%2Ftags&post=96250"}],"curies":[{"name":"wp","href":"https:\/\/api.w.org\/{rel}","templated":true}]}}