{"id":96254,"date":"2019-11-14T13:06:13","date_gmt":"2019-11-14T10:06:13","guid":{"rendered":"http:\/\/arantv.az\/?p=96254"},"modified":"2019-11-14T13:06:13","modified_gmt":"2019-11-14T10:06:13","slug":"deputatdan-t%c9%99klif-startuplara-vergi-guz%c9%99stl%c9%99ri-t%c9%99tbiq-edilsin","status":"publish","type":"post","link":"https:\/\/arantv.az\/?p=96254","title":{"rendered":"Deputatdan t\u0259klif: &#8220;Startup&#8221;lara vergi g\u00fcz\u0259\u015ftl\u0259ri t\u0259tbiq edilsin"},"content":{"rendered":"<blockquote><p><em><strong>Bu g\u00fcn Vergi M\u0259c\u0259ll\u0259sin\u0259 t\u0259klif edil\u0259n d\u0259yi\u015fiklikl\u0259rin iqtisadiyyat\u0131n daha s\u00fcr\u0259tl\u0259 inki\u015faf\u0131 v\u0259 sahibkarl\u0131\u011f\u0131n geni\u015fl\u0259nm\u0259sin\u0259 t\u00f6hf\u0259 ver\u0259c\u0259yin\u0259 \u015f\u00fcbh\u0259 yoxdur.<\/strong><\/em><\/p><\/blockquote>\n<p><strong>ARANTV.AZ<\/strong>\u00a0\u00a0<a href=\"https:\/\/az.trend.az\/\" target=\"_blank\" rel=\"noopener\">Trend<\/a>-\u0259 istinad\u0259n x\u0259b\u0259r verir ki, bunu deputat B\u0259xtiyar \u018fliyev Milli M\u0259clisd\u0259 Vergi M\u0259c\u0259ll\u0259sin\u0259 d\u0259yi\u015fiklikl\u0259rin m\u00fczakir\u0259si zaman\u0131 deyib.<\/p>\n<p>Deputat bildirib ki, Az\u0259rbaycanda q\u0131sa bir m\u00fcdd\u0259t \u0259rzind\u0259 vergil\u0259r sah\u0259sind\u0259 b\u00f6y\u00fck i\u015fl\u0259r g\u00f6r\u00fcl\u00fcb, sahibkarlar \u00fc\u00e7\u00fcn geni\u015f imkanlar yaran\u0131b:<\/p>\n<p>&#8220;Bu g\u00fcn Az\u0259rbaycanda vergi siyas\u0259ti \u00f6lk\u0259d\u0259 apar\u0131lan islahatlar konsepsiyas\u0131na uy\u011fun h\u0259yata ke\u00e7irilir. Bu bax\u0131mdan da t\u0259klif edil\u0259n d\u0259yi\u015fiklikl\u0259rin g\u00f6z\u0259l n\u0259tic\u0259l\u0259r verm\u0259si \u015f\u00fcbh\u0259 do\u011furmur.<\/p>\n<p>Burada m\u0259s\u0259l\u0259 qald\u0131r\u0131ld\u0131 ki, elm v\u0259 t\u0259hsil, s\u0259hiyy\u0259, eyni zamanda dig\u0259r sah\u0259l\u0259rl\u0259 ba\u011fl\u0131 \u00f6lk\u0259d\u0259 istehsal edilm\u0259y\u0259n, ancaq xaricd\u0259n g\u0259tiril\u0259n avadanl\u0131qlar var ki, bunlara b\u00f6y\u00fck vergil\u0259r qoyulmu\u015fdu. M\u00fcvafiq m\u0259s\u0259l\u0259h\u0259tl\u0259\u015fm\u0259l\u0259rd\u0259n sonra qanunvericilikd\u0259 d\u0259yi\u015fiklik edildi v\u0259 bu c\u00fcr avadanl\u0131qlar\u0131n \u00f6lk\u0259y\u0259 g\u0259tirilm\u0259sin\u0259 g\u00fcz\u0259\u015ftli m\u00fcdd\u0259tl\u0259r m\u00fc\u0259yy\u0259n edildi. Bu g\u00fcz\u0259\u015ftl\u0259r 7 il m\u00fc\u0259yy\u0259n edilmi\u015fdi, indi is\u0259 10 il t\u0259klif edilir. Bu, olduqca vacib olan bir m\u0259s\u0259l\u0259dir.<\/p>\n<p>Dig\u0259r bir m\u0259s\u0259l\u0259 odur ki, Az\u0259rbaycanda &#8220;startup&#8221;lar h\u0259yata ke\u00e7irilir. Bu &#8220;startup&#8221;lar iqtisadiyyat\u0131n, o c\u00fcml\u0259d\u0259n sahibkarl\u0131\u011f\u0131n inki\u015faf\u0131na \u00e7ox b\u00f6y\u00fck t\u00f6hf\u0259dir v\u0259 bunu t\u0259\u015fviq etm\u0259k laz\u0131md\u0131r. Bu bax\u0131mdan hesab edir\u0259m ki, n\u0259z\u0259rd\u0259 tutulan g\u00fcz\u0259\u015ftl\u0259r o sah\u0259l\u0259r\u0259 d\u0259 t\u0259tbiq edilsin&#8221;.<\/p>\n<p>Deputat \u0259lav\u0259 edib ki, ulu \u00f6nd\u0259r Heyd\u0259r \u018fliyev vaxtil\u0259 y\u00fcks\u0259k texnologiya bilikl\u0259ri t\u0259l\u0259b ed\u0259n sah\u0259l\u0259ri, kondisioner v\u0259 dig\u0259r zavodlar\u0131n tikintisini Az\u0259rbaycana g\u0259tirm\u0259s\u0259ydi, o sah\u0259l\u0259rd\u0259 aliml\u0259r yeti\u015fm\u0259s\u0259ydi, konstruktor-t\u0259cr\u00fcb\u0259 laboratoriyalar\u0131 yarad\u0131lmasayd\u0131, bu g\u00fcn Az\u0259rbaycan\u0131n m\u00fcdafi\u0259 qabiliyy\u0259tini \u00f6z hesab\u0131na t\u0259min ed\u0259 bil\u0259c\u0259k i\u015fl\u0259rin g\u00f6r\u00fclm\u0259si m\u00fcmk\u00fcn olmazd\u0131.<\/p>\n","protected":false},"excerpt":{"rendered":"<p>Bu g\u00fcn Vergi M\u0259c\u0259ll\u0259sin\u0259 t\u0259klif edil\u0259n d\u0259yi\u015fiklikl\u0259rin iqtisadiyyat\u0131n daha s\u00fcr\u0259tl\u0259 inki\u015faf\u0131 v\u0259 sahibkarl\u0131\u011f\u0131n geni\u015fl\u0259nm\u0259sin\u0259 t\u00f6hf\u0259 ver\u0259c\u0259yin\u0259 \u015f\u00fcbh\u0259 yoxdur. ARANTV.AZ\u00a0\u00a0Trend-\u0259 istinad\u0259n x\u0259b\u0259r verir ki, bunu deputat B\u0259xtiyar \u018fliyev Milli M\u0259clisd\u0259 Vergi M\u0259c\u0259ll\u0259sin\u0259 d\u0259yi\u015fiklikl\u0259rin m\u00fczakir\u0259si zaman\u0131 deyib. Deputat bildirib ki, Az\u0259rbaycanda q\u0131sa bir m\u00fcdd\u0259t \u0259rzind\u0259 vergil\u0259r sah\u0259sind\u0259 b\u00f6y\u00fck i\u015fl\u0259r g\u00f6r\u00fcl\u00fcb, sahibkarlar \u00fc\u00e7\u00fcn geni\u015f imkanlar yaran\u0131b: &#8220;Bu g\u00fcn Az\u0259rbaycanda vergi siyas\u0259ti \u00f6lk\u0259d\u0259 apar\u0131lan islahatlar konsepsiyas\u0131na uy\u011fun h\u0259yata ke\u00e7irilir. Bu bax\u0131mdan da t\u0259klif edil\u0259n d\u0259yi\u015fiklikl\u0259rin g\u00f6z\u0259l n\u0259tic\u0259l\u0259r verm\u0259si \u015f\u00fcbh\u0259 do\u011furmur. Burada m\u0259s\u0259l\u0259 qald\u0131r\u0131ld\u0131 ki, elm v\u0259 t\u0259hsil, s\u0259hiyy\u0259, eyni zamanda dig\u0259r sah\u0259l\u0259rl\u0259 ba\u011fl\u0131 \u00f6lk\u0259d\u0259&hellip;<\/p>\n","protected":false},"author":2,"featured_media":96255,"comment_status":"closed","ping_status":"closed","sticky":false,"template":"","format":"standard","meta":{"om_disable_all_campaigns":false,"_monsterinsights_skip_tracking":false,"_monsterinsights_sitenote_active":false,"_monsterinsights_sitenote_note":"","_monsterinsights_sitenote_category":0},"categories":[1],"tags":[],"aioseo_notices":[],"gutentor_comment":0,"rttpg_featured_image_url":{"full":["https:\/\/arantv.az\/wp-content\/uploads\/2019\/11\/802191.jpg",800,600,false],"landscape":["https:\/\/arantv.az\/wp-content\/uploads\/2019\/11\/802191.jpg",800,600,false],"portraits":["https:\/\/arantv.az\/wp-content\/uploads\/2019\/11\/802191.jpg",800,600,false],"thumbnail":["https:\/\/arantv.az\/wp-content\/uploads\/2019\/11\/802191-150x150.jpg",150,150,true],"medium":["https:\/\/arantv.az\/wp-content\/uploads\/2019\/11\/802191-300x225.jpg",300,225,true],"large":["https:\/\/arantv.az\/wp-content\/uploads\/2019\/11\/802191.jpg",640,480,false],"1536x1536":["https:\/\/arantv.az\/wp-content\/uploads\/2019\/11\/802191.jpg",800,600,false],"2048x2048":["https:\/\/arantv.az\/wp-content\/uploads\/2019\/11\/802191.jpg",800,600,false],"post-thumbnail":["https:\/\/arantv.az\/wp-content\/uploads\/2019\/11\/802191-240x172.jpg",240,172,true],"advps-thumb-one":["https:\/\/arantv.az\/wp-content\/uploads\/2019\/11\/802191.jpg",800,600,false]},"rttpg_author":{"display_name":"V\u00fcsal Rafiqo\u011flu","author_link":"https:\/\/arantv.az\/?author=2"},"rttpg_comment":0,"rttpg_category":"<a href=\"https:\/\/arantv.az\/?cat=1\" rel=\"category\">C\u0259miyy\u0259t<\/a>","rttpg_excerpt":"Bu g\u00fcn Vergi M\u0259c\u0259ll\u0259sin\u0259 t\u0259klif edil\u0259n d\u0259yi\u015fiklikl\u0259rin iqtisadiyyat\u0131n daha s\u00fcr\u0259tl\u0259 inki\u015faf\u0131 v\u0259 sahibkarl\u0131\u011f\u0131n geni\u015fl\u0259nm\u0259sin\u0259 t\u00f6hf\u0259 ver\u0259c\u0259yin\u0259 \u015f\u00fcbh\u0259 yoxdur. ARANTV.AZ\u00a0\u00a0Trend-\u0259 istinad\u0259n x\u0259b\u0259r verir ki, bunu deputat B\u0259xtiyar \u018fliyev Milli M\u0259clisd\u0259 Vergi M\u0259c\u0259ll\u0259sin\u0259 d\u0259yi\u015fiklikl\u0259rin m\u00fczakir\u0259si zaman\u0131 deyib. Deputat bildirib ki, Az\u0259rbaycanda q\u0131sa bir m\u00fcdd\u0259t \u0259rzind\u0259 vergil\u0259r sah\u0259sind\u0259 b\u00f6y\u00fck i\u015fl\u0259r g\u00f6r\u00fcl\u00fcb, sahibkarlar \u00fc\u00e7\u00fcn geni\u015f imkanlar yaran\u0131b: &#8220;Bu g\u00fcn&hellip;","_links":{"self":[{"href":"https:\/\/arantv.az\/index.php?rest_route=\/wp\/v2\/posts\/96254"}],"collection":[{"href":"https:\/\/arantv.az\/index.php?rest_route=\/wp\/v2\/posts"}],"about":[{"href":"https:\/\/arantv.az\/index.php?rest_route=\/wp\/v2\/types\/post"}],"author":[{"embeddable":true,"href":"https:\/\/arantv.az\/index.php?rest_route=\/wp\/v2\/users\/2"}],"replies":[{"embeddable":true,"href":"https:\/\/arantv.az\/index.php?rest_route=%2Fwp%2Fv2%2Fcomments&post=96254"}],"version-history":[{"count":0,"href":"https:\/\/arantv.az\/index.php?rest_route=\/wp\/v2\/posts\/96254\/revisions"}],"wp:featuredmedia":[{"embeddable":true,"href":"https:\/\/arantv.az\/index.php?rest_route=\/wp\/v2\/media\/96255"}],"wp:attachment":[{"href":"https:\/\/arantv.az\/index.php?rest_route=%2Fwp%2Fv2%2Fmedia&parent=96254"}],"wp:term":[{"taxonomy":"category","embeddable":true,"href":"https:\/\/arantv.az\/index.php?rest_route=%2Fwp%2Fv2%2Fcategories&post=96254"},{"taxonomy":"post_tag","embeddable":true,"href":"https:\/\/arantv.az\/index.php?rest_route=%2Fwp%2Fv2%2Ftags&post=96254"}],"curies":[{"name":"wp","href":"https:\/\/api.w.org\/{rel}","templated":true}]}}