{"id":96291,"date":"2019-11-14T13:33:05","date_gmt":"2019-11-14T10:33:05","guid":{"rendered":"http:\/\/arantv.az\/?p=96291"},"modified":"2019-11-14T13:33:05","modified_gmt":"2019-11-14T10:33:05","slug":"patriarx-kirill-allahsukur-pasazad%c9%99y%c9%99-orden-t%c9%99qdim-etdi","status":"publish","type":"post","link":"https:\/\/arantv.az\/?p=96291","title":{"rendered":"Patriarx Kirill Allah\u015f\u00fck\u00fcr Pa\u015fazad\u0259y\u0259 orden t\u0259qdim etdi"},"content":{"rendered":"<p>Patriarx Kirill Rus Pravoslav Kils\u0259sinin birinci d\u0259r\u0259c\u0259li \u201cM\u00fcq\u0259dd\u0259s Sera\ufb01m Sarovski\u201d ordenini Qafqaz M\u00fcs\u0259lmanlar\u0131 \u0130dar\u0259sinin s\u0259dri \u015eeyx\u00fclislam Allah\u015f\u00fck\u00fcr Pa\u015fazad\u0259y\u0259 t\u0259qdim edib.<\/p>\n<p><strong>ARANTV.AZ<\/strong> x\u0259b\u0259r verir ki, ordenin t\u0259qdimat\u0131 Bak\u0131da ke\u00e7iril\u0259n Bak\u0131da D\u00fcnya dini liderl\u0259rinin II Sammitind\u0259 ba\u015f tutub.<\/p>\n<div id=\"AdviadNativeVideo0\" class=\"AdviadNativeVideo\"><\/div>\n<p>Sammit \u00e7\u0259r\u00e7iv\u0259sind\u0259 \u015eeyx\u00fclislam Allah\u015f\u00fck\u00fcr Pa\u015fazad\u0259 v\u0259 Moskvan\u0131n v\u0259 b\u00fct\u00fcn Rusiyan\u0131n Patriarx\u0131 Kirill \u00e7\u0131x\u0131\u015f edib.<\/p>\n<p>Qeyd ed\u0259k ki, \u015eeyx\u00fclislam Allah\u015f\u00fck\u00fcr Pa\u015fazad\u0259nin anadan olmas\u0131n\u0131n 70 illiyi il\u0259 ba\u011fl\u0131 yubiley t\u0259dbirl\u0259ri \u00e7\u0259r\u00e7iv\u0259sind\u0259 ke\u00e7iril\u0259n Sammitd\u0259 d\u00fcnyan\u0131n 5 qit\u0259sind\u0259n 70-d\u0259n \u00e7ox d\u00f6vl\u0259tin, 25 \u0259n\u0259n\u0259vi din v\u0259 dini t\u0259riq\u0259tin lider v\u0259 t\u0259msil\u00e7il\u0259ri, h\u0259m\u00e7inin 10-d\u0259k n\u00fcfuzlu beyn\u0259lxalq t\u0259\u015fkilat\u0131n 500-\u0259 yax\u0131n y\u00fcks\u0259k s\u0259viyy\u0259li n\u00fcmay\u0259nd\u0259si, o c\u00fcml\u0259d\u0259n Rusiya Federasiyas\u0131 subyektl\u0259rinin ba\u015f\u00e7\u0131lar\u0131 v\u0259 dini r\u0259hb\u0259rl\u0259ri i\u015ftirak edirl\u0259r.<\/p>\n<p>Xat\u0131rladaq ki, Prezident \u0130lham \u018fliyev bu il aprelin 11-d\u0259 D\u00fcnya dini liderl\u0259rinin II Bak\u0131 Sammitinin ke\u00e7irilm\u0259si il\u0259 \u0259laq\u0259dar T\u0259\u015fkilat Komit\u0259sinin yarad\u0131lmas\u0131 haqq\u0131nda S\u0259r\u0259ncam imzalay\u0131b.AZ\u018fRTAC<\/p>\n","protected":false},"excerpt":{"rendered":"<p>Patriarx Kirill Rus Pravoslav Kils\u0259sinin birinci d\u0259r\u0259c\u0259li \u201cM\u00fcq\u0259dd\u0259s Sera\ufb01m Sarovski\u201d ordenini Qafqaz M\u00fcs\u0259lmanlar\u0131 \u0130dar\u0259sinin s\u0259dri \u015eeyx\u00fclislam Allah\u015f\u00fck\u00fcr Pa\u015fazad\u0259y\u0259 t\u0259qdim edib. ARANTV.AZ x\u0259b\u0259r verir ki, ordenin t\u0259qdimat\u0131 Bak\u0131da ke\u00e7iril\u0259n Bak\u0131da D\u00fcnya dini liderl\u0259rinin II Sammitind\u0259 ba\u015f tutub. Sammit \u00e7\u0259r\u00e7iv\u0259sind\u0259 \u015eeyx\u00fclislam Allah\u015f\u00fck\u00fcr Pa\u015fazad\u0259 v\u0259 Moskvan\u0131n v\u0259 b\u00fct\u00fcn Rusiyan\u0131n Patriarx\u0131 Kirill \u00e7\u0131x\u0131\u015f edib. Qeyd ed\u0259k ki, \u015eeyx\u00fclislam Allah\u015f\u00fck\u00fcr Pa\u015fazad\u0259nin anadan olmas\u0131n\u0131n 70 illiyi il\u0259 ba\u011fl\u0131 yubiley t\u0259dbirl\u0259ri \u00e7\u0259r\u00e7iv\u0259sind\u0259 ke\u00e7iril\u0259n Sammitd\u0259 d\u00fcnyan\u0131n 5 qit\u0259sind\u0259n 70-d\u0259n \u00e7ox d\u00f6vl\u0259tin, 25 \u0259n\u0259n\u0259vi din v\u0259 dini t\u0259riq\u0259tin lider v\u0259 t\u0259msil\u00e7il\u0259ri, h\u0259m\u00e7inin 10-d\u0259k n\u00fcfuzlu beyn\u0259lxalq t\u0259\u015fkilat\u0131n 500-\u0259 yax\u0131n y\u00fcks\u0259k&hellip;<\/p>\n","protected":false},"author":2,"featured_media":96292,"comment_status":"closed","ping_status":"closed","sticky":false,"template":"","format":"standard","meta":{"om_disable_all_campaigns":false,"_monsterinsights_skip_tracking":false,"_monsterinsights_sitenote_active":false,"_monsterinsights_sitenote_note":"","_monsterinsights_sitenote_category":0},"categories":[4],"tags":[],"aioseo_notices":[],"gutentor_comment":0,"rttpg_featured_image_url":{"full":["https:\/\/arantv.az\/wp-content\/uploads\/2019\/11\/WhatsApp-Image-2016-11-25-at-17.53.38-1.jpg",620,410,false],"landscape":["https:\/\/arantv.az\/wp-content\/uploads\/2019\/11\/WhatsApp-Image-2016-11-25-at-17.53.38-1.jpg",620,410,false],"portraits":["https:\/\/arantv.az\/wp-content\/uploads\/2019\/11\/WhatsApp-Image-2016-11-25-at-17.53.38-1.jpg",620,410,false],"thumbnail":["https:\/\/arantv.az\/wp-content\/uploads\/2019\/11\/WhatsApp-Image-2016-11-25-at-17.53.38-1-150x150.jpg",150,150,true],"medium":["https:\/\/arantv.az\/wp-content\/uploads\/2019\/11\/WhatsApp-Image-2016-11-25-at-17.53.38-1-300x198.jpg",300,198,true],"large":["https:\/\/arantv.az\/wp-content\/uploads\/2019\/11\/WhatsApp-Image-2016-11-25-at-17.53.38-1.jpg",620,410,false],"1536x1536":["https:\/\/arantv.az\/wp-content\/uploads\/2019\/11\/WhatsApp-Image-2016-11-25-at-17.53.38-1.jpg",620,410,false],"2048x2048":["https:\/\/arantv.az\/wp-content\/uploads\/2019\/11\/WhatsApp-Image-2016-11-25-at-17.53.38-1.jpg",620,410,false],"post-thumbnail":["https:\/\/arantv.az\/wp-content\/uploads\/2019\/11\/WhatsApp-Image-2016-11-25-at-17.53.38-1-240x172.jpg",240,172,true],"advps-thumb-one":["https:\/\/arantv.az\/wp-content\/uploads\/2019\/11\/WhatsApp-Image-2016-11-25-at-17.53.38-1.jpg",620,410,false]},"rttpg_author":{"display_name":"V\u00fcsal Rafiqo\u011flu","author_link":"https:\/\/arantv.az\/?author=2"},"rttpg_comment":0,"rttpg_category":"<a href=\"https:\/\/arantv.az\/?cat=4\" rel=\"category\">Siyas\u0259t<\/a>","rttpg_excerpt":"Patriarx Kirill Rus Pravoslav Kils\u0259sinin birinci d\u0259r\u0259c\u0259li \u201cM\u00fcq\u0259dd\u0259s Sera\ufb01m Sarovski\u201d ordenini Qafqaz M\u00fcs\u0259lmanlar\u0131 \u0130dar\u0259sinin s\u0259dri \u015eeyx\u00fclislam Allah\u015f\u00fck\u00fcr Pa\u015fazad\u0259y\u0259 t\u0259qdim edib. ARANTV.AZ x\u0259b\u0259r verir ki, ordenin t\u0259qdimat\u0131 Bak\u0131da ke\u00e7iril\u0259n Bak\u0131da D\u00fcnya dini liderl\u0259rinin II Sammitind\u0259 ba\u015f tutub. Sammit \u00e7\u0259r\u00e7iv\u0259sind\u0259 \u015eeyx\u00fclislam Allah\u015f\u00fck\u00fcr Pa\u015fazad\u0259 v\u0259 Moskvan\u0131n v\u0259 b\u00fct\u00fcn Rusiyan\u0131n Patriarx\u0131 Kirill \u00e7\u0131x\u0131\u015f edib. Qeyd ed\u0259k ki, \u015eeyx\u00fclislam Allah\u015f\u00fck\u00fcr&hellip;","_links":{"self":[{"href":"https:\/\/arantv.az\/index.php?rest_route=\/wp\/v2\/posts\/96291"}],"collection":[{"href":"https:\/\/arantv.az\/index.php?rest_route=\/wp\/v2\/posts"}],"about":[{"href":"https:\/\/arantv.az\/index.php?rest_route=\/wp\/v2\/types\/post"}],"author":[{"embeddable":true,"href":"https:\/\/arantv.az\/index.php?rest_route=\/wp\/v2\/users\/2"}],"replies":[{"embeddable":true,"href":"https:\/\/arantv.az\/index.php?rest_route=%2Fwp%2Fv2%2Fcomments&post=96291"}],"version-history":[{"count":0,"href":"https:\/\/arantv.az\/index.php?rest_route=\/wp\/v2\/posts\/96291\/revisions"}],"wp:featuredmedia":[{"embeddable":true,"href":"https:\/\/arantv.az\/index.php?rest_route=\/wp\/v2\/media\/96292"}],"wp:attachment":[{"href":"https:\/\/arantv.az\/index.php?rest_route=%2Fwp%2Fv2%2Fmedia&parent=96291"}],"wp:term":[{"taxonomy":"category","embeddable":true,"href":"https:\/\/arantv.az\/index.php?rest_route=%2Fwp%2Fv2%2Fcategories&post=96291"},{"taxonomy":"post_tag","embeddable":true,"href":"https:\/\/arantv.az\/index.php?rest_route=%2Fwp%2Fv2%2Ftags&post=96291"}],"curies":[{"name":"wp","href":"https:\/\/api.w.org\/{rel}","templated":true}]}}