{"id":96323,"date":"2019-11-14T14:12:17","date_gmt":"2019-11-14T11:12:17","guid":{"rendered":"http:\/\/arantv.az\/?p=96323"},"modified":"2019-11-14T14:12:17","modified_gmt":"2019-11-14T11:12:17","slug":"s%c9%99hid-ail%c9%99l%c9%99ri-v%c9%99-qarabag-%c9%99lill%c9%99rin%c9%99-m%c9%99nzill%c9%99r-verildi-foto","status":"publish","type":"post","link":"https:\/\/arantv.az\/?p=96323","title":{"rendered":"\u015e\u0259hid ail\u0259l\u0259ri v\u0259 Qaraba\u011f \u0259lill\u0259rin\u0259 m\u0259nzill\u0259r verildi &#8211; FOTO"},"content":{"rendered":"<p>\u018fm\u0259k v\u0259 \u018fhalinin Sosial M\u00fcdafi\u0259si Nazirliyi t\u0259r\u0259find\u0259n bu g\u00fcn L\u0259nk\u0259ran rayonunda v\u0259 Ab\u015feron rayonunun Mehdiabad q\u0259s\u0259b\u0259sind\u0259 yeni ya\u015fay\u0131\u015f binalar\u0131ndan al\u0131nm\u0131\u015f m\u0259nzill\u0259r bir qrup \u015f\u0259hid ail\u0259si v\u0259 m\u00fcharib\u0259 \u0259lilin\u0259 t\u0259qdim edilib.<\/p>\n<p>Nazirlikd\u0259n veril\u0259n m\u0259lumata g\u00f6r\u0259, m\u0259nzill\u0259rin s\u0259n\u0259dl\u0259rinin t\u0259qdim olunmas\u0131 zaman\u0131 vur\u011fulan\u0131b ki, Az\u0259rbaycan Respublikas\u0131n\u0131n Prezidenti c\u0259nab \u0130lham \u018fliyevin tap\u015f\u0131r\u0131\u011f\u0131na uy\u011fun olaraq\u00a0 \u015f\u0259hid ail\u0259l\u0259ri v\u0259 \u00f6lk\u0259mizin \u0259razi b\u00fct\u00f6vl\u00fcy\u00fcn\u00fcn, m\u00fcst\u0259qilliyinin v\u0259 konstitusiya qurulu\u015funun m\u00fcdafi\u0259si il\u0259 \u0259laq\u0259dar \u0259lilliyi olan \u015f\u0259xsl\u0259rin m\u0259nzill\u0259 t\u0259minat\u0131 proqram\u0131 ild\u0259n-il\u0259 geni\u015f miqyas al\u0131r.<\/p>\n<p>2018-ci ild\u0259 n\u0259z\u0259rd\u0259 tutuld\u011fundan 3 d\u0259f\u0259d\u0259n \u00e7ox, y\u0259ni 626 m\u0259nzil h\u0259min insanlara t\u0259qdim olunub. 2019-cu ild\u0259 is\u0259 bu kateqoriyalardan olan v\u0259t\u0259nda\u015flara 934 m\u0259nzil v\u0259 f\u0259rdi ev verilm\u0259si n\u0259z\u0259rd\u0259 tutulub, onlardan art\u0131q 253 m\u0259nzil verilib. Bununla da indiy\u0259d\u0259k nazirlik t\u0259r\u0259find\u0259n \u015f\u0259hid ail\u0259l\u0259rin\u0259 v\u0259 m\u00fcharib\u0259 \u0259lill\u0259rin\u0259 6907 m\u0259nzil m\u0259nzil t\u0259qdim edilib.<\/p>\n<p>Yeni m\u0259nzil alan \u015f\u0259hid ail\u0259l\u0259ri v\u0259 Qaraba\u011f m\u00fcharib\u0259si \u0259lill\u0259ri, onlar\u0131n ail\u0259 \u00fczvl\u0259ri \u0259halinin h\u0259ssas qruplar\u0131n\u0131n sosial m\u00fcdafi\u0259sinin g\u00fccl\u0259ndirilm\u0259si\u00a0 t\u0259dbirl\u0259rind\u0259n raz\u0131l\u0131qla b\u0259hs edibl\u0259r.<\/p>\n<p>Onlar \u015f\u0259hid ail\u0259l\u0259rin\u0259, Qaraba\u011f m\u00fcharib\u0259si \u0259lill\u0259rin\u0259 y\u00fcks\u0259k qay\u011f\u0131 g\u00f6st\u0259rildiyin\u0259, yeni m\u0259nzill\u0259rl\u0259 t\u0259min olunduqlar\u0131na g\u00f6r\u0259 Az\u0259rbaycan Respublikas\u0131n\u0131n Prezidenti c\u0259nab \u0130lham \u018fliyev\u0259 d\u0259rin minn\u0259tdarl\u0131qlar\u0131n\u0131 bildiribl\u0259r.<\/p>\n<div class=\"gallery\">\n<div class=\"gallery-i\"><img src=\"https:\/\/assets.oxu.az\/uploads\/W1siZiIsIjIwMTkvMTEvMTQvMTUvMDEvMzcvN2MzZjJhYTEtMjk2OS00YzBhLTg0NGEtODhmZWZkODdjYzA0L2ltYWdlXzc1MHhfNWRjY2ZmMjYzODU3MC5qcGciXSxbInAiLCJlbmNvZGUiLCJqcGciLCItcXVhbGl0eSA4MCJdLFsicCIsInRodW1iIiwiNTkweDU5MFx1MDAzZSJdXQ?sha=7a7ad1fcf8c2d4fe\" \/><\/p>\n<div class=\"gallery-i-caption\"><\/div>\n<\/div>\n<div class=\"gallery-i\"><img src=\"https:\/\/assets.oxu.az\/uploads\/W1siZiIsIjIwMTkvMTEvMTQvMTUvMDEvMzcvMGJiYzZhMzUtNzE2Zi00M2U5LWJhMzItNjdiZTM3NTU3M2U4L2ltYWdlXzc1MHhfNWRjY2ZmMjI2NDBkMy5qcGciXSxbInAiLCJlbmNvZGUiLCJqcGciLCItcXVhbGl0eSA4MCJdLFsicCIsInRodW1iIiwiNTkweDU5MFx1MDAzZSJdXQ?sha=1dee13aa1a3f922d\" \/><\/p>\n<div class=\"gallery-i-caption\"><\/div>\n<\/div>\n<div class=\"gallery-i\"><img src=\"https:\/\/assets.oxu.az\/uploads\/W1siZiIsIjIwMTkvMTEvMTQvMTUvMDEvMzcvNDFhNjRiM2QtMjE3NC00NDAwLTgwMTUtNTUxZGYwZmQ2ZWM3L2ltYWdlXzc1MHhfNWRjY2ZmNDQ4NWJmZS5qcGciXSxbInAiLCJlbmNvZGUiLCJqcGciLCItcXVhbGl0eSA4MCJdLFsicCIsInRodW1iIiwiNTkweDU5MFx1MDAzZSJdXQ?sha=b1f4f8d628061850\" \/><\/p>\n<div class=\"gallery-i-caption\"><\/div>\n<\/div>\n<div class=\"gallery-i\"><img src=\"https:\/\/assets.oxu.az\/uploads\/W1siZiIsIjIwMTkvMTEvMTQvMTUvMDEvMzcvMDAyMjRlMGItOWJmYi00OGZhLTlhYzctOWE4MWUzMmM3NjNmL2ltYWdlXzc1MHhfNWRjY2ZmNDI1YjQyZi5qcGciXSxbInAiLCJlbmNvZGUiLCJqcGciLCItcXVhbGl0eSA4MCJdLFsicCIsInRodW1iIiwiNTkweDU5MFx1MDAzZSJdXQ?sha=e1b8d0bbdbc73b92\" \/><\/p>\n<div class=\"gallery-i-caption\"><\/div>\n<\/div>\n<div class=\"gallery-i\"><img src=\"https:\/\/assets.oxu.az\/uploads\/W1siZiIsIjIwMTkvMTEvMTQvMTUvMDEvMzcvZTQ1ZjJmOTMtZjRlMy00ODlhLTg2NjItY2UyM2ZiODE5YTg1L2ltYWdlXzc1MHhfNWRjY2ZmNDA1MDRiZC5qcGciXSxbInAiLCJlbmNvZGUiLCJqcGciLCItcXVhbGl0eSA4MCJdLFsicCIsInRodW1iIiwiNTkweDU5MFx1MDAzZSJdXQ?sha=e543c36f5cfc63f1\" \/><\/p>\n<div class=\"gallery-i-caption\"><\/div>\n<\/div>\n<div class=\"gallery-i\"><img src=\"https:\/\/assets.oxu.az\/uploads\/W1siZiIsIjIwMTkvMTEvMTQvMTUvMDEvMzcvNjczMDRhMjUtYTFiYy00Nzg4LWIwYjAtYjE4OTdkNGU2ZTI2L2ltYWdlXzc1MHhfNWRjY2ZmM2FlMTQ5YS5qcGciXSxbInAiLCJlbmNvZGUiLCJqcGciLCItcXVhbGl0eSA4MCJdLFsicCIsInRodW1iIiwiNTkweDU5MFx1MDAzZSJdXQ?sha=f2e79abdbb87767e\" \/><\/p>\n<div class=\"gallery-i-caption\"><\/div>\n<\/div>\n<div class=\"gallery-i\"><img src=\"https:\/\/assets.oxu.az\/uploads\/W1siZiIsIjIwMTkvMTEvMTQvMTUvMDEvMzcvMDM2MzEyZWYtNDQyYy00ZTY0LTk1NDEtNGZmZGU2ZDFkODgyL2ltYWdlXzc1MHhfNWRjY2ZmMzU2MjkzZi5qcGciXSxbInAiLCJlbmNvZGUiLCJqcGciLCItcXVhbGl0eSA4MCJdLFsicCIsInRodW1iIiwiNTkweDU5MFx1MDAzZSJdXQ?sha=2fd41a5660d1f2d1\" \/><\/p>\n<div class=\"gallery-i-caption\"><\/div>\n<\/div>\n<div class=\"gallery-i\"><img src=\"https:\/\/assets.oxu.az\/uploads\/W1siZiIsIjIwMTkvMTEvMTQvMTUvMDEvMzcvODczODUyMGUtM2VjMi00YmZhLWJiMGUtZjJkNmQ3ZTM4Mjk5L2ltYWdlXzc1MHhfNWRjY2ZmMzM5NDYxYy5qcGciXSxbInAiLCJlbmNvZGUiLCJqcGciLCItcXVhbGl0eSA4MCJdLFsicCIsInRodW1iIiwiNTkweDU5MFx1MDAzZSJdXQ?sha=4cb25bf4f5d3937a\" \/><\/p>\n<div class=\"gallery-i-caption\"><\/div>\n<\/div>\n<div class=\"gallery-i\"><img src=\"https:\/\/assets.oxu.az\/uploads\/W1siZiIsIjIwMTkvMTEvMTQvMTUvMDEvMzgvMDkzYjMxZGYtNGFiMC00ZDhlLWEzY2UtNjhiYjY4MWQzOTNiL2ltYWdlXzc1MHhfNWRjY2ZmMzE4ZjQ0OS5qcGciXSxbInAiLCJlbmNvZGUiLCJqcGciLCItcXVhbGl0eSA4MCJdLFsicCIsInRodW1iIiwiNTkweDU5MFx1MDAzZSJdXQ?sha=0d3b47712dc0a983\" \/><\/p>\n<div class=\"gallery-i-caption\"><\/div>\n<\/div>\n<div class=\"gallery-i\"><img src=\"https:\/\/assets.oxu.az\/uploads\/W1siZiIsIjIwMTkvMTEvMTQvMTUvMDEvMzgvNWZlZDA0NDgtZDQxZS00OGMzLTk1MGItOWM5NjZlNjhjMzBiL2ltYWdlXzc1MHhfNWRjY2ZmMmQ5MTc2NS5qcGciXSxbInAiLCJlbmNvZGUiLCJqcGciLCItcXVhbGl0eSA4MCJdLFsicCIsInRodW1iIiwiNTkweDU5MFx1MDAzZSJdXQ?sha=ee2c228d65038be7\" \/><\/p>\n<div class=\"gallery-i-caption\"><\/div>\n<\/div>\n<div class=\"gallery-i\"><img src=\"https:\/\/assets.oxu.az\/uploads\/W1siZiIsIjIwMTkvMTEvMTQvMTUvMDEvMzgvNWVlYTM1NjMtY2VjYy00NzZiLWIwMWEtMTRhYmU1YWJmYjI3L2ltYWdlXzc1MHhfNWRjY2ZmMmJiYTNhNS5qcGciXSxbInAiLCJlbmNvZGUiLCJqcGciLCItcXVhbGl0eSA4MCJdLFsicCIsInRodW1iIiwiNTkweDU5MFx1MDAzZSJdXQ?sha=1bb8431dc706fd3f\" \/><\/p>\n<div class=\"gallery-i-caption\"><\/div>\n<\/div>\n<div class=\"gallery-i\"><img src=\"https:\/\/assets.oxu.az\/uploads\/W1siZiIsIjIwMTkvMTEvMTQvMTUvMDEvMzgvNmZiMTZiZjgtNmNiNC00ODNjLTkwODYtNTUzMjkyNTllNzU5L2ltYWdlXzc1MHhfNWRjY2ZmMjllNGI0ZC5qcGciXSxbInAiLCJlbmNvZGUiLCJqcGciLCItcXVhbGl0eSA4MCJdLFsicCIsInRodW1iIiwiNTkweDU5MFx1MDAzZSJdXQ?sha=f35c9be1ccbe614f\" \/><\/p>\n<div class=\"gallery-i-caption\"><\/div>\n<\/div>\n<div class=\"gallery-i\"><img src=\"https:\/\/assets.oxu.az\/uploads\/W1siZiIsIjIwMTkvMTEvMTQvMTUvMDEvMzgvMDZiNzlhMjctNDVlNS00OTA3LThkNWEtNTI3ZDVhNDZhNTdmL2ltYWdlXzc1MHhfNWRjY2ZmMjgxMzAxNi5qcGciXSxbInAiLCJlbmNvZGUiLCJqcGciLCItcXVhbGl0eSA4MCJdLFsicCIsInRodW1iIiwiNTkweDU5MFx1MDAzZSJdXQ?sha=af74e84d105f167e\" \/><\/div>\n<\/div>\n","protected":false},"excerpt":{"rendered":"<p>\u018fm\u0259k v\u0259 \u018fhalinin Sosial M\u00fcdafi\u0259si Nazirliyi t\u0259r\u0259find\u0259n bu g\u00fcn L\u0259nk\u0259ran rayonunda v\u0259 Ab\u015feron rayonunun Mehdiabad q\u0259s\u0259b\u0259sind\u0259 yeni ya\u015fay\u0131\u015f binalar\u0131ndan al\u0131nm\u0131\u015f m\u0259nzill\u0259r bir qrup \u015f\u0259hid ail\u0259si v\u0259 m\u00fcharib\u0259 \u0259lilin\u0259 t\u0259qdim edilib. Nazirlikd\u0259n veril\u0259n m\u0259lumata g\u00f6r\u0259, m\u0259nzill\u0259rin s\u0259n\u0259dl\u0259rinin t\u0259qdim olunmas\u0131 zaman\u0131 vur\u011fulan\u0131b ki, Az\u0259rbaycan Respublikas\u0131n\u0131n Prezidenti c\u0259nab \u0130lham \u018fliyevin tap\u015f\u0131r\u0131\u011f\u0131na uy\u011fun olaraq\u00a0 \u015f\u0259hid ail\u0259l\u0259ri v\u0259 \u00f6lk\u0259mizin \u0259razi b\u00fct\u00f6vl\u00fcy\u00fcn\u00fcn, m\u00fcst\u0259qilliyinin v\u0259 konstitusiya qurulu\u015funun m\u00fcdafi\u0259si il\u0259 \u0259laq\u0259dar \u0259lilliyi olan \u015f\u0259xsl\u0259rin m\u0259nzill\u0259 t\u0259minat\u0131 proqram\u0131 ild\u0259n-il\u0259 geni\u015f miqyas al\u0131r. 2018-ci ild\u0259 n\u0259z\u0259rd\u0259 tutuld\u011fundan 3 d\u0259f\u0259d\u0259n \u00e7ox, y\u0259ni 626 m\u0259nzil h\u0259min insanlara t\u0259qdim olunub. 2019-cu ild\u0259 is\u0259&hellip;<\/p>\n","protected":false},"author":2,"featured_media":96324,"comment_status":"closed","ping_status":"closed","sticky":false,"template":"","format":"standard","meta":{"om_disable_all_campaigns":false,"_monsterinsights_skip_tracking":false,"_monsterinsights_sitenote_active":false,"_monsterinsights_sitenote_note":"","_monsterinsights_sitenote_category":0},"categories":[1],"tags":[],"aioseo_notices":[],"gutentor_comment":0,"rttpg_featured_image_url":{"full":["https:\/\/arantv.az\/wp-content\/uploads\/2019\/11\/image_750x_5dccff2bba3a5.jpg",620,414,false],"landscape":["https:\/\/arantv.az\/wp-content\/uploads\/2019\/11\/image_750x_5dccff2bba3a5.jpg",620,414,false],"portraits":["https:\/\/arantv.az\/wp-content\/uploads\/2019\/11\/image_750x_5dccff2bba3a5.jpg",620,414,false],"thumbnail":["https:\/\/arantv.az\/wp-content\/uploads\/2019\/11\/image_750x_5dccff2bba3a5-150x150.jpg",150,150,true],"medium":["https:\/\/arantv.az\/wp-content\/uploads\/2019\/11\/image_750x_5dccff2bba3a5-300x200.jpg",300,200,true],"large":["https:\/\/arantv.az\/wp-content\/uploads\/2019\/11\/image_750x_5dccff2bba3a5.jpg",620,414,false],"1536x1536":["https:\/\/arantv.az\/wp-content\/uploads\/2019\/11\/image_750x_5dccff2bba3a5.jpg",620,414,false],"2048x2048":["https:\/\/arantv.az\/wp-content\/uploads\/2019\/11\/image_750x_5dccff2bba3a5.jpg",620,414,false],"post-thumbnail":["https:\/\/arantv.az\/wp-content\/uploads\/2019\/11\/image_750x_5dccff2bba3a5-240x172.jpg",240,172,true],"advps-thumb-one":["https:\/\/arantv.az\/wp-content\/uploads\/2019\/11\/image_750x_5dccff2bba3a5.jpg",620,414,false]},"rttpg_author":{"display_name":"V\u00fcsal Rafiqo\u011flu","author_link":"https:\/\/arantv.az\/?author=2"},"rttpg_comment":0,"rttpg_category":"<a href=\"https:\/\/arantv.az\/?cat=1\" rel=\"category\">C\u0259miyy\u0259t<\/a>","rttpg_excerpt":"\u018fm\u0259k v\u0259 \u018fhalinin Sosial M\u00fcdafi\u0259si Nazirliyi t\u0259r\u0259find\u0259n bu g\u00fcn L\u0259nk\u0259ran rayonunda v\u0259 Ab\u015feron rayonunun Mehdiabad q\u0259s\u0259b\u0259sind\u0259 yeni ya\u015fay\u0131\u015f binalar\u0131ndan al\u0131nm\u0131\u015f m\u0259nzill\u0259r bir qrup \u015f\u0259hid ail\u0259si v\u0259 m\u00fcharib\u0259 \u0259lilin\u0259 t\u0259qdim edilib. Nazirlikd\u0259n veril\u0259n m\u0259lumata g\u00f6r\u0259, m\u0259nzill\u0259rin s\u0259n\u0259dl\u0259rinin t\u0259qdim olunmas\u0131 zaman\u0131 vur\u011fulan\u0131b ki, Az\u0259rbaycan Respublikas\u0131n\u0131n Prezidenti c\u0259nab \u0130lham \u018fliyevin tap\u015f\u0131r\u0131\u011f\u0131na uy\u011fun olaraq\u00a0 \u015f\u0259hid ail\u0259l\u0259ri v\u0259 \u00f6lk\u0259mizin \u0259razi&hellip;","_links":{"self":[{"href":"https:\/\/arantv.az\/index.php?rest_route=\/wp\/v2\/posts\/96323"}],"collection":[{"href":"https:\/\/arantv.az\/index.php?rest_route=\/wp\/v2\/posts"}],"about":[{"href":"https:\/\/arantv.az\/index.php?rest_route=\/wp\/v2\/types\/post"}],"author":[{"embeddable":true,"href":"https:\/\/arantv.az\/index.php?rest_route=\/wp\/v2\/users\/2"}],"replies":[{"embeddable":true,"href":"https:\/\/arantv.az\/index.php?rest_route=%2Fwp%2Fv2%2Fcomments&post=96323"}],"version-history":[{"count":0,"href":"https:\/\/arantv.az\/index.php?rest_route=\/wp\/v2\/posts\/96323\/revisions"}],"wp:featuredmedia":[{"embeddable":true,"href":"https:\/\/arantv.az\/index.php?rest_route=\/wp\/v2\/media\/96324"}],"wp:attachment":[{"href":"https:\/\/arantv.az\/index.php?rest_route=%2Fwp%2Fv2%2Fmedia&parent=96323"}],"wp:term":[{"taxonomy":"category","embeddable":true,"href":"https:\/\/arantv.az\/index.php?rest_route=%2Fwp%2Fv2%2Fcategories&post=96323"},{"taxonomy":"post_tag","embeddable":true,"href":"https:\/\/arantv.az\/index.php?rest_route=%2Fwp%2Fv2%2Ftags&post=96323"}],"curies":[{"name":"wp","href":"https:\/\/api.w.org\/{rel}","templated":true}]}}