{"id":96340,"date":"2019-11-14T14:27:01","date_gmt":"2019-11-14T11:27:01","guid":{"rendered":"http:\/\/arantv.az\/?p=96340"},"modified":"2019-11-14T14:27:01","modified_gmt":"2019-11-14T11:27:01","slug":"bu-gec%c9%99-almaniyadan-xeyli-az%c9%99rbaycanli-siyasi-muhacirin-deport-olunacagi-gozl%c9%99nilir","status":"publish","type":"post","link":"https:\/\/arantv.az\/?p=96340","title":{"rendered":"Bu gec\u0259 Almaniyadan xeyli az\u0259rbaycanl\u0131 &#8220;siyasi m\u00fchacir&#8221;in deport olunaca\u011f\u0131 g\u00f6zl\u0259nilir"},"content":{"rendered":"<p><strong>Bu gec\u0259 Almaniyadan, \u0259sas\u0259n, Bavariya torpa\u011f\u0131ndan xeyli az\u0259rbaycanl\u0131 &#8220;siyasi m\u00fchacir&#8221; deport olunacaq.<\/strong><\/p>\n<p><strong>ARANTV.AZ<\/strong>\u00a0\u00a0<a href=\"https:\/\/az.trend.az\/\" target=\"_blank\" rel=\"noopener\">Trend<\/a>-\u0259 istinad\u0259n x\u0259b\u0259r verir ki, bu bar\u0259d\u0259 informasiya sosial \u015f\u0259b\u0259k\u0259l\u0259rd\u0259 yay\u0131l\u0131b.<\/p>\n<p>\u018fsas\u0259n d\u0259 M\u00fcsavat Partiyas\u0131n\u0131n s\u0259n\u0259di il\u0259 m\u00fcraci\u0259t ed\u0259nl\u0259rin deport edil\u0259c\u0259yi deyilir.<\/p>\n<p>Qeyd ed\u0259k ki, Almaniyan\u0131n h\u00fcquq-m\u00fchafiz\u0259 orqanlar\u0131 Az\u0259rbaycan\u0131n M\u00fcsavat Partiyas\u0131n\u0131n ke\u00e7mi\u015f \u00fczvl\u0259rini saxlay\u0131b. Cinay\u0259tkar \u015f\u0259b\u0259k\u0259y\u0259 daxil olan 7 n\u0259f\u0259r h\u0259bs edilib.<\/p>\n<p>Cinay\u0259tkar d\u0259st\u0259nin saxlan\u0131lan \u00fczvl\u0259ri bar\u0259sind\u0259 yerli federal m\u0259hk\u0259m\u0259l\u0259r t\u0259r\u0259find\u0259n 6 ay m\u00fcdd\u0259tin\u0259 h\u0259bs q\u0259timkan t\u0259dbiri se\u00e7ilib.<\/p>\n","protected":false},"excerpt":{"rendered":"<p>Bu gec\u0259 Almaniyadan, \u0259sas\u0259n, Bavariya torpa\u011f\u0131ndan xeyli az\u0259rbaycanl\u0131 &#8220;siyasi m\u00fchacir&#8221; deport olunacaq. ARANTV.AZ\u00a0\u00a0Trend-\u0259 istinad\u0259n x\u0259b\u0259r verir ki, bu bar\u0259d\u0259 informasiya sosial \u015f\u0259b\u0259k\u0259l\u0259rd\u0259 yay\u0131l\u0131b. \u018fsas\u0259n d\u0259 M\u00fcsavat Partiyas\u0131n\u0131n s\u0259n\u0259di il\u0259 m\u00fcraci\u0259t ed\u0259nl\u0259rin deport edil\u0259c\u0259yi deyilir. Qeyd ed\u0259k ki, Almaniyan\u0131n h\u00fcquq-m\u00fchafiz\u0259 orqanlar\u0131 Az\u0259rbaycan\u0131n M\u00fcsavat Partiyas\u0131n\u0131n ke\u00e7mi\u015f \u00fczvl\u0259rini saxlay\u0131b. Cinay\u0259tkar \u015f\u0259b\u0259k\u0259y\u0259 daxil olan 7 n\u0259f\u0259r h\u0259bs edilib. Cinay\u0259tkar d\u0259st\u0259nin saxlan\u0131lan \u00fczvl\u0259ri bar\u0259sind\u0259 yerli federal m\u0259hk\u0259m\u0259l\u0259r t\u0259r\u0259find\u0259n 6 ay m\u00fcdd\u0259tin\u0259 h\u0259bs q\u0259timkan t\u0259dbiri se\u00e7ilib.<\/p>\n","protected":false},"author":2,"featured_media":96341,"comment_status":"closed","ping_status":"closed","sticky":false,"template":"","format":"standard","meta":{"om_disable_all_campaigns":false,"_monsterinsights_skip_tracking":false,"_monsterinsights_sitenote_active":false,"_monsterinsights_sitenote_note":"","_monsterinsights_sitenote_category":0},"categories":[1],"tags":[],"aioseo_notices":[],"gutentor_comment":0,"rttpg_featured_image_url":{"full":["https:\/\/arantv.az\/wp-content\/uploads\/2019\/11\/802213.jpg",800,600,false],"landscape":["https:\/\/arantv.az\/wp-content\/uploads\/2019\/11\/802213.jpg",800,600,false],"portraits":["https:\/\/arantv.az\/wp-content\/uploads\/2019\/11\/802213.jpg",800,600,false],"thumbnail":["https:\/\/arantv.az\/wp-content\/uploads\/2019\/11\/802213-150x150.jpg",150,150,true],"medium":["https:\/\/arantv.az\/wp-content\/uploads\/2019\/11\/802213-300x225.jpg",300,225,true],"large":["https:\/\/arantv.az\/wp-content\/uploads\/2019\/11\/802213.jpg",640,480,false],"1536x1536":["https:\/\/arantv.az\/wp-content\/uploads\/2019\/11\/802213.jpg",800,600,false],"2048x2048":["https:\/\/arantv.az\/wp-content\/uploads\/2019\/11\/802213.jpg",800,600,false],"post-thumbnail":["https:\/\/arantv.az\/wp-content\/uploads\/2019\/11\/802213-240x172.jpg",240,172,true],"advps-thumb-one":["https:\/\/arantv.az\/wp-content\/uploads\/2019\/11\/802213.jpg",800,600,false]},"rttpg_author":{"display_name":"V\u00fcsal Rafiqo\u011flu","author_link":"https:\/\/arantv.az\/?author=2"},"rttpg_comment":0,"rttpg_category":"<a href=\"https:\/\/arantv.az\/?cat=1\" rel=\"category\">C\u0259miyy\u0259t<\/a>","rttpg_excerpt":"Bu gec\u0259 Almaniyadan, \u0259sas\u0259n, Bavariya torpa\u011f\u0131ndan xeyli az\u0259rbaycanl\u0131 &#8220;siyasi m\u00fchacir&#8221; deport olunacaq. ARANTV.AZ\u00a0\u00a0Trend-\u0259 istinad\u0259n x\u0259b\u0259r verir ki, bu bar\u0259d\u0259 informasiya sosial \u015f\u0259b\u0259k\u0259l\u0259rd\u0259 yay\u0131l\u0131b. \u018fsas\u0259n d\u0259 M\u00fcsavat Partiyas\u0131n\u0131n s\u0259n\u0259di il\u0259 m\u00fcraci\u0259t ed\u0259nl\u0259rin deport edil\u0259c\u0259yi deyilir. Qeyd ed\u0259k ki, Almaniyan\u0131n h\u00fcquq-m\u00fchafiz\u0259 orqanlar\u0131 Az\u0259rbaycan\u0131n M\u00fcsavat Partiyas\u0131n\u0131n ke\u00e7mi\u015f \u00fczvl\u0259rini saxlay\u0131b. Cinay\u0259tkar \u015f\u0259b\u0259k\u0259y\u0259 daxil olan 7 n\u0259f\u0259r h\u0259bs edilib. Cinay\u0259tkar&hellip;","_links":{"self":[{"href":"https:\/\/arantv.az\/index.php?rest_route=\/wp\/v2\/posts\/96340"}],"collection":[{"href":"https:\/\/arantv.az\/index.php?rest_route=\/wp\/v2\/posts"}],"about":[{"href":"https:\/\/arantv.az\/index.php?rest_route=\/wp\/v2\/types\/post"}],"author":[{"embeddable":true,"href":"https:\/\/arantv.az\/index.php?rest_route=\/wp\/v2\/users\/2"}],"replies":[{"embeddable":true,"href":"https:\/\/arantv.az\/index.php?rest_route=%2Fwp%2Fv2%2Fcomments&post=96340"}],"version-history":[{"count":0,"href":"https:\/\/arantv.az\/index.php?rest_route=\/wp\/v2\/posts\/96340\/revisions"}],"wp:featuredmedia":[{"embeddable":true,"href":"https:\/\/arantv.az\/index.php?rest_route=\/wp\/v2\/media\/96341"}],"wp:attachment":[{"href":"https:\/\/arantv.az\/index.php?rest_route=%2Fwp%2Fv2%2Fmedia&parent=96340"}],"wp:term":[{"taxonomy":"category","embeddable":true,"href":"https:\/\/arantv.az\/index.php?rest_route=%2Fwp%2Fv2%2Fcategories&post=96340"},{"taxonomy":"post_tag","embeddable":true,"href":"https:\/\/arantv.az\/index.php?rest_route=%2Fwp%2Fv2%2Ftags&post=96340"}],"curies":[{"name":"wp","href":"https:\/\/api.w.org\/{rel}","templated":true}]}}