{"id":96356,"date":"2019-11-14T14:59:53","date_gmt":"2019-11-14T11:59:53","guid":{"rendered":"http:\/\/arantv.az\/?p=96356"},"modified":"2019-11-14T14:59:53","modified_gmt":"2019-11-14T11:59:53","slug":"%c9%99li-huseynli-prezident-ilham-%c9%99liyevin-m%c9%99hk%c9%99m%c9%99-huquq-sah%c9%99sind%c9%99ki-islahatlari-yeni-m%c9%99rh%c9%99l%c9%99y%c9%99-q%c9%99d%c9%99m-qoyub","status":"publish","type":"post","link":"https:\/\/arantv.az\/?p=96356","title":{"rendered":"\u018fli H\u00fcseynli: &#8220;Prezident \u0130lham \u018fliyevin m\u0259hk\u0259m\u0259-h\u00fcquq sah\u0259sind\u0259ki islahatlar\u0131 yeni m\u0259rh\u0259l\u0259y\u0259 q\u0259d\u0259m qoyub&#8221;"},"content":{"rendered":"<p>&#8220;Az\u0259rbaycan Prezidentinin t\u0259\u015f\u0259bb\u00fcs\u00fc il\u0259 d\u00f6vl\u0259t idar\u0259\u00e7iliyi sistemind\u0259 ke\u00e7iril\u0259n irimiqyasl\u0131 islahatlar\u0131n \u0259sas istiqam\u0259tl\u0259rind\u0259n biri m\u0259hk\u0259m\u0259-h\u00fcquq sah\u0259sini \u0259hat\u0259 edir v\u0259 ictimaiyy\u0259t t\u0259r\u0259find\u0259n geni\u015f d\u0259st\u0259k al\u0131r&#8221;.<\/p>\n<p><strong>ARANTV.AZ<\/strong>\u00a0 x\u0259b\u0259r verir ki, bunu\u00a0<a href=\"https:\/\/az.trend.az\/\" target=\"_blank\" rel=\"noopener\">Trend<\/a>-\u0259 Milli M\u0259clisin H\u00fcquq siyas\u0259ti v\u0259 d\u00f6vl\u0259t quruculu\u011fu komit\u0259sinin s\u0259dri \u018fli H\u00fcseynli deyib.<\/p>\n<p>Onun s\u00f6zl\u0259rin\u0259 g\u00f6r\u0259, Prezident \u0130lham \u018fliyevin 3 aprel 2019-cu il tarixli &#8220;M\u0259hk\u0259m\u0259-h\u00fcquq sah\u0259sind\u0259 islahatlar\u0131n d\u0259rinl\u0259\u015fdirilm\u0259si bar\u0259d\u0259&#8221; f\u0259rman\u0131na \u0259sas\u0259n ke\u00e7iril\u0259n m\u0259hk\u0259m\u0259-h\u00fcquq islahatlar\u0131n\u0131n n\u00f6vb\u0259ti m\u0259rh\u0259l\u0259si bilavasit\u0259 h\u00fcququn t\u0259tbiqi praktikas\u0131n\u0131n t\u0259kmill\u0259\u015fdirilm\u0259si v\u0259 m\u0259hk\u0259m\u0259 ekspertizas\u0131 mexanizminin yenil\u0259nm\u0259si il\u0259 \u0259laq\u0259dard\u0131r:<\/p>\n<p>&#8220;Bu m\u0259rh\u0259l\u0259d\u0259n f\u0259rqli olaraq birinci m\u0259rh\u0259l\u0259 \u0259sas\u0259n institusional xarakter da\u015f\u0131y\u0131rd\u0131. Milli M\u0259clis\u0259 t\u0259qdim olunmu\u015f qanunvericilik paketinin \u0259sas\u0131n\u0131 t\u0259\u015fkil ed\u0259n qanun layih\u0259l\u0259ri bir s\u0131ra h\u00fcquqi aktlara d\u0259yi\u015fiklikl\u0259rin edilm\u0259sini n\u0259z\u0259rd\u0259 tutur. Bu m\u0259rh\u0259l\u0259d\u0259 ke\u00e7iril\u0259n islahatlar \u00fc\u00e7\u00fcn m\u0259hk\u0259m\u0259 praktikas\u0131n\u0131n vahidliyi vacib \u0259h\u0259miyy\u0259t k\u0259sb edir. Bunun t\u0259min olunmas\u0131 m\u00fczakir\u0259y\u0259 t\u0259qdim edil\u0259n layih\u0259l\u0259rd\u0259 n\u0259z\u0259rd\u0259 tutulub&#8221;.<\/p>\n<p>Deputat qeyd edib ki, material v\u0259 prosessual qanunvericiliyin normalar\u0131n\u0131n sabit v\u0259 vahid t\u0259tbiqi h\u00fcququn aliliyinin \u0259n vacib g\u00f6st\u0259ricil\u0259rind\u0259n biridir:<\/p>\n<p>&#8220;H\u00fcququn t\u0259tbiqi praktikas\u0131 eyni kateqoriyadan olan cinay\u0259t, m\u00fclki v\u0259 inzibati i\u015fl\u0259r\u0259 m\u00fcxt\u0259lif yana\u015fmaya yol verm\u0259m\u0259lidir. Eyni kateqoriyadan olan i\u015fl\u0259rl\u0259 ba\u011fl\u0131 veril\u0259n f\u0259rqli m\u0259hk\u0259m\u0259 q\u0259rarlar\u0131 m\u0259hk\u0259m\u0259 hakimiyy\u0259tinin n\u00fcfuzunu art\u0131rm\u0131r, h\u00fcquq normalar\u0131n\u0131n ziddiyy\u0259tli anlay\u0131\u015f\u0131na v\u0259 t\u0259tbiqin\u0259 g\u0259tirib \u00e7\u0131xar\u0131r. \u018flb\u0259tt\u0259, m\u0259hk\u0259m\u0259 praktikas\u0131n\u0131n vahidliyi bar\u0259d\u0259 dan\u0131\u015fanda, he\u00e7 kim demir ki, b\u00fct\u00fcn i\u015fl\u0259r\u0259 eyni c\u00fcr, h\u00fcquqi \u0259saslar ara\u015fd\u0131r\u0131lmadan bax\u0131lmal\u0131d\u0131r. M\u0259s\u0259l\u0259nin m\u0259\u011fzi ondan ibar\u0259tdir ki, m\u00fcxt\u0259lif kateqoriyal\u0131 i\u015fl\u0259r \u00fczr\u0259 \u0259dal\u0259t m\u0259hk\u0259m\u0259sinin icras\u0131 prosesinin d\u0259qiqliyi formala\u015fd\u0131r\u0131ls\u0131n. T\u0259qdim olunan qanun layih\u0259sind\u0259 m\u0259hz bu m\u0259qs\u0259d m\u00fc\u0259yy\u0259n edilib&#8221;.<\/p>\n<p>\u018f.H\u00fcseynli \u0259lav\u0259 edib ki, q\u00fcsurlar a\u015fkar edil\u0259n sah\u0259l\u0259rd\u0259 bir ild\u0259n az olmayaraq monitorinqin ke\u00e7irilm\u0259si n\u0259z\u0259rd\u0259 tutulur v\u0259 bu c\u00fcr monitorinqin n\u0259tic\u0259l\u0259ri hakiml\u0259rin f\u0259aliyy\u0259tinin qiym\u0259tl\u0259ndirilm\u0259si zaman\u0131 M\u0259hk\u0259m\u0259-H\u00fcquq \u015euras\u0131 t\u0259r\u0259find\u0259n n\u0259z\u0259r\u0259 al\u0131n\u0131r.<\/p>\n","protected":false},"excerpt":{"rendered":"<p>&#8220;Az\u0259rbaycan Prezidentinin t\u0259\u015f\u0259bb\u00fcs\u00fc il\u0259 d\u00f6vl\u0259t idar\u0259\u00e7iliyi sistemind\u0259 ke\u00e7iril\u0259n irimiqyasl\u0131 islahatlar\u0131n \u0259sas istiqam\u0259tl\u0259rind\u0259n biri m\u0259hk\u0259m\u0259-h\u00fcquq sah\u0259sini \u0259hat\u0259 edir v\u0259 ictimaiyy\u0259t t\u0259r\u0259find\u0259n geni\u015f d\u0259st\u0259k al\u0131r&#8221;. ARANTV.AZ\u00a0 x\u0259b\u0259r verir ki, bunu\u00a0Trend-\u0259 Milli M\u0259clisin H\u00fcquq siyas\u0259ti v\u0259 d\u00f6vl\u0259t quruculu\u011fu komit\u0259sinin s\u0259dri \u018fli H\u00fcseynli deyib. Onun s\u00f6zl\u0259rin\u0259 g\u00f6r\u0259, Prezident \u0130lham \u018fliyevin 3 aprel 2019-cu il tarixli &#8220;M\u0259hk\u0259m\u0259-h\u00fcquq sah\u0259sind\u0259 islahatlar\u0131n d\u0259rinl\u0259\u015fdirilm\u0259si bar\u0259d\u0259&#8221; f\u0259rman\u0131na \u0259sas\u0259n ke\u00e7iril\u0259n m\u0259hk\u0259m\u0259-h\u00fcquq islahatlar\u0131n\u0131n n\u00f6vb\u0259ti m\u0259rh\u0259l\u0259si bilavasit\u0259 h\u00fcququn t\u0259tbiqi praktikas\u0131n\u0131n t\u0259kmill\u0259\u015fdirilm\u0259si v\u0259 m\u0259hk\u0259m\u0259 ekspertizas\u0131 mexanizminin yenil\u0259nm\u0259si il\u0259 \u0259laq\u0259dard\u0131r: &#8220;Bu m\u0259rh\u0259l\u0259d\u0259n f\u0259rqli olaraq birinci m\u0259rh\u0259l\u0259 \u0259sas\u0259n institusional xarakter da\u015f\u0131y\u0131rd\u0131. Milli M\u0259clis\u0259 t\u0259qdim olunmu\u015f qanunvericilik&hellip;<\/p>\n","protected":false},"author":2,"featured_media":96357,"comment_status":"closed","ping_status":"closed","sticky":false,"template":"","format":"standard","meta":{"om_disable_all_campaigns":false,"_monsterinsights_skip_tracking":false,"_monsterinsights_sitenote_active":false,"_monsterinsights_sitenote_note":"","_monsterinsights_sitenote_category":0},"categories":[19],"tags":[],"aioseo_notices":[],"gutentor_comment":0,"rttpg_featured_image_url":{"full":["https:\/\/arantv.az\/wp-content\/uploads\/2019\/11\/802225.jpg",800,600,false],"landscape":["https:\/\/arantv.az\/wp-content\/uploads\/2019\/11\/802225.jpg",800,600,false],"portraits":["https:\/\/arantv.az\/wp-content\/uploads\/2019\/11\/802225.jpg",800,600,false],"thumbnail":["https:\/\/arantv.az\/wp-content\/uploads\/2019\/11\/802225-150x150.jpg",150,150,true],"medium":["https:\/\/arantv.az\/wp-content\/uploads\/2019\/11\/802225-300x225.jpg",300,225,true],"large":["https:\/\/arantv.az\/wp-content\/uploads\/2019\/11\/802225.jpg",640,480,false],"1536x1536":["https:\/\/arantv.az\/wp-content\/uploads\/2019\/11\/802225.jpg",800,600,false],"2048x2048":["https:\/\/arantv.az\/wp-content\/uploads\/2019\/11\/802225.jpg",800,600,false],"post-thumbnail":["https:\/\/arantv.az\/wp-content\/uploads\/2019\/11\/802225-240x172.jpg",240,172,true],"advps-thumb-one":["https:\/\/arantv.az\/wp-content\/uploads\/2019\/11\/802225.jpg",800,600,false]},"rttpg_author":{"display_name":"V\u00fcsal Rafiqo\u011flu","author_link":"https:\/\/arantv.az\/?author=2"},"rttpg_comment":0,"rttpg_category":"<a href=\"https:\/\/arantv.az\/?cat=19\" rel=\"category\">G\u00fcnd\u0259m<\/a>","rttpg_excerpt":"&#8220;Az\u0259rbaycan Prezidentinin t\u0259\u015f\u0259bb\u00fcs\u00fc il\u0259 d\u00f6vl\u0259t idar\u0259\u00e7iliyi sistemind\u0259 ke\u00e7iril\u0259n irimiqyasl\u0131 islahatlar\u0131n \u0259sas istiqam\u0259tl\u0259rind\u0259n biri m\u0259hk\u0259m\u0259-h\u00fcquq sah\u0259sini \u0259hat\u0259 edir v\u0259 ictimaiyy\u0259t t\u0259r\u0259find\u0259n geni\u015f d\u0259st\u0259k al\u0131r&#8221;. ARANTV.AZ\u00a0 x\u0259b\u0259r verir ki, bunu\u00a0Trend-\u0259 Milli M\u0259clisin H\u00fcquq siyas\u0259ti v\u0259 d\u00f6vl\u0259t quruculu\u011fu komit\u0259sinin s\u0259dri \u018fli H\u00fcseynli deyib. Onun s\u00f6zl\u0259rin\u0259 g\u00f6r\u0259, Prezident \u0130lham \u018fliyevin 3 aprel 2019-cu il tarixli &#8220;M\u0259hk\u0259m\u0259-h\u00fcquq sah\u0259sind\u0259 islahatlar\u0131n d\u0259rinl\u0259\u015fdirilm\u0259si&hellip;","_links":{"self":[{"href":"https:\/\/arantv.az\/index.php?rest_route=\/wp\/v2\/posts\/96356"}],"collection":[{"href":"https:\/\/arantv.az\/index.php?rest_route=\/wp\/v2\/posts"}],"about":[{"href":"https:\/\/arantv.az\/index.php?rest_route=\/wp\/v2\/types\/post"}],"author":[{"embeddable":true,"href":"https:\/\/arantv.az\/index.php?rest_route=\/wp\/v2\/users\/2"}],"replies":[{"embeddable":true,"href":"https:\/\/arantv.az\/index.php?rest_route=%2Fwp%2Fv2%2Fcomments&post=96356"}],"version-history":[{"count":0,"href":"https:\/\/arantv.az\/index.php?rest_route=\/wp\/v2\/posts\/96356\/revisions"}],"wp:featuredmedia":[{"embeddable":true,"href":"https:\/\/arantv.az\/index.php?rest_route=\/wp\/v2\/media\/96357"}],"wp:attachment":[{"href":"https:\/\/arantv.az\/index.php?rest_route=%2Fwp%2Fv2%2Fmedia&parent=96356"}],"wp:term":[{"taxonomy":"category","embeddable":true,"href":"https:\/\/arantv.az\/index.php?rest_route=%2Fwp%2Fv2%2Fcategories&post=96356"},{"taxonomy":"post_tag","embeddable":true,"href":"https:\/\/arantv.az\/index.php?rest_route=%2Fwp%2Fv2%2Ftags&post=96356"}],"curies":[{"name":"wp","href":"https:\/\/api.w.org\/{rel}","templated":true}]}}