{"id":96360,"date":"2019-11-14T15:00:55","date_gmt":"2019-11-14T12:00:55","guid":{"rendered":"http:\/\/arantv.az\/?p=96360"},"modified":"2019-11-14T15:00:55","modified_gmt":"2019-11-14T12:00:55","slug":"az%c9%99rbaycanli-vuqi-bellatorda-debutunu-braziliyali-soumen%c9%99-qarsi-ed%c9%99c%c9%99k-foto","status":"publish","type":"post","link":"https:\/\/arantv.az\/?p=96360","title":{"rendered":"Az\u0259rbaycanl\u0131 \u201cVuqi\u201d \u201cBellator\u201dda deb\u00fct\u00fcn\u00fc braziliyal\u0131 \u201c\u015eoumen\u201d\u0259 qar\u015f\u0131 ed\u0259c\u0259k &#8211; FOTO"},"content":{"rendered":"<p>Bu g\u00fcn \u0130srailin paytaxt\u0131 T\u0259l-\u018fvivd\u0259 MMA \u00fczr\u0259 m\u0259\u015fhur \u201cBellator 234\u201d d\u00f6y\u00fc\u015f gec\u0259si t\u0259\u015fkil olunacaq.<\/p>\n<p><strong>ARANTV.AZ<\/strong>-\u0131n x\u0259b\u0259rin\u0259 g\u00f6r\u0259, bu gec\u0259d\u0259 iki az\u0259rbaycanl\u0131 d\u00f6y\u00fc\u015f\u00e7\u00fc i\u015ftirak ed\u0259c\u0259k.<\/p>\n<p>V\u00fcqar K\u0259r\u0259mov karyeras\u0131n\u0131n 16-c\u0131 d\u00f6y\u00fc\u015f\u00fcn\u0259 (bunlardan 13-d\u0259 qalib g\u0259lib, \u00fc\u00e7\u00fcnd\u0259 uduzub \u2013 S.M.) \u00e7\u0131xacaq. Ke\u00e7irdiyi son doqquz g\u00f6r\u00fc\u015fd\u0259 q\u0259l\u0259b\u0259 qazanm\u0131\u015f \u201cVuqi\u201d l\u0259q\u0259bli idman\u00e7\u0131m\u0131z\u0131n 70 kq \u00e7\u0259ki d\u0259r\u0259c\u0259sind\u0259ki r\u0259qibi alman \u0259silli braziliyal\u0131 Qustavo V\u00fcrlitser olacaq. Bu, idman\u00e7\u0131m\u0131z\u0131n \u201cBellator\u201dda deb\u00fct g\u00f6r\u00fc\u015f\u00fc olacaq.<\/p>\n<p>Onun 36 ya\u015fl\u0131 r\u0259qibi is\u0259 \u00e7ox t\u0259cr\u00fcb\u0259lidir. \u0130ndiy\u0259d\u0259k 45 pe\u015f\u0259kar MMA g\u00f6r\u00fc\u015f\u00fc ke\u00e7irmi\u015f \u201c\u015eoumen\u201d bunlardan 22-d\u0259 qalib g\u0259lib, 23-d\u0259 uduzub. V\u00fcqardan f\u0259rqli olaraq, onun \u201cBellator\u201dda \u00e7\u0131x\u0131\u015f t\u0259cr\u00fcb\u0259si var. O, bu ilin iyunun 14-d\u0259 ke\u00e7irilmi\u015f turnird\u0259 israilli Haim G\u00f6z\u0259liy\u0259 uduzub.<\/p>\n<div class=\"gallery\">\n<div class=\"gallery-i\"><img src=\"https:\/\/assets.oxu.az\/uploads\/W1siZiIsIjIwMTkvMTEvMTQvMTUvNDUvMDAvZGIwZjdmMzktYjNhOS00M2YzLTg5ODMtMzJjNzhlZWVjMjNiLzczMTUyMjIzXzE1MDc5MTYwMjgxNjYyMF82MjMwMzcwMDEzMDc2MzkwOTIyX24uanBnIl0sWyJwIiwiZW5jb2RlIiwianBnIiwiLXF1YWxpdHkgODAiXSxbInAiLCJ0aHVtYiIsIjU5MHg1OTBcdTAwM2UiXV0?sha=ad8fe1014f1338eb\" alt=\"\" \/><\/p>\n<div class=\"gallery-i-caption\"><\/div>\n<\/div>\n<\/div>\n<p>Gec\u0259nin be\u015finci g\u00f6r\u00fc\u015f\u00fcnd\u0259 V\u00fcqar K\u0259r\u0259mov, 16-c\u0131 g\u00f6r\u00fc\u015f\u00fcnd\u0259 Z\u0259ka F\u0259tullazad\u0259 oktaqona \u00e7\u0131xacaq. \u00dcmumilikd\u0259 21 g\u00f6r\u00fc\u015f ke\u00e7iril\u0259c\u0259k.<\/p>\n<p>Bu yar\u0131\u015fda i\u015ftirak ed\u0259c\u0259k ikinci az\u0259rbaycanl\u0131 is\u0259 Ukraynan\u0131 t\u0259msil ed\u0259c\u0259k. Z\u0259ka F\u0259tullazad\u0259 d\u0259 \u201cBellator\u201dda deb\u00fct ed\u0259c\u0259k. Milliyy\u0259tc\u0259 l\u0259zgi olan, Bak\u0131da do\u011fulmu\u015f 22 ya\u015fl\u0131 Z\u0259ka indiy\u0259d\u0259k 22 g\u00f6r\u00fc\u015f ke\u00e7irib, bunlardan 14-d\u0259 qalib g\u0259lib, s\u0259kkizind\u0259 uduzub. Onun r\u0259qibi \u201cKral\u201d l\u0259q\u0259bli israilli \u018fviv G\u00f6z\u0259li is\u0259 ke\u00e7irdiyi \u00fc\u00e7 d\u00f6y\u00fc\u015f\u00fcn ham\u0131s\u0131nda qalib g\u0259lib.<\/p>\n<p>Qeyd ed\u0259k ki, gec\u0259nin \u0259sas g\u00f6r\u00fc\u015f\u00fc a\u011f\u0131r \u00e7\u0259kili d\u00f6y\u00fc\u015f\u00e7\u00fcl\u0259r \u2013 rusiyal\u0131 Sergey Xaritonovla Linton Vasel aras\u0131nda ba\u015f tutacaq.oxu.az<\/p>\n","protected":false},"excerpt":{"rendered":"<p>Bu g\u00fcn \u0130srailin paytaxt\u0131 T\u0259l-\u018fvivd\u0259 MMA \u00fczr\u0259 m\u0259\u015fhur \u201cBellator 234\u201d d\u00f6y\u00fc\u015f gec\u0259si t\u0259\u015fkil olunacaq. ARANTV.AZ-\u0131n x\u0259b\u0259rin\u0259 g\u00f6r\u0259, bu gec\u0259d\u0259 iki az\u0259rbaycanl\u0131 d\u00f6y\u00fc\u015f\u00e7\u00fc i\u015ftirak ed\u0259c\u0259k. V\u00fcqar K\u0259r\u0259mov karyeras\u0131n\u0131n 16-c\u0131 d\u00f6y\u00fc\u015f\u00fcn\u0259 (bunlardan 13-d\u0259 qalib g\u0259lib, \u00fc\u00e7\u00fcnd\u0259 uduzub \u2013 S.M.) \u00e7\u0131xacaq. Ke\u00e7irdiyi son doqquz g\u00f6r\u00fc\u015fd\u0259 q\u0259l\u0259b\u0259 qazanm\u0131\u015f \u201cVuqi\u201d l\u0259q\u0259bli idman\u00e7\u0131m\u0131z\u0131n 70 kq \u00e7\u0259ki d\u0259r\u0259c\u0259sind\u0259ki r\u0259qibi alman \u0259silli braziliyal\u0131 Qustavo V\u00fcrlitser olacaq. Bu, idman\u00e7\u0131m\u0131z\u0131n \u201cBellator\u201dda deb\u00fct g\u00f6r\u00fc\u015f\u00fc olacaq. Onun 36 ya\u015fl\u0131 r\u0259qibi is\u0259 \u00e7ox t\u0259cr\u00fcb\u0259lidir. \u0130ndiy\u0259d\u0259k 45 pe\u015f\u0259kar MMA g\u00f6r\u00fc\u015f\u00fc ke\u00e7irmi\u015f \u201c\u015eoumen\u201d bunlardan 22-d\u0259 qalib g\u0259lib, 23-d\u0259 uduzub. V\u00fcqardan f\u0259rqli olaraq, onun \u201cBellator\u201dda \u00e7\u0131x\u0131\u015f&hellip;<\/p>\n","protected":false},"author":2,"featured_media":96361,"comment_status":"closed","ping_status":"closed","sticky":false,"template":"","format":"standard","meta":{"om_disable_all_campaigns":false,"_monsterinsights_skip_tracking":false,"_monsterinsights_sitenote_active":false,"_monsterinsights_sitenote_note":"","_monsterinsights_sitenote_category":0},"categories":[6],"tags":[],"aioseo_notices":[],"gutentor_comment":0,"rttpg_featured_image_url":{"full":["https:\/\/arantv.az\/wp-content\/uploads\/2019\/11\/75602182_155235629060303_3861955402939224956_n.jpg",620,450,false],"landscape":["https:\/\/arantv.az\/wp-content\/uploads\/2019\/11\/75602182_155235629060303_3861955402939224956_n.jpg",620,450,false],"portraits":["https:\/\/arantv.az\/wp-content\/uploads\/2019\/11\/75602182_155235629060303_3861955402939224956_n.jpg",620,450,false],"thumbnail":["https:\/\/arantv.az\/wp-content\/uploads\/2019\/11\/75602182_155235629060303_3861955402939224956_n-150x150.jpg",150,150,true],"medium":["https:\/\/arantv.az\/wp-content\/uploads\/2019\/11\/75602182_155235629060303_3861955402939224956_n-300x218.jpg",300,218,true],"large":["https:\/\/arantv.az\/wp-content\/uploads\/2019\/11\/75602182_155235629060303_3861955402939224956_n.jpg",620,450,false],"1536x1536":["https:\/\/arantv.az\/wp-content\/uploads\/2019\/11\/75602182_155235629060303_3861955402939224956_n.jpg",620,450,false],"2048x2048":["https:\/\/arantv.az\/wp-content\/uploads\/2019\/11\/75602182_155235629060303_3861955402939224956_n.jpg",620,450,false],"post-thumbnail":["https:\/\/arantv.az\/wp-content\/uploads\/2019\/11\/75602182_155235629060303_3861955402939224956_n-240x172.jpg",240,172,true],"advps-thumb-one":["https:\/\/arantv.az\/wp-content\/uploads\/2019\/11\/75602182_155235629060303_3861955402939224956_n.jpg",620,450,false]},"rttpg_author":{"display_name":"V\u00fcsal Rafiqo\u011flu","author_link":"https:\/\/arantv.az\/?author=2"},"rttpg_comment":0,"rttpg_category":"<a href=\"https:\/\/arantv.az\/?cat=6\" rel=\"category\">\u0130dman<\/a>","rttpg_excerpt":"Bu g\u00fcn \u0130srailin paytaxt\u0131 T\u0259l-\u018fvivd\u0259 MMA \u00fczr\u0259 m\u0259\u015fhur \u201cBellator 234\u201d d\u00f6y\u00fc\u015f gec\u0259si t\u0259\u015fkil olunacaq. ARANTV.AZ-\u0131n x\u0259b\u0259rin\u0259 g\u00f6r\u0259, bu gec\u0259d\u0259 iki az\u0259rbaycanl\u0131 d\u00f6y\u00fc\u015f\u00e7\u00fc i\u015ftirak ed\u0259c\u0259k. V\u00fcqar K\u0259r\u0259mov karyeras\u0131n\u0131n 16-c\u0131 d\u00f6y\u00fc\u015f\u00fcn\u0259 (bunlardan 13-d\u0259 qalib g\u0259lib, \u00fc\u00e7\u00fcnd\u0259 uduzub \u2013 S.M.) \u00e7\u0131xacaq. Ke\u00e7irdiyi son doqquz g\u00f6r\u00fc\u015fd\u0259 q\u0259l\u0259b\u0259 qazanm\u0131\u015f \u201cVuqi\u201d l\u0259q\u0259bli idman\u00e7\u0131m\u0131z\u0131n 70 kq \u00e7\u0259ki d\u0259r\u0259c\u0259sind\u0259ki r\u0259qibi alman \u0259silli braziliyal\u0131&hellip;","_links":{"self":[{"href":"https:\/\/arantv.az\/index.php?rest_route=\/wp\/v2\/posts\/96360"}],"collection":[{"href":"https:\/\/arantv.az\/index.php?rest_route=\/wp\/v2\/posts"}],"about":[{"href":"https:\/\/arantv.az\/index.php?rest_route=\/wp\/v2\/types\/post"}],"author":[{"embeddable":true,"href":"https:\/\/arantv.az\/index.php?rest_route=\/wp\/v2\/users\/2"}],"replies":[{"embeddable":true,"href":"https:\/\/arantv.az\/index.php?rest_route=%2Fwp%2Fv2%2Fcomments&post=96360"}],"version-history":[{"count":0,"href":"https:\/\/arantv.az\/index.php?rest_route=\/wp\/v2\/posts\/96360\/revisions"}],"wp:featuredmedia":[{"embeddable":true,"href":"https:\/\/arantv.az\/index.php?rest_route=\/wp\/v2\/media\/96361"}],"wp:attachment":[{"href":"https:\/\/arantv.az\/index.php?rest_route=%2Fwp%2Fv2%2Fmedia&parent=96360"}],"wp:term":[{"taxonomy":"category","embeddable":true,"href":"https:\/\/arantv.az\/index.php?rest_route=%2Fwp%2Fv2%2Fcategories&post=96360"},{"taxonomy":"post_tag","embeddable":true,"href":"https:\/\/arantv.az\/index.php?rest_route=%2Fwp%2Fv2%2Ftags&post=96360"}],"curies":[{"name":"wp","href":"https:\/\/api.w.org\/{rel}","templated":true}]}}