{"id":96461,"date":"2019-11-14T16:38:12","date_gmt":"2019-11-14T13:38:12","guid":{"rendered":"http:\/\/arantv.az\/?p=96461"},"modified":"2019-11-14T16:38:12","modified_gmt":"2019-11-14T13:38:12","slug":"az%c9%99rbaycanla-qazaxistan-arasinda-miqrasiya-sah%c9%99sind%c9%99-%c9%99m%c9%99kdasliq-haqqinda-sazis-t%c9%99sdiq-edilib","status":"publish","type":"post","link":"https:\/\/arantv.az\/?p=96461","title":{"rendered":"Az\u0259rbaycanla Qazax\u0131stan aras\u0131nda miqrasiya sah\u0259sind\u0259 \u0259m\u0259kda\u015fl\u0131q haqq\u0131nda sazi\u015f t\u0259sdiq edilib"},"content":{"rendered":"<p>Prezident \u0130lham \u018fliyev Az\u0259rbaycan Respublikas\u0131 H\u00f6kum\u0259ti il\u0259 Qazax\u0131stan Respublikas\u0131 H\u00f6kum\u0259ti aras\u0131nda miqrasiya sah\u0259sind\u0259 \u0259m\u0259kda\u015fl\u0131q haqq\u0131nda Sazi\u015fin t\u0259sdiq edilm\u0259si bar\u0259d\u0259 f\u0259rman imzalay\u0131b.<\/p>\n<p><strong>ARANTV.AZ<\/strong>\u00a0<a href=\"https:\/\/azertag.az\/\" target=\"_blank\" rel=\"noopener\">AZ\u018fRTAC<\/a>-a istinad\u0259n x\u0259b\u0259r verir ki, f\u0259rmana \u0259sas\u0259n, Az\u0259rbaycan Respublikas\u0131 H\u00f6kum\u0259ti il\u0259 Qazax\u0131stan Respublikas\u0131 H\u00f6kum\u0259ti aras\u0131nda miqrasiya sah\u0259sind\u0259 \u0259m\u0259kda\u015fl\u0131q haqq\u0131nda 2019-cu il oktyabr\u0131n 14-d\u0259 Bak\u0131 \u015f\u0259h\u0259rind\u0259 imzalanm\u0131\u015f Sazi\u015f t\u0259sdiq edilir.<\/p>\n<p>F\u0259rmanda g\u00f6st\u0259ril\u0259n Sazi\u015f q\u00fcvv\u0259y\u0259 mindikd\u0259n sonra Az\u0259rbaycan Respublikas\u0131n\u0131n D\u00f6vl\u0259t Miqrasiya Xidm\u0259ti onun m\u00fcdd\u0259alar\u0131n\u0131n h\u0259yata ke\u00e7irilm\u0259sini t\u0259min ed\u0259c\u0259k.<\/p>\n<p>Xarici \u0130\u015fl\u0259r Nazirliyin\u0259 tap\u015f\u0131r\u0131l\u0131r ki, Sazi\u015fin q\u00fcvv\u0259y\u0259 minm\u0259si \u00fc\u00e7\u00fcn z\u0259ruri olan d\u00f6vl\u0259tdaxili prosedurlar\u0131n yerin\u0259 yetirildiyi bar\u0259d\u0259 Qazax\u0131stan Respublikas\u0131 H\u00f6kum\u0259tin\u0259 bildiri\u015f g\u00f6nd\u0259rsin.<\/p>\n","protected":false},"excerpt":{"rendered":"<p>Prezident \u0130lham \u018fliyev Az\u0259rbaycan Respublikas\u0131 H\u00f6kum\u0259ti il\u0259 Qazax\u0131stan Respublikas\u0131 H\u00f6kum\u0259ti aras\u0131nda miqrasiya sah\u0259sind\u0259 \u0259m\u0259kda\u015fl\u0131q haqq\u0131nda Sazi\u015fin t\u0259sdiq edilm\u0259si bar\u0259d\u0259 f\u0259rman imzalay\u0131b. ARANTV.AZ\u00a0AZ\u018fRTAC-a istinad\u0259n x\u0259b\u0259r verir ki, f\u0259rmana \u0259sas\u0259n, Az\u0259rbaycan Respublikas\u0131 H\u00f6kum\u0259ti il\u0259 Qazax\u0131stan Respublikas\u0131 H\u00f6kum\u0259ti aras\u0131nda miqrasiya sah\u0259sind\u0259 \u0259m\u0259kda\u015fl\u0131q haqq\u0131nda 2019-cu il oktyabr\u0131n 14-d\u0259 Bak\u0131 \u015f\u0259h\u0259rind\u0259 imzalanm\u0131\u015f Sazi\u015f t\u0259sdiq edilir. F\u0259rmanda g\u00f6st\u0259ril\u0259n Sazi\u015f q\u00fcvv\u0259y\u0259 mindikd\u0259n sonra Az\u0259rbaycan Respublikas\u0131n\u0131n D\u00f6vl\u0259t Miqrasiya Xidm\u0259ti onun m\u00fcdd\u0259alar\u0131n\u0131n h\u0259yata ke\u00e7irilm\u0259sini t\u0259min ed\u0259c\u0259k. Xarici \u0130\u015fl\u0259r Nazirliyin\u0259 tap\u015f\u0131r\u0131l\u0131r ki, Sazi\u015fin q\u00fcvv\u0259y\u0259 minm\u0259si \u00fc\u00e7\u00fcn z\u0259ruri olan d\u00f6vl\u0259tdaxili prosedurlar\u0131n yerin\u0259 yetirildiyi bar\u0259d\u0259 Qazax\u0131stan Respublikas\u0131 H\u00f6kum\u0259tin\u0259 bildiri\u015f g\u00f6nd\u0259rsin.<\/p>\n","protected":false},"author":2,"featured_media":96462,"comment_status":"closed","ping_status":"closed","sticky":false,"template":"","format":"standard","meta":{"om_disable_all_campaigns":false,"_monsterinsights_skip_tracking":false,"_monsterinsights_sitenote_active":false,"_monsterinsights_sitenote_note":"","_monsterinsights_sitenote_category":0},"categories":[4],"tags":[],"aioseo_notices":[],"gutentor_comment":0,"rttpg_featured_image_url":{"full":["https:\/\/arantv.az\/wp-content\/uploads\/2019\/11\/2018_ilham_aliyev_01-7.jpg",1200,900,false],"landscape":["https:\/\/arantv.az\/wp-content\/uploads\/2019\/11\/2018_ilham_aliyev_01-7.jpg",1200,900,false],"portraits":["https:\/\/arantv.az\/wp-content\/uploads\/2019\/11\/2018_ilham_aliyev_01-7.jpg",1200,900,false],"thumbnail":["https:\/\/arantv.az\/wp-content\/uploads\/2019\/11\/2018_ilham_aliyev_01-7-150x150.jpg",150,150,true],"medium":["https:\/\/arantv.az\/wp-content\/uploads\/2019\/11\/2018_ilham_aliyev_01-7-300x225.jpg",300,225,true],"large":["https:\/\/arantv.az\/wp-content\/uploads\/2019\/11\/2018_ilham_aliyev_01-7-1024x768.jpg",640,480,true],"1536x1536":["https:\/\/arantv.az\/wp-content\/uploads\/2019\/11\/2018_ilham_aliyev_01-7.jpg",1200,900,false],"2048x2048":["https:\/\/arantv.az\/wp-content\/uploads\/2019\/11\/2018_ilham_aliyev_01-7.jpg",1200,900,false],"post-thumbnail":["https:\/\/arantv.az\/wp-content\/uploads\/2019\/11\/2018_ilham_aliyev_01-7-240x172.jpg",240,172,true],"advps-thumb-one":["https:\/\/arantv.az\/wp-content\/uploads\/2019\/11\/2018_ilham_aliyev_01-7-1200x620.jpg",1200,620,true]},"rttpg_author":{"display_name":"V\u00fcsal Rafiqo\u011flu","author_link":"https:\/\/arantv.az\/?author=2"},"rttpg_comment":0,"rttpg_category":"<a href=\"https:\/\/arantv.az\/?cat=4\" rel=\"category\">Siyas\u0259t<\/a>","rttpg_excerpt":"Prezident \u0130lham \u018fliyev Az\u0259rbaycan Respublikas\u0131 H\u00f6kum\u0259ti il\u0259 Qazax\u0131stan Respublikas\u0131 H\u00f6kum\u0259ti aras\u0131nda miqrasiya sah\u0259sind\u0259 \u0259m\u0259kda\u015fl\u0131q haqq\u0131nda Sazi\u015fin t\u0259sdiq edilm\u0259si bar\u0259d\u0259 f\u0259rman imzalay\u0131b. ARANTV.AZ\u00a0AZ\u018fRTAC-a istinad\u0259n x\u0259b\u0259r verir ki, f\u0259rmana \u0259sas\u0259n, Az\u0259rbaycan Respublikas\u0131 H\u00f6kum\u0259ti il\u0259 Qazax\u0131stan Respublikas\u0131 H\u00f6kum\u0259ti aras\u0131nda miqrasiya sah\u0259sind\u0259 \u0259m\u0259kda\u015fl\u0131q haqq\u0131nda 2019-cu il oktyabr\u0131n 14-d\u0259 Bak\u0131 \u015f\u0259h\u0259rind\u0259 imzalanm\u0131\u015f Sazi\u015f t\u0259sdiq edilir. F\u0259rmanda g\u00f6st\u0259ril\u0259n Sazi\u015f q\u00fcvv\u0259y\u0259 mindikd\u0259n&hellip;","_links":{"self":[{"href":"https:\/\/arantv.az\/index.php?rest_route=\/wp\/v2\/posts\/96461"}],"collection":[{"href":"https:\/\/arantv.az\/index.php?rest_route=\/wp\/v2\/posts"}],"about":[{"href":"https:\/\/arantv.az\/index.php?rest_route=\/wp\/v2\/types\/post"}],"author":[{"embeddable":true,"href":"https:\/\/arantv.az\/index.php?rest_route=\/wp\/v2\/users\/2"}],"replies":[{"embeddable":true,"href":"https:\/\/arantv.az\/index.php?rest_route=%2Fwp%2Fv2%2Fcomments&post=96461"}],"version-history":[{"count":0,"href":"https:\/\/arantv.az\/index.php?rest_route=\/wp\/v2\/posts\/96461\/revisions"}],"wp:featuredmedia":[{"embeddable":true,"href":"https:\/\/arantv.az\/index.php?rest_route=\/wp\/v2\/media\/96462"}],"wp:attachment":[{"href":"https:\/\/arantv.az\/index.php?rest_route=%2Fwp%2Fv2%2Fmedia&parent=96461"}],"wp:term":[{"taxonomy":"category","embeddable":true,"href":"https:\/\/arantv.az\/index.php?rest_route=%2Fwp%2Fv2%2Fcategories&post=96461"},{"taxonomy":"post_tag","embeddable":true,"href":"https:\/\/arantv.az\/index.php?rest_route=%2Fwp%2Fv2%2Ftags&post=96461"}],"curies":[{"name":"wp","href":"https:\/\/api.w.org\/{rel}","templated":true}]}}