{"id":96465,"date":"2019-11-14T16:38:59","date_gmt":"2019-11-14T13:38:59","guid":{"rendered":"http:\/\/arantv.az\/?p=96465"},"modified":"2019-11-14T16:38:59","modified_gmt":"2019-11-14T13:38:59","slug":"az%c9%99rbaycan-prezidenti-%c9%99min%c9%99m-ki-bu-zirv%c9%99-gorusunun-cox-boyuk-%c9%99h%c9%99miyy%c9%99ti-olacaq-v%c9%99-bakidan-s%c9%99sl%c9%99n%c9%99n-mesajlar-lazimi-unvana-catacaq","status":"publish","type":"post","link":"https:\/\/arantv.az\/?p=96465","title":{"rendered":"Az\u0259rbaycan Prezidenti: &#8220;\u018fmin\u0259m ki, bu Zirv\u0259 g\u00f6r\u00fc\u015f\u00fcn\u00fcn \u00e7ox b\u00f6y\u00fck \u0259h\u0259miyy\u0259ti olacaq v\u0259 Bak\u0131dan s\u0259sl\u0259n\u0259n mesajlar laz\u0131mi \u00fcnvana \u00e7atacaq&#8221;"},"content":{"rendered":"<p>&#8220;\u018fmin\u0259m ki, bu Zirv\u0259 g\u00f6r\u00fc\u015f\u00fcn\u00fcn \u00e7ox b\u00f6y\u00fck \u0259h\u0259miyy\u0259ti olacaq v\u0259 Bak\u0131dan s\u0259sl\u0259n\u0259n mesajlar laz\u0131mi \u00fcnvana \u00e7atacaq&#8221;.<\/p>\n<p><strong>ARANTV.AZ<\/strong>\u00a0<a href=\"https:\/\/azertag.az\/\" target=\"_blank\" rel=\"noopener\">AZ\u018fRTAC<\/a>-a istinad\u0259n x\u0259b\u0259r verir ki, bunu Az\u0259rbaycan Prezidenti \u0130lham \u018fliyev Bak\u0131da ke\u00e7iril\u0259n D\u00fcnya dini liderl\u0259rinin II Sammitind\u0259 \u00e7\u0131x\u0131\u015f\u0131 zaman\u0131 deyib.<\/p>\n<p>D\u00f6vl\u0259t ba\u015f\u00e7\u0131s\u0131 bildirib: &#8220;Ke\u00e7\u0259n il biz &#8220;Bak\u0131 Prosesi&#8221;nin 10 illiyini qeyd etmi\u015fik. &#8220;Bak\u0131 Prosesi&#8221; bizim t\u0259\u015f\u0259bb\u00fcs\u00fcm\u00fczl\u0259 ba\u015flanm\u0131\u015f prosesdir v\u0259 bu g\u00fcn bu, geni\u015f beyn\u0259lxalq d\u0259st\u0259y\u0259 malikdir. O c\u00fcml\u0259d\u0259n BMT &#8220;Bak\u0131 Prosesi&#8221;ni dinl\u0259raras\u0131, m\u0259d\u0259niyy\u0259tl\u0259raras\u0131 dialoqun \u00f6n\u0259mli platformas\u0131 kimi q\u0259bul edir. 2008-ci ild\u0259 Bak\u0131da Avropa \u015euras\u0131n\u0131n M\u0259d\u0259niyy\u0259t nazirl\u0259rinin toplant\u0131s\u0131 ke\u00e7irilmi\u015fdir v\u0259 biz q\u0259rara g\u0259ldik ki, bu toplant\u0131ya \u0130slam \u018fm\u0259kda\u015fl\u0131q T\u0259\u015fkilat\u0131na \u00fczv olan \u00f6lk\u0259l\u0259rin M\u0259d\u0259niyy\u0259t nazirl\u0259rini d\u0259v\u0259t ed\u0259k v\u0259 bel\u0259likl\u0259, birinci t\u0259mas yarand\u0131. Ondan sonra 2009-cu ild\u0259 Bak\u0131da \u0130slam \u018fm\u0259kda\u015fl\u0131q T\u0259\u015fkilat\u0131na \u00fczv \u00f6lk\u0259l\u0259rin M\u0259d\u0259niyy\u0259t nazirl\u0259rinin toplant\u0131s\u0131na biz Avropadan nazirl\u0259ri d\u0259v\u0259t etdik. Az\u0259rbaycan nadir \u00f6lk\u0259l\u0259rd\u0259ndir ki, h\u0259m \u0130slam \u018fm\u0259kda\u015fl\u0131q T\u0259\u015fkilat\u0131na, h\u0259m d\u0259 Avropa \u015euras\u0131na \u00fczvd\u00fcr v\u0259 biz bu imkandan istifad\u0259 edib &#8220;Bak\u0131 Prosesi&#8221;n\u0259 start verdik. Bayaq qeyd etdiyim kimi, bu g\u00fcn beyn\u0259lxalq al\u0259md\u0259 &#8220;Bak\u0131 Prosesi&#8221; \u00e7ox y\u00fcks\u0259k qiym\u0259tl\u0259ndirilir v\u0259 bu, do\u011frudan da nadir \u0259m\u0259kda\u015fl\u0131q format\u0131d\u0131r.<\/p>\n<p>Dinl\u0259raras\u0131 dialoqdan dan\u0131\u015fark\u0259n, \u0259lb\u0259tt\u0259 ki, biz t\u0259kc\u0259 m\u00fcsb\u0259t m\u0259qamlar\u0131n qeyd edilm\u0259si il\u0259 kifay\u0259tl\u0259nm\u0259m\u0259liyik. Eyni zamanda, m\u00fcnaqi\u015f\u0259l\u0259ri din amilin\u0259 ba\u011flamaq c\u0259hdl\u0259rini d\u0259 \u00e7ox ciddi \u015f\u0259kild\u0259 pisl\u0259m\u0259liyik. Bu n\u00fcmun\u0259l\u0259rd\u0259n biri uzun ill\u0259r davam ed\u0259n Erm\u0259nistan-Az\u0259rbaycan Da\u011fl\u0131q Qaraba\u011f m\u00fcnaqi\u015f\u0259sidir. Bildirm\u0259liy\u0259m ki, Da\u011fl\u0131q Qaraba\u011f \u0259z\u0259li Az\u0259rbaycan torpa\u011f\u0131d\u0131r, tarixi Az\u0259rbaycan torpa\u011f\u0131d\u0131r. Az\u0259rbaycan xalq\u0131 \u0259srl\u0259rboyu bu torpaqda ya\u015fay\u0131b yaratm\u0131\u015fd\u0131r v\u0259 q\u0259dim x\u0259rit\u0259l\u0259rd\u0259, eyni zamanda, \u00c7ar Rusiyas\u0131n\u0131n XX \u0259srin \u0259vv\u0259ll\u0259rind\u0259 \u00e7ap edilmi\u015f x\u0259rit\u0259l\u0259rind\u0259 Da\u011fl\u0131q Qaraba\u011fa aid olan \u0259razid\u0259 b\u00fct\u00fcn toponiml\u0259r Az\u0259rbaycan m\u0259n\u015f\u0259lidir. Qaraba\u011f xanl\u0131\u011f\u0131 Az\u0259rbaycan xanl\u0131\u011f\u0131 olmu\u015fdur. Sad\u0259c\u0259 olaraq, XIX \u0259srin \u0259vv\u0259ll\u0259rind\u0259 erm\u0259nil\u0259r Da\u011fl\u0131q Qaraba\u011fa k\u00f6\u00e7\u00fcr\u00fclm\u00fc\u015fl\u0259r v\u0259 XX \u0259srd\u0259 orada milli t\u0259rkib b\u00f6y\u00fck d\u0259r\u0259c\u0259d\u0259 deformasiyaya u\u011fram\u0131\u015fd\u0131r. Onu da bildirm\u0259liy\u0259m ki, bol\u015fevik inqilab\u0131ndan sonra respublikalar aras\u0131nda c\u0131z\u0131lan x\u0259rit\u0259l\u0259r\u0259 g\u0259ldikd\u0259, o vaxt bol\u015fevik h\u00f6kum\u0259ti t\u0259r\u0259find\u0259n q\u0259rar q\u0259bul edilmi\u015fdir ki, Da\u011fl\u0131q Qaraba\u011f Az\u0259rbaycan\u0131n t\u0259rkibind\u0259 saxlan\u0131ls\u0131n. Bu, \u00e7ox \u00f6n\u0259mli m\u0259qamd\u0131r, \u00e7\u00fcnki tarixi t\u0259hrif etm\u0259kd\u0259 usta d\u0259r\u0259c\u0259sin\u0259 \u00e7atm\u0131\u015f erm\u0259ni tarix\u00e7il\u0259ri qeyd edirl\u0259r ki, Da\u011fl\u0131q Qaraba\u011f\u0131n Az\u0259rbaycana verilm\u0259si haqq\u0131nda q\u0259rar q\u0259bul edilmi\u015fdir. Halbuki bu, bel\u0259 deyil v\u0259 tarixi s\u0259n\u0259dl\u0259r bunu g\u00f6st\u0259rir, Da\u011fl\u0131q Qaraba\u011f\u0131 Az\u0259rbaycan\u0131n t\u0259rkibind\u0259 saxlamaq haqq\u0131nda q\u0259rar q\u0259bul edilmi\u015fdir. Y\u0259ni, bu, eyni zamanda, tarixi v\u0259 siyasi m\u0259qamlar\u0131 \u0259ks etdirir&#8221;.<\/p>\n<p>Prezident \u0130lham \u018fliyev vur\u011fulay\u0131b ki, Sovet \u0130ttifaq\u0131n\u0131n da\u011f\u0131lmas\u0131 \u0259r\u0259f\u0259sind\u0259 Da\u011fl\u0131q Qaraba\u011fda v\u0259 Erm\u0259nistanda ba\u015f qald\u0131rm\u0131\u015f mill\u0259t\u00e7i q\u00fcvv\u0259l\u0259r Az\u0259rbaycana qar\u015f\u0131 t\u0259cav\u00fcz\u0259 ba\u015flam\u0131\u015fd\u0131r v\u0259 h\u0259rbi t\u0259cav\u00fcz n\u0259tic\u0259sind\u0259 torpaqlar\u0131m\u0131z\u0131n t\u0259xmin\u0259n 20 faizi, o c\u00fcml\u0259d\u0259n Da\u011fl\u0131q Qaraba\u011f v\u0259 \u0259trafda olan 7 rayon i\u015f\u011fal alt\u0131na d\u00fc\u015fm\u00fc\u015fd\u00fcr: &#8220;Bu \u0259razil\u0259rd\u0259 Az\u0259rbaycan xalq\u0131na qar\u015f\u0131 soyq\u0131r\u0131m\u0131 t\u00f6r\u0259dilmi\u015fdir, bizim b\u00fct\u00fcn tarixi abid\u0259l\u0259rimiz, q\u0259birl\u0259rimiz, o c\u00fcml\u0259d\u0259n m\u0259scidl\u0259rimiz erm\u0259nil\u0259r t\u0259r\u0259find\u0259n da\u011f\u0131d\u0131lm\u0131\u015fd\u0131r. M\u00fcnaqi\u015f\u0259 il\u0259 ba\u011fl\u0131 BMT T\u0259hl\u00fck\u0259sizlik \u015euras\u0131 4 q\u0259tnam\u0259 q\u0259bul edib v\u0259 bu q\u0259tnam\u0259l\u0259rd\u0259 erm\u0259ni silahl\u0131 q\u00fcvv\u0259l\u0259rinin bizim torpaqlar\u0131m\u0131zdan \u00e7\u0131xar\u0131lmas\u0131 haqq\u0131nda a\u00e7\u0131q-ayd\u0131n m\u00fcdd\u0259alar var, Erm\u0259nistan bu q\u0259tnam\u0259l\u0259r\u0259 m\u0259h\u0259l qoymur. Dig\u0259r beyn\u0259lxalq t\u0259\u015fkilatlar &#8211; Qo\u015fulmama H\u0259r\u0259kat\u0131, \u0130slam \u018fm\u0259kda\u015fl\u0131q T\u0259\u015fkilat\u0131, Avropa Parlamenti, Avropa \u015euras\u0131 v\u0259 ba\u015fqa t\u0259\u015fkilatlar ox\u015far q\u0259rar v\u0259 q\u0259tnam\u0259l\u0259r q\u0259bul etmi\u015fl\u0259r. M\u00fcnaqi\u015f\u0259nin h\u0259lli \u00fc\u00e7\u00fcn yegan\u0259 yol Az\u0259rbaycan\u0131n \u0259razi b\u00fct\u00f6vl\u00fcy\u00fcn\u00fcn b\u0259rpas\u0131d\u0131r.<\/p>\n<p>Bu b\u00f6y\u00fck humanitar f\u0259lak\u0259t n\u0259tic\u0259sind\u0259 Da\u011fl\u0131q Qaraba\u011fdan, Erm\u0259nistandan v\u0259 Qaraba\u011f\u0131 \u0259hat\u0259 ed\u0259n rayonlardan bir milyon az\u0259rbaycanl\u0131 qa\u00e7q\u0131n-k\u00f6\u00e7k\u00fcn v\u0259ziyy\u0259tin\u0259 d\u00fc\u015fm\u00fc\u015fd\u00fcr. O vaxt Az\u0259rbaycan\u0131n \u0259halisi 8 milyon idi. Y\u0259ni, t\u0259s\u0259vv\u00fcr edin n\u0259 q\u0259d\u0259r b\u00f6y\u00fck humanitar f\u0259lak\u0259t idi. Buna baxmayaraq, Az\u0259rbaycan u\u011furla inki\u015faf edir, \u00f6lk\u0259miz beyn\u0259lxalq al\u0259md\u0259 b\u00f6y\u00fck n\u00fcfuz qazanm\u0131\u015fd\u0131r. Ke\u00e7\u0259n ay Bak\u0131da Qo\u015fulmama H\u0259r\u0259kat\u0131n\u0131n Zirv\u0259 G\u00f6r\u00fc\u015f\u00fcn\u00fcn Yekun B\u0259yannam\u0259si d\u0259 \u0259dal\u0259ti \u0259ks etdirir v\u0259 bildirm\u0259liy\u0259m ki, Az\u0259rbaycan bu b\u00f6y\u00fck t\u0259\u015fkilata s\u0259drliyi \u00f6z \u00fcz\u0259rin\u0259 g\u00f6t\u00fcrm\u00fc\u015fd\u00fcr. Az\u0259rbaycan 120 \u00f6lk\u0259nin yekdil q\u0259rar\u0131 il\u0259 bundan sonra \u00fc\u00e7 il \u0259rzind\u0259 Qo\u015fulmama H\u0259r\u0259kat\u0131na s\u0259drlik ed\u0259c\u0259k&#8221;.<\/p>\n<p>Az\u0259rbaycan Prezidenti qeyd edib ki, bizim iqtisadi g\u00f6st\u0259ricil\u0259rimiz \u00e7ox m\u00fcsb\u0259tdir: &#8220;2003-c\u00fc ild\u0259n bu g\u00fcn\u0259 q\u0259d\u0259r \u00f6lk\u0259 iqtisadiyyat\u0131 3,2 d\u0259f\u0259 artm\u0131\u015fd\u0131r, savadl\u0131l\u0131q 100 faiz\u0259 yax\u0131nd\u0131r, yoxsulluq son 16 il \u0259rzind\u0259 t\u0259xmin\u0259n 50 faizd\u0259n 5 faiz\u0259 d\u00fc\u015fm\u00fc\u015fd\u00fcr. Az\u0259rbaycan texnoloji inki\u015fafa b\u00f6y\u00fck \u00f6n\u0259m verir v\u0259 bu g\u00fcn d\u00fcnyan\u0131n m\u0259hdud sayda olan kosmik klubunun \u00fczv\u00fcd\u00fcr, \u00fc\u00e7 peykimiz var. \u00d6n\u0259mli n\u0259qliyyat layih\u0259l\u0259ri icra edilir. Bu layih\u0259l\u0259r, sad\u0259c\u0259 olaraq, n\u0259qliyyat layih\u0259l\u0259ri deyil, bu, \u0259m\u0259kda\u015fl\u0131q layih\u0259l\u0259ridir. \u00c7\u00fcnki n\u0259qliyyat el\u0259 bir sah\u0259dir ki, qon\u015fu \u00f6lk\u0259l\u0259r v\u0259 dig\u0259r b\u00f6lg\u0259 \u00f6lk\u0259l\u0259ri bir-birind\u0259n as\u0131l\u0131 olurlar. Az\u0259rbaycan a\u00e7\u0131q d\u0259nizl\u0259r\u0259 \u00e7\u0131x\u0131\u015f\u0131 olmayan bir \u00f6lk\u0259 kimi art\u0131q beyn\u0259lxalq n\u0259qliyyat m\u0259rk\u0259zl\u0259rind\u0259n birin\u0259 \u00e7evrilmi\u015fdir &#8211; \u015e\u0259rq-Q\u0259rb v\u0259 \u015eimal-C\u0259nub n\u0259qliyyat d\u0259hlizl\u0259ri Az\u0259rbaycan\u0131n \u0259razisind\u0259n ke\u00e7ir.<\/p>\n<p>B\u00fct\u00fcn bu nailiyy\u0259tl\u0259r dem\u0259y\u0259 \u0259sas verir ki, inki\u015faf\u0131m\u0131z bundan sonra da u\u011furlu olacaq, g\u0259l\u0259c\u0259yimiz parlaq olacaq v\u0259 u\u011furlu g\u0259l\u0259c\u0259yimizin \u0259sas \u015f\u0259rti daxili sabitlikdir. Sabitliyin d\u0259 t\u0259minat\u00e7\u0131s\u0131 Az\u0259rbaycan xalq\u0131d\u0131r, onun r\u0259yidir, onun biz\u0259 verdiyi d\u0259st\u0259kdir. Xalq-iqtidar birliyi Az\u0259rbaycan\u0131n u\u011furlu inki\u015faf\u0131n\u0131n \u0259sas amill\u0259rind\u0259n biridir v\u0259 eyni zamanda, dinl\u0259raras\u0131 m\u00fcnasib\u0259tl\u0259r d\u0259 bizim g\u00fcc\u00fcm\u00fcz\u00fc art\u0131r\u0131r.<\/p>\n<p>M\u0259n \u0259min\u0259m ki, bu Zirv\u0259 g\u00f6r\u00fc\u015f\u00fcn\u00fcn \u00e7ox b\u00f6y\u00fck \u0259h\u0259miyy\u0259ti olacaq v\u0259 Bak\u0131dan s\u0259sl\u0259n\u0259n mesajlar laz\u0131mi \u00fcnvana \u00e7atacaq. Hesab edir\u0259m ki, \u0259sas istiqam\u0259tl\u0259rd\u0259n biri dini ayr\u0131-se\u00e7kiliy\u0259 yol verm\u0259m\u0259k, ksenofobiya, islamofobiya, antisemitizm\u0259 qar\u015f\u0131 birg\u0259 m\u00fcbariz\u0259 aparmaq, dind\u0259n siyasi m\u0259qs\u0259dl\u0259r \u00fc\u00e7\u00fcn istifad\u0259 etm\u0259m\u0259k, m\u00fcnaqi\u015f\u0259l\u0259r\u0259 dini don geyindirm\u0259m\u0259k, m\u00fcnaqi\u015f\u0259 zaman\u0131 tarixi-dini abid\u0259l\u0259ri da\u011f\u0131tmamaq v\u0259 \u0259n\u0259n\u0259vi d\u0259y\u0259rl\u0259ri t\u0259bli\u011f etm\u0259kdir. Hesab edir\u0259m ki, dediyim bu m\u0259s\u0259l\u0259l\u0259r Az\u0259rbaycan\u0131n bu istiqam\u0259td\u0259ki siyas\u0259tini \u0259ks etdirir. \u018fmin\u0259m ki, Zirv\u0259 g\u00f6r\u00fc\u015f\u00fcn\u00fcn n\u0259tic\u0259l\u0259ri bu istiqam\u0259td\u0259 at\u0131lm\u0131\u015f n\u00f6vb\u0259ti add\u0131m olacaqd\u0131r&#8221;.<\/p>\n","protected":false},"excerpt":{"rendered":"<p>&#8220;\u018fmin\u0259m ki, bu Zirv\u0259 g\u00f6r\u00fc\u015f\u00fcn\u00fcn \u00e7ox b\u00f6y\u00fck \u0259h\u0259miyy\u0259ti olacaq v\u0259 Bak\u0131dan s\u0259sl\u0259n\u0259n mesajlar laz\u0131mi \u00fcnvana \u00e7atacaq&#8221;. ARANTV.AZ\u00a0AZ\u018fRTAC-a istinad\u0259n x\u0259b\u0259r verir ki, bunu Az\u0259rbaycan Prezidenti \u0130lham \u018fliyev Bak\u0131da ke\u00e7iril\u0259n D\u00fcnya dini liderl\u0259rinin II Sammitind\u0259 \u00e7\u0131x\u0131\u015f\u0131 zaman\u0131 deyib. D\u00f6vl\u0259t ba\u015f\u00e7\u0131s\u0131 bildirib: &#8220;Ke\u00e7\u0259n il biz &#8220;Bak\u0131 Prosesi&#8221;nin 10 illiyini qeyd etmi\u015fik. &#8220;Bak\u0131 Prosesi&#8221; bizim t\u0259\u015f\u0259bb\u00fcs\u00fcm\u00fczl\u0259 ba\u015flanm\u0131\u015f prosesdir v\u0259 bu g\u00fcn bu, geni\u015f beyn\u0259lxalq d\u0259st\u0259y\u0259 malikdir. O c\u00fcml\u0259d\u0259n BMT &#8220;Bak\u0131 Prosesi&#8221;ni dinl\u0259raras\u0131, m\u0259d\u0259niyy\u0259tl\u0259raras\u0131 dialoqun \u00f6n\u0259mli platformas\u0131 kimi q\u0259bul edir. 2008-ci ild\u0259 Bak\u0131da Avropa \u015euras\u0131n\u0131n M\u0259d\u0259niyy\u0259t nazirl\u0259rinin toplant\u0131s\u0131 ke\u00e7irilmi\u015fdir v\u0259 biz q\u0259rara g\u0259ldik ki, bu&hellip;<\/p>\n","protected":false},"author":2,"featured_media":96466,"comment_status":"closed","ping_status":"closed","sticky":false,"template":"","format":"standard","meta":{"om_disable_all_campaigns":false,"_monsterinsights_skip_tracking":false,"_monsterinsights_sitenote_active":false,"_monsterinsights_sitenote_note":"","_monsterinsights_sitenote_category":0},"categories":[4],"tags":[],"aioseo_notices":[],"gutentor_comment":0,"rttpg_featured_image_url":{"full":["https:\/\/arantv.az\/wp-content\/uploads\/2019\/11\/802154_014.jpg",1000,648,false],"landscape":["https:\/\/arantv.az\/wp-content\/uploads\/2019\/11\/802154_014.jpg",1000,648,false],"portraits":["https:\/\/arantv.az\/wp-content\/uploads\/2019\/11\/802154_014.jpg",1000,648,false],"thumbnail":["https:\/\/arantv.az\/wp-content\/uploads\/2019\/11\/802154_014-150x150.jpg",150,150,true],"medium":["https:\/\/arantv.az\/wp-content\/uploads\/2019\/11\/802154_014-300x194.jpg",300,194,true],"large":["https:\/\/arantv.az\/wp-content\/uploads\/2019\/11\/802154_014.jpg",640,415,false],"1536x1536":["https:\/\/arantv.az\/wp-content\/uploads\/2019\/11\/802154_014.jpg",1000,648,false],"2048x2048":["https:\/\/arantv.az\/wp-content\/uploads\/2019\/11\/802154_014.jpg",1000,648,false],"post-thumbnail":["https:\/\/arantv.az\/wp-content\/uploads\/2019\/11\/802154_014-240x172.jpg",240,172,true],"advps-thumb-one":["https:\/\/arantv.az\/wp-content\/uploads\/2019\/11\/802154_014-1000x620.jpg",1000,620,true]},"rttpg_author":{"display_name":"V\u00fcsal Rafiqo\u011flu","author_link":"https:\/\/arantv.az\/?author=2"},"rttpg_comment":0,"rttpg_category":"<a href=\"https:\/\/arantv.az\/?cat=4\" rel=\"category\">Siyas\u0259t<\/a>","rttpg_excerpt":"&#8220;\u018fmin\u0259m ki, bu Zirv\u0259 g\u00f6r\u00fc\u015f\u00fcn\u00fcn \u00e7ox b\u00f6y\u00fck \u0259h\u0259miyy\u0259ti olacaq v\u0259 Bak\u0131dan s\u0259sl\u0259n\u0259n mesajlar laz\u0131mi \u00fcnvana \u00e7atacaq&#8221;. ARANTV.AZ\u00a0AZ\u018fRTAC-a istinad\u0259n x\u0259b\u0259r verir ki, bunu Az\u0259rbaycan Prezidenti \u0130lham \u018fliyev Bak\u0131da ke\u00e7iril\u0259n D\u00fcnya dini liderl\u0259rinin II Sammitind\u0259 \u00e7\u0131x\u0131\u015f\u0131 zaman\u0131 deyib. D\u00f6vl\u0259t ba\u015f\u00e7\u0131s\u0131 bildirib: &#8220;Ke\u00e7\u0259n il biz &#8220;Bak\u0131 Prosesi&#8221;nin 10 illiyini qeyd etmi\u015fik. &#8220;Bak\u0131 Prosesi&#8221; bizim t\u0259\u015f\u0259bb\u00fcs\u00fcm\u00fczl\u0259 ba\u015flanm\u0131\u015f prosesdir v\u0259&hellip;","_links":{"self":[{"href":"https:\/\/arantv.az\/index.php?rest_route=\/wp\/v2\/posts\/96465"}],"collection":[{"href":"https:\/\/arantv.az\/index.php?rest_route=\/wp\/v2\/posts"}],"about":[{"href":"https:\/\/arantv.az\/index.php?rest_route=\/wp\/v2\/types\/post"}],"author":[{"embeddable":true,"href":"https:\/\/arantv.az\/index.php?rest_route=\/wp\/v2\/users\/2"}],"replies":[{"embeddable":true,"href":"https:\/\/arantv.az\/index.php?rest_route=%2Fwp%2Fv2%2Fcomments&post=96465"}],"version-history":[{"count":0,"href":"https:\/\/arantv.az\/index.php?rest_route=\/wp\/v2\/posts\/96465\/revisions"}],"wp:featuredmedia":[{"embeddable":true,"href":"https:\/\/arantv.az\/index.php?rest_route=\/wp\/v2\/media\/96466"}],"wp:attachment":[{"href":"https:\/\/arantv.az\/index.php?rest_route=%2Fwp%2Fv2%2Fmedia&parent=96465"}],"wp:term":[{"taxonomy":"category","embeddable":true,"href":"https:\/\/arantv.az\/index.php?rest_route=%2Fwp%2Fv2%2Fcategories&post=96465"},{"taxonomy":"post_tag","embeddable":true,"href":"https:\/\/arantv.az\/index.php?rest_route=%2Fwp%2Fv2%2Ftags&post=96465"}],"curies":[{"name":"wp","href":"https:\/\/api.w.org\/{rel}","templated":true}]}}