{"id":96469,"date":"2019-11-14T16:40:11","date_gmt":"2019-11-14T13:40:11","guid":{"rendered":"http:\/\/arantv.az\/?p=96469"},"modified":"2019-11-14T16:40:11","modified_gmt":"2019-11-14T13:40:11","slug":"prezident-ilham-%c9%99liyev-xalq-iqtidar-birliyi-az%c9%99rbaycanin-ugurlu-inkisafinin-%c9%99sas-amill%c9%99rind%c9%99n-biridir-v%c9%99-eyni-zamanda-dinl%c9%99rarasi-munasib%c9%99tl%c9%99r-d%c9%99-2","status":"publish","type":"post","link":"https:\/\/arantv.az\/?p=96469","title":{"rendered":"Prezident \u0130lham \u018fliyev: &#8220;Xalq-iqtidar birliyi Az\u0259rbaycan\u0131n u\u011furlu inki\u015faf\u0131n\u0131n \u0259sas amill\u0259rind\u0259n biridir v\u0259 eyni zamanda, dinl\u0259raras\u0131 m\u00fcnasib\u0259tl\u0259r d\u0259 bizim g\u00fcc\u00fcm\u00fcz\u00fc art\u0131r\u0131r&#8221;"},"content":{"rendered":"<p>&#8220;Xalq-iqtidar birliyi Az\u0259rbaycan\u0131n u\u011furlu inki\u015faf\u0131n\u0131n \u0259sas amill\u0259rind\u0259n biridir v\u0259 eyni zamanda, dinl\u0259raras\u0131 m\u00fcnasib\u0259tl\u0259r d\u0259 bizim g\u00fcc\u00fcm\u00fcz\u00fc art\u0131r\u0131r&#8221;.<\/p>\n<p><strong>ARANTV.AZ<\/strong>\u00a0\u00a0<a href=\"https:\/\/azertag.az\/\" target=\"_blank\" rel=\"noopener\">AZ\u018fRTAC<\/a>-a istinad\u0259n x\u0259b\u0259r verir ki, bunu Az\u0259rbaycan Prezidenti \u0130lham \u018fliyev Bak\u0131da ke\u00e7iril\u0259n D\u00fcnya dini liderl\u0259rinin II Sammitind\u0259 \u00e7\u0131x\u0131\u015f\u0131 zaman\u0131 deyib.<\/p>\n<p>D\u00f6vl\u0259t ba\u015f\u00e7\u0131s\u0131 bildirib: &#8220;Bizim iqtisadi g\u00f6st\u0259ricil\u0259rimiz \u00e7ox m\u00fcsb\u0259tdir. 2003-c\u00fc ild\u0259n bu g\u00fcn\u0259 q\u0259d\u0259r \u00f6lk\u0259 iqtisadiyyat\u0131 3,2 d\u0259f\u0259 artm\u0131\u015fd\u0131r, savadl\u0131l\u0131q 100 faiz\u0259 yax\u0131nd\u0131r, yoxsulluq son 16 il \u0259rzind\u0259 t\u0259xmin\u0259n 50 faizd\u0259n 5 faiz\u0259 d\u00fc\u015fm\u00fc\u015fd\u00fcr. Az\u0259rbaycan texnoloji inki\u015fafa b\u00f6y\u00fck \u00f6n\u0259m verir v\u0259 bu g\u00fcn d\u00fcnyan\u0131n m\u0259hdud sayda olan kosmik klubunun \u00fczv\u00fcd\u00fcr, \u00fc\u00e7 peykimiz var. \u00d6n\u0259mli n\u0259qliyyat layih\u0259l\u0259ri icra edilir. Bu layih\u0259l\u0259r, sad\u0259c\u0259 olaraq, n\u0259qliyyat layih\u0259l\u0259ri deyil, bu, \u0259m\u0259kda\u015fl\u0131q layih\u0259l\u0259ridir. \u00c7\u00fcnki n\u0259qliyyat el\u0259 bir sah\u0259dir ki, qon\u015fu \u00f6lk\u0259l\u0259r v\u0259 dig\u0259r b\u00f6lg\u0259 \u00f6lk\u0259l\u0259ri bir-birind\u0259n as\u0131l\u0131 olurlar. Az\u0259rbaycan a\u00e7\u0131q d\u0259nizl\u0259r\u0259 \u00e7\u0131x\u0131\u015f\u0131 olmayan bir \u00f6lk\u0259 kimi art\u0131q beyn\u0259lxalq n\u0259qliyyat m\u0259rk\u0259zl\u0259rind\u0259n birin\u0259 \u00e7evrilmi\u015fdir &#8211; \u015e\u0259rq-Q\u0259rb v\u0259 \u015eimal-C\u0259nub n\u0259qliyyat d\u0259hlizl\u0259ri Az\u0259rbaycan\u0131n \u0259razisind\u0259n ke\u00e7ir.<\/p>\n<p>B\u00fct\u00fcn bu nailiyy\u0259tl\u0259r dem\u0259y\u0259 \u0259sas verir ki, inki\u015faf\u0131m\u0131z bundan sonra da u\u011furlu olacaq, g\u0259l\u0259c\u0259yimiz parlaq olacaq v\u0259 u\u011furlu g\u0259l\u0259c\u0259yimizin \u0259sas \u015f\u0259rti daxili sabitlikdir. Sabitliyin d\u0259 t\u0259minat\u00e7\u0131s\u0131 Az\u0259rbaycan xalq\u0131d\u0131r, onun r\u0259yidir, onun biz\u0259 verdiyi d\u0259st\u0259kdir. Xalq-iqtidar birliyi Az\u0259rbaycan\u0131n u\u011furlu inki\u015faf\u0131n\u0131n \u0259sas amill\u0259rind\u0259n biridir v\u0259 eyni zamanda, dinl\u0259raras\u0131 m\u00fcnasib\u0259tl\u0259r d\u0259 bizim g\u00fcc\u00fcm\u00fcz\u00fc art\u0131r\u0131r.<\/p>\n<p>M\u0259n \u0259min\u0259m ki, bu Zirv\u0259 g\u00f6r\u00fc\u015f\u00fcn\u00fcn \u00e7ox b\u00f6y\u00fck \u0259h\u0259miyy\u0259ti olacaq v\u0259 Bak\u0131dan s\u0259sl\u0259n\u0259n mesajlar laz\u0131mi \u00fcnvana \u00e7atacaq. Hesab edir\u0259m ki, \u0259sas istiqam\u0259tl\u0259rd\u0259n biri dini ayr\u0131-se\u00e7kiliy\u0259 yol verm\u0259m\u0259k, ksenofobiya, islamofobiya, antisemitizm\u0259 qar\u015f\u0131 birg\u0259 m\u00fcbariz\u0259 aparmaq, dind\u0259n siyasi m\u0259qs\u0259dl\u0259r \u00fc\u00e7\u00fcn istifad\u0259 etm\u0259m\u0259k, m\u00fcnaqi\u015f\u0259l\u0259r\u0259 dini don geyindirm\u0259m\u0259k, m\u00fcnaqi\u015f\u0259 zaman\u0131 tarixi-dini abid\u0259l\u0259ri da\u011f\u0131tmamaq v\u0259 \u0259n\u0259n\u0259vi d\u0259y\u0259rl\u0259ri t\u0259bli\u011f etm\u0259kdir. Hesab edir\u0259m ki, dediyim bu m\u0259s\u0259l\u0259l\u0259r Az\u0259rbaycan\u0131n bu istiqam\u0259td\u0259ki siyas\u0259tini \u0259ks etdirir. \u018fmin\u0259m ki, Zirv\u0259 g\u00f6r\u00fc\u015f\u00fcn\u00fcn n\u0259tic\u0259l\u0259ri bu istiqam\u0259td\u0259 at\u0131lm\u0131\u015f n\u00f6vb\u0259ti add\u0131m olacaqd\u0131r&#8221;.<\/p>\n","protected":false},"excerpt":{"rendered":"<p>&#8220;Xalq-iqtidar birliyi Az\u0259rbaycan\u0131n u\u011furlu inki\u015faf\u0131n\u0131n \u0259sas amill\u0259rind\u0259n biridir v\u0259 eyni zamanda, dinl\u0259raras\u0131 m\u00fcnasib\u0259tl\u0259r d\u0259 bizim g\u00fcc\u00fcm\u00fcz\u00fc art\u0131r\u0131r&#8221;. ARANTV.AZ\u00a0\u00a0AZ\u018fRTAC-a istinad\u0259n x\u0259b\u0259r verir ki, bunu Az\u0259rbaycan Prezidenti \u0130lham \u018fliyev Bak\u0131da ke\u00e7iril\u0259n D\u00fcnya dini liderl\u0259rinin II Sammitind\u0259 \u00e7\u0131x\u0131\u015f\u0131 zaman\u0131 deyib. D\u00f6vl\u0259t ba\u015f\u00e7\u0131s\u0131 bildirib: &#8220;Bizim iqtisadi g\u00f6st\u0259ricil\u0259rimiz \u00e7ox m\u00fcsb\u0259tdir. 2003-c\u00fc ild\u0259n bu g\u00fcn\u0259 q\u0259d\u0259r \u00f6lk\u0259 iqtisadiyyat\u0131 3,2 d\u0259f\u0259 artm\u0131\u015fd\u0131r, savadl\u0131l\u0131q 100 faiz\u0259 yax\u0131nd\u0131r, yoxsulluq son 16 il \u0259rzind\u0259 t\u0259xmin\u0259n 50 faizd\u0259n 5 faiz\u0259 d\u00fc\u015fm\u00fc\u015fd\u00fcr. Az\u0259rbaycan texnoloji inki\u015fafa b\u00f6y\u00fck \u00f6n\u0259m verir v\u0259 bu g\u00fcn d\u00fcnyan\u0131n m\u0259hdud sayda olan kosmik klubunun \u00fczv\u00fcd\u00fcr, \u00fc\u00e7 peykimiz var. \u00d6n\u0259mli&hellip;<\/p>\n","protected":false},"author":2,"featured_media":96417,"comment_status":"closed","ping_status":"closed","sticky":false,"template":"","format":"standard","meta":{"om_disable_all_campaigns":false,"_monsterinsights_skip_tracking":false,"_monsterinsights_sitenote_active":false,"_monsterinsights_sitenote_note":"","_monsterinsights_sitenote_category":0},"categories":[4],"tags":[],"aioseo_notices":[],"gutentor_comment":0,"rttpg_featured_image_url":{"full":["https:\/\/arantv.az\/wp-content\/uploads\/2019\/11\/2018_ilham_aliyev_05-6.jpg",1200,900,false],"landscape":["https:\/\/arantv.az\/wp-content\/uploads\/2019\/11\/2018_ilham_aliyev_05-6.jpg",1200,900,false],"portraits":["https:\/\/arantv.az\/wp-content\/uploads\/2019\/11\/2018_ilham_aliyev_05-6.jpg",1200,900,false],"thumbnail":["https:\/\/arantv.az\/wp-content\/uploads\/2019\/11\/2018_ilham_aliyev_05-6-150x150.jpg",150,150,true],"medium":["https:\/\/arantv.az\/wp-content\/uploads\/2019\/11\/2018_ilham_aliyev_05-6-300x225.jpg",300,225,true],"large":["https:\/\/arantv.az\/wp-content\/uploads\/2019\/11\/2018_ilham_aliyev_05-6-1024x768.jpg",640,480,true],"1536x1536":["https:\/\/arantv.az\/wp-content\/uploads\/2019\/11\/2018_ilham_aliyev_05-6.jpg",1200,900,false],"2048x2048":["https:\/\/arantv.az\/wp-content\/uploads\/2019\/11\/2018_ilham_aliyev_05-6.jpg",1200,900,false],"post-thumbnail":["https:\/\/arantv.az\/wp-content\/uploads\/2019\/11\/2018_ilham_aliyev_05-6-240x172.jpg",240,172,true],"advps-thumb-one":["https:\/\/arantv.az\/wp-content\/uploads\/2019\/11\/2018_ilham_aliyev_05-6-1200x620.jpg",1200,620,true]},"rttpg_author":{"display_name":"V\u00fcsal Rafiqo\u011flu","author_link":"https:\/\/arantv.az\/?author=2"},"rttpg_comment":0,"rttpg_category":"<a href=\"https:\/\/arantv.az\/?cat=4\" rel=\"category\">Siyas\u0259t<\/a>","rttpg_excerpt":"&#8220;Xalq-iqtidar birliyi Az\u0259rbaycan\u0131n u\u011furlu inki\u015faf\u0131n\u0131n \u0259sas amill\u0259rind\u0259n biridir v\u0259 eyni zamanda, dinl\u0259raras\u0131 m\u00fcnasib\u0259tl\u0259r d\u0259 bizim g\u00fcc\u00fcm\u00fcz\u00fc art\u0131r\u0131r&#8221;. ARANTV.AZ\u00a0\u00a0AZ\u018fRTAC-a istinad\u0259n x\u0259b\u0259r verir ki, bunu Az\u0259rbaycan Prezidenti \u0130lham \u018fliyev Bak\u0131da ke\u00e7iril\u0259n D\u00fcnya dini liderl\u0259rinin II Sammitind\u0259 \u00e7\u0131x\u0131\u015f\u0131 zaman\u0131 deyib. D\u00f6vl\u0259t ba\u015f\u00e7\u0131s\u0131 bildirib: &#8220;Bizim iqtisadi g\u00f6st\u0259ricil\u0259rimiz \u00e7ox m\u00fcsb\u0259tdir. 2003-c\u00fc ild\u0259n bu g\u00fcn\u0259 q\u0259d\u0259r \u00f6lk\u0259 iqtisadiyyat\u0131 3,2 d\u0259f\u0259 artm\u0131\u015fd\u0131r,&hellip;","_links":{"self":[{"href":"https:\/\/arantv.az\/index.php?rest_route=\/wp\/v2\/posts\/96469"}],"collection":[{"href":"https:\/\/arantv.az\/index.php?rest_route=\/wp\/v2\/posts"}],"about":[{"href":"https:\/\/arantv.az\/index.php?rest_route=\/wp\/v2\/types\/post"}],"author":[{"embeddable":true,"href":"https:\/\/arantv.az\/index.php?rest_route=\/wp\/v2\/users\/2"}],"replies":[{"embeddable":true,"href":"https:\/\/arantv.az\/index.php?rest_route=%2Fwp%2Fv2%2Fcomments&post=96469"}],"version-history":[{"count":0,"href":"https:\/\/arantv.az\/index.php?rest_route=\/wp\/v2\/posts\/96469\/revisions"}],"wp:featuredmedia":[{"embeddable":true,"href":"https:\/\/arantv.az\/index.php?rest_route=\/wp\/v2\/media\/96417"}],"wp:attachment":[{"href":"https:\/\/arantv.az\/index.php?rest_route=%2Fwp%2Fv2%2Fmedia&parent=96469"}],"wp:term":[{"taxonomy":"category","embeddable":true,"href":"https:\/\/arantv.az\/index.php?rest_route=%2Fwp%2Fv2%2Fcategories&post=96469"},{"taxonomy":"post_tag","embeddable":true,"href":"https:\/\/arantv.az\/index.php?rest_route=%2Fwp%2Fv2%2Ftags&post=96469"}],"curies":[{"name":"wp","href":"https:\/\/api.w.org\/{rel}","templated":true}]}}