{"id":96472,"date":"2019-11-14T16:40:51","date_gmt":"2019-11-14T13:40:51","guid":{"rendered":"http:\/\/arantv.az\/?p=96472"},"modified":"2019-11-14T16:40:51","modified_gmt":"2019-11-14T13:40:51","slug":"prezident-ilham-%c9%99liyev-dovl%c9%99t-din-munasib%c9%99tl%c9%99rinin-t%c9%99m%c9%99lini-m%c9%99hz-heyd%c9%99r-%c9%99liyev-qoymusdur-nec%c9%99-ki-muasir-az%c9%99rbaycanin-butun-basqa-istiqam-2","status":"publish","type":"post","link":"https:\/\/arantv.az\/?p=96472","title":{"rendered":"Prezident \u0130lham \u018fliyev: &#8220;D\u00f6vl\u0259t-din m\u00fcnasib\u0259tl\u0259rinin t\u0259m\u0259lini m\u0259hz Heyd\u0259r \u018fliyev qoymu\u015fdur, nec\u0259 ki, m\u00fcasir Az\u0259rbaycan\u0131n b\u00fct\u00fcn ba\u015fqa istiqam\u0259tl\u0259r \u00fczr\u0259 inki\u015faf konsepsiyas\u0131 onun ad\u0131 il\u0259 ba\u011fl\u0131d\u0131r&#8221;"},"content":{"rendered":"<p>&#8220;D\u00f6vl\u0259t-din m\u00fcnasib\u0259tl\u0259rinin t\u0259m\u0259lini m\u0259hz Heyd\u0259r \u018fliyev qoymu\u015fdur, nec\u0259 ki, m\u00fcasir Az\u0259rbaycan\u0131n b\u00fct\u00fcn ba\u015fqa istiqam\u0259tl\u0259r \u00fczr\u0259 inki\u015faf konsepsiyas\u0131 onun ad\u0131 il\u0259 ba\u011fl\u0131d\u0131r&#8221;.<\/p>\n<p><strong>ARANTV.AZ\u00a0<\/strong><a href=\"https:\/\/azertag.az\/\" target=\"_blank\" rel=\"noopener\">AZ\u018fRTAC<\/a>-a istinad\u0259n x\u0259b\u0259r verir ki, bunu Az\u0259rbaycan Prezidenti \u0130lham \u018fliyev Bak\u0131da ke\u00e7iril\u0259n D\u00fcnya dini liderl\u0259rinin II Sammitind\u0259 \u00e7\u0131x\u0131\u015f\u0131 zaman\u0131 deyib.<\/p>\n<p>D\u00f6vl\u0259t ba\u015f\u00e7\u0131s\u0131 bildirib: &#8220;Az\u0259rbaycanda d\u00f6vl\u0259t-din m\u00fcnasib\u0259tl\u0259ri y\u00fcks\u0259k s\u0259viyy\u0259d\u0259 t\u0259nziml\u0259nir. D\u00f6vl\u0259t-din m\u00fcnasib\u0259tl\u0259rinin \u0259sas\u0131n\u0131 ulu \u00f6nd\u0259r Heyd\u0259r \u018fliyev qoymu\u015fdur. Heyd\u0259r \u018fliyev Az\u0259rbaycan xalq\u0131n\u0131n b\u00f6y\u00fck o\u011fludur v\u0259 b\u00fct\u00fcn d\u00f6vrl\u0259rd\u0259 &#8211; h\u0259m sovet d\u00f6vr\u00fcnd\u0259, h\u0259m m\u00fcst\u0259qillik d\u00f6vr\u00fcnd\u0259 xalqa l\u0259yaq\u0259tl\u0259 xidm\u0259t etmi\u015fdir. D\u00f6vl\u0259t-din m\u00fcnasib\u0259tl\u0259rinin t\u0259m\u0259lini m\u0259hz Heyd\u0259r \u018fliyev qoymu\u015fdur, nec\u0259 ki, m\u00fcasir Az\u0259rbaycan\u0131n b\u00fct\u00fcn ba\u015fqa istiqam\u0259tl\u0259r \u00fczr\u0259 inki\u015faf konsepsiyas\u0131 onun ad\u0131 il\u0259 ba\u011fl\u0131d\u0131r. 1991-ci ild\u0259 Az\u0259rbaycan d\u00f6vl\u0259t m\u00fcst\u0259qilliyin\u0259 nail olmu\u015fdur. Ancaq ilk iki ild\u0259 m\u00fcst\u0259qillik formal xarakter da\u015f\u0131y\u0131rd\u0131. Dem\u0259k olar ki, \u00f6lk\u0259 idar\u0259olunmaz v\u0259ziyy\u0259td\u0259 idi. X\u00fcsusil\u0259 1992-ci ild\u0259 Az\u0259rbaycan Xalq C\u0259bh\u0259si t\u0259r\u0259find\u0259n h\u0259yata ke\u00e7irilmi\u015f h\u0259rbi \u00e7evrili\u015f n\u0259tic\u0259sind\u0259 v\u0259ziyy\u0259t daha da a\u011f\u0131rla\u015fd\u0131, Az\u0259rbaycan d\u0259rin b\u00f6hrana d\u00fc\u00e7ar oldu, \u00f6lk\u0259ni xaos, anarxiya, \u00f6zba\u015f\u0131nal\u0131q b\u00fcr\u00fcd\u00fc. Eyni zamanda, dinl\u0259raras\u0131, mill\u0259tl\u0259raras\u0131 m\u00fcnasib\u0259tl\u0259r\u0259 b\u00f6y\u00fck ziyan vuruldu. Az\u0259rbaycan Xalq C\u0259bh\u0259sinin hakimiyy\u0259ti tariximizin qara l\u0259k\u0259sidir. Bu, r\u00fcsvay\u00e7\u0131l\u0131q d\u00f6vr\u00fcd\u00fcr v\u0259 t\u0259sad\u00fcfi deyil ki, Az\u0259rbaycan xalq\u0131 bu antimilli, satq\u0131n v\u0259 qorxaq hakimiyy\u0259t\u0259 c\u0259mi bir il d\u00f6z\u0259 bildi, bir ild\u0259n sonra \u00f6z liderin\u0259 \u00fcz tutub Heyd\u0259r \u018fliyevi hakimiyy\u0259t\u0259 d\u0259v\u0259t etdi v\u0259 ona \u00f6lk\u0259nin g\u0259l\u0259c\u0259yini etibar etdi.<\/p>\n<p>Heyd\u0259r \u018fliyev hakimiyy\u0259t\u0259 g\u0259l\u0259nd\u0259n sonra, ilk n\u00f6vb\u0259d\u0259, qanunsuz silahl\u0131 birl\u0259\u015fm\u0259l\u0259rin t\u0259rk-silah edilm\u0259si istiqam\u0259tind\u0259 \u00f6n\u0259mli add\u0131mlar atd\u0131, erm\u0259ni i\u015f\u011fal\u0131n\u0131n qar\u015f\u0131s\u0131n\u0131 ald\u0131 v\u0259 Az\u0259rbaycan i\u015f\u011fal alt\u0131nda olmu\u015f b\u0259zi torpaqlar\u0131 geri qaytara bildi. \u00d6lk\u0259d\u0259 sabitlik b\u0259rq\u0259rar oldu, inki\u015faf yoluna q\u0259d\u0259m qoyuldu. Biz beyn\u0259lxalq t\u0259cridd\u0259n \u00e7\u0131xa bildik, iqtisadi v\u0259 siyasi islahatlar apar\u0131lma\u011fa ba\u015fland\u0131. O c\u00fcml\u0259d\u0259n d\u00f6vl\u0259t-din m\u00fcnasib\u0259tl\u0259rinin formala\u015fmas\u0131 Heyd\u0259r \u018fliyevin ad\u0131 il\u0259 ba\u011fl\u0131d\u0131r. Eyni zamanda, \u015feyx h\u0259zr\u0259tl\u0259ri bu istiqam\u0259td\u0259 \u00e7ox b\u00f6y\u00fck f\u0259dakarl\u0131q v\u0259 f\u0259aliyy\u0259t g\u00f6st\u0259rmi\u015fdir. M\u0259n bu i\u015fl\u0259rin \u015fahidi kimi dey\u0259 bil\u0259r\u0259m ki, Heyd\u0259r \u018fliyevin v\u0259 \u015feyx h\u0259zr\u0259tl\u0259rinin dostlu\u011fu d\u00f6vl\u0259t-din m\u00fcnasib\u0259tl\u0259rinin formala\u015fmas\u0131nda h\u0259lledici rol oynam\u0131\u015fd\u0131r. \u015eeyx h\u0259zr\u0259tl\u0259ri bu g\u00fcn d\u0259 d\u00f6vl\u0259t-din m\u00fcnasib\u0259tl\u0259rinin sa\u011flam z\u0259mind\u0259 davam etdirilm\u0259si istiqam\u0259tind\u0259 b\u00f6y\u00fck i\u015fl\u0259r g\u00f6r\u00fcr, Az\u0259rbaycan\u0131 d\u00fcnyada t\u0259bli\u011f edir. Onun r\u0259hb\u0259rliyi il\u0259 apar\u0131lan i\u015fl\u0259r h\u0259m Az\u0259rbaycan xalq\u0131 t\u0259r\u0259find\u0259n, h\u0259m d\u0259 d\u00fcnya ictimaiyy\u0259ti t\u0259r\u0259find\u0259n y\u00fcks\u0259k qiym\u0259tl\u0259ndirilir. H\u0259r il bir ne\u00e7\u0259 \u00f6lk\u0259d\u0259 \u015feyx h\u0259zr\u0259tl\u0259rinin t\u0259\u015f\u0259bb\u00fcs\u00fc v\u0259 r\u0259hb\u0259rliyi il\u0259 m\u00f6t\u0259b\u0259r beyn\u0259lxalq t\u0259dbirl\u0259r ke\u00e7irilir. H\u0259m Az\u0259rbaycanda, h\u0259m Qafqazda, h\u0259m d\u0259 d\u00fcnyada b\u00f6y\u00fck n\u00fcfuz qazanm\u0131\u015f \u015feyx h\u0259zr\u0259tl\u0259ri din-d\u00f6vl\u0259t m\u00fcnasib\u0259tl\u0259rinin nec\u0259 t\u0259nziml\u0259nm\u0259si istiqam\u0259tind\u0259 at\u0131lan add\u0131mlar\u0131 \u00f6l\u00e7\u00fcb-bi\u00e7ir v\u0259 bu add\u0131mlar \u00f6lk\u0259mizin \u00fcmumi inki\u015faf\u0131n\u0131 d\u0259st\u0259kl\u0259yir. \u00c7\u00fcnki h\u0259r bir \u00f6lk\u0259nin sabitliyi h\u0259r bir \u00f6lk\u0259nin g\u0259l\u0259c\u0259yi dem\u0259kdir. Sabitlik pozulan yerl\u0259rd\u0259 inki\u015fafa da yer qalm\u0131r. \u018ffsuslar olsun ki, son ill\u0259r \u0259rzind\u0259 dini z\u0259mind\u0259 m\u00fcxt\u0259lif \u00f6lk\u0259l\u0259rd\u0259 i\u011fti\u015fa\u015flar, m\u00fcharib\u0259l\u0259r, m\u00fcnaqi\u015f\u0259l\u0259r ba\u015f al\u0131b gedir. \u018ffsuslar olsun ki, bir \u00e7ox hallarda dini \u015f\u00fcarlar alt\u0131nda b\u00f6y\u00fck cinay\u0259tl\u0259r t\u00f6r\u0259dilir.<\/p>\n<p>\u015eeyx h\u0259zr\u0259tl\u0259ri Az\u0259rbaycan\u0131n \u00fcmumi inki\u015faf\u0131na \u00e7ox b\u00f6y\u00fck t\u00f6hf\u0259 vermi\u015f b\u00f6y\u00fck \u015f\u0259xsl\u0259rd\u0259n biridir. Bu ilin avqust ay\u0131nda m\u0259nim S\u0259r\u0259ncam\u0131mla Az\u0259rbaycan\u0131n \u0259n ali ordeni olan &#8220;Heyd\u0259r \u018fliyev&#8221; ordeni \u015feyx h\u0259zr\u0259tl\u0259rin\u0259 verilmi\u015fdir v\u0259 bu g\u00fcn t\u0259nt\u0259n\u0259li \u015f\u0259kild\u0259 bu y\u00fcks\u0259k m\u00fckafat \u015feyx h\u0259zr\u0259tl\u0259rin\u0259 t\u0259qdim edil\u0259c\u0259kdir&#8221;.<\/p>\n","protected":false},"excerpt":{"rendered":"<p>&#8220;D\u00f6vl\u0259t-din m\u00fcnasib\u0259tl\u0259rinin t\u0259m\u0259lini m\u0259hz Heyd\u0259r \u018fliyev qoymu\u015fdur, nec\u0259 ki, m\u00fcasir Az\u0259rbaycan\u0131n b\u00fct\u00fcn ba\u015fqa istiqam\u0259tl\u0259r \u00fczr\u0259 inki\u015faf konsepsiyas\u0131 onun ad\u0131 il\u0259 ba\u011fl\u0131d\u0131r&#8221;. ARANTV.AZ\u00a0AZ\u018fRTAC-a istinad\u0259n x\u0259b\u0259r verir ki, bunu Az\u0259rbaycan Prezidenti \u0130lham \u018fliyev Bak\u0131da ke\u00e7iril\u0259n D\u00fcnya dini liderl\u0259rinin II Sammitind\u0259 \u00e7\u0131x\u0131\u015f\u0131 zaman\u0131 deyib. D\u00f6vl\u0259t ba\u015f\u00e7\u0131s\u0131 bildirib: &#8220;Az\u0259rbaycanda d\u00f6vl\u0259t-din m\u00fcnasib\u0259tl\u0259ri y\u00fcks\u0259k s\u0259viyy\u0259d\u0259 t\u0259nziml\u0259nir. D\u00f6vl\u0259t-din m\u00fcnasib\u0259tl\u0259rinin \u0259sas\u0131n\u0131 ulu \u00f6nd\u0259r Heyd\u0259r \u018fliyev qoymu\u015fdur. Heyd\u0259r \u018fliyev Az\u0259rbaycan xalq\u0131n\u0131n b\u00f6y\u00fck o\u011fludur v\u0259 b\u00fct\u00fcn d\u00f6vrl\u0259rd\u0259 &#8211; h\u0259m sovet d\u00f6vr\u00fcnd\u0259, h\u0259m m\u00fcst\u0259qillik d\u00f6vr\u00fcnd\u0259 xalqa l\u0259yaq\u0259tl\u0259 xidm\u0259t etmi\u015fdir. D\u00f6vl\u0259t-din m\u00fcnasib\u0259tl\u0259rinin t\u0259m\u0259lini m\u0259hz Heyd\u0259r \u018fliyev qoymu\u015fdur, nec\u0259 ki, m\u00fcasir Az\u0259rbaycan\u0131n b\u00fct\u00fcn&hellip;<\/p>\n","protected":false},"author":2,"featured_media":96473,"comment_status":"closed","ping_status":"closed","sticky":false,"template":"","format":"standard","meta":{"om_disable_all_campaigns":false,"_monsterinsights_skip_tracking":false,"_monsterinsights_sitenote_active":false,"_monsterinsights_sitenote_note":"","_monsterinsights_sitenote_category":0},"categories":[4],"tags":[],"aioseo_notices":[],"gutentor_comment":0,"rttpg_featured_image_url":{"full":["https:\/\/arantv.az\/wp-content\/uploads\/2019\/11\/802310.jpg",800,600,false],"landscape":["https:\/\/arantv.az\/wp-content\/uploads\/2019\/11\/802310.jpg",800,600,false],"portraits":["https:\/\/arantv.az\/wp-content\/uploads\/2019\/11\/802310.jpg",800,600,false],"thumbnail":["https:\/\/arantv.az\/wp-content\/uploads\/2019\/11\/802310-150x150.jpg",150,150,true],"medium":["https:\/\/arantv.az\/wp-content\/uploads\/2019\/11\/802310-300x225.jpg",300,225,true],"large":["https:\/\/arantv.az\/wp-content\/uploads\/2019\/11\/802310.jpg",640,480,false],"1536x1536":["https:\/\/arantv.az\/wp-content\/uploads\/2019\/11\/802310.jpg",800,600,false],"2048x2048":["https:\/\/arantv.az\/wp-content\/uploads\/2019\/11\/802310.jpg",800,600,false],"post-thumbnail":["https:\/\/arantv.az\/wp-content\/uploads\/2019\/11\/802310-240x172.jpg",240,172,true],"advps-thumb-one":["https:\/\/arantv.az\/wp-content\/uploads\/2019\/11\/802310.jpg",800,600,false]},"rttpg_author":{"display_name":"V\u00fcsal Rafiqo\u011flu","author_link":"https:\/\/arantv.az\/?author=2"},"rttpg_comment":0,"rttpg_category":"<a href=\"https:\/\/arantv.az\/?cat=4\" rel=\"category\">Siyas\u0259t<\/a>","rttpg_excerpt":"&#8220;D\u00f6vl\u0259t-din m\u00fcnasib\u0259tl\u0259rinin t\u0259m\u0259lini m\u0259hz Heyd\u0259r \u018fliyev qoymu\u015fdur, nec\u0259 ki, m\u00fcasir Az\u0259rbaycan\u0131n b\u00fct\u00fcn ba\u015fqa istiqam\u0259tl\u0259r \u00fczr\u0259 inki\u015faf konsepsiyas\u0131 onun ad\u0131 il\u0259 ba\u011fl\u0131d\u0131r&#8221;. ARANTV.AZ\u00a0AZ\u018fRTAC-a istinad\u0259n x\u0259b\u0259r verir ki, bunu Az\u0259rbaycan Prezidenti \u0130lham \u018fliyev Bak\u0131da ke\u00e7iril\u0259n D\u00fcnya dini liderl\u0259rinin II Sammitind\u0259 \u00e7\u0131x\u0131\u015f\u0131 zaman\u0131 deyib. D\u00f6vl\u0259t ba\u015f\u00e7\u0131s\u0131 bildirib: &#8220;Az\u0259rbaycanda d\u00f6vl\u0259t-din m\u00fcnasib\u0259tl\u0259ri y\u00fcks\u0259k s\u0259viyy\u0259d\u0259 t\u0259nziml\u0259nir. D\u00f6vl\u0259t-din m\u00fcnasib\u0259tl\u0259rinin \u0259sas\u0131n\u0131 ulu \u00f6nd\u0259r&hellip;","_links":{"self":[{"href":"https:\/\/arantv.az\/index.php?rest_route=\/wp\/v2\/posts\/96472"}],"collection":[{"href":"https:\/\/arantv.az\/index.php?rest_route=\/wp\/v2\/posts"}],"about":[{"href":"https:\/\/arantv.az\/index.php?rest_route=\/wp\/v2\/types\/post"}],"author":[{"embeddable":true,"href":"https:\/\/arantv.az\/index.php?rest_route=\/wp\/v2\/users\/2"}],"replies":[{"embeddable":true,"href":"https:\/\/arantv.az\/index.php?rest_route=%2Fwp%2Fv2%2Fcomments&post=96472"}],"version-history":[{"count":0,"href":"https:\/\/arantv.az\/index.php?rest_route=\/wp\/v2\/posts\/96472\/revisions"}],"wp:featuredmedia":[{"embeddable":true,"href":"https:\/\/arantv.az\/index.php?rest_route=\/wp\/v2\/media\/96473"}],"wp:attachment":[{"href":"https:\/\/arantv.az\/index.php?rest_route=%2Fwp%2Fv2%2Fmedia&parent=96472"}],"wp:term":[{"taxonomy":"category","embeddable":true,"href":"https:\/\/arantv.az\/index.php?rest_route=%2Fwp%2Fv2%2Fcategories&post=96472"},{"taxonomy":"post_tag","embeddable":true,"href":"https:\/\/arantv.az\/index.php?rest_route=%2Fwp%2Fv2%2Ftags&post=96472"}],"curies":[{"name":"wp","href":"https:\/\/api.w.org\/{rel}","templated":true}]}}