{"id":96476,"date":"2019-11-14T16:44:59","date_gmt":"2019-11-14T13:44:59","guid":{"rendered":"http:\/\/arantv.az\/?p=96476"},"modified":"2019-11-14T16:44:59","modified_gmt":"2019-11-14T13:44:59","slug":"ilham-%c9%99liyev-bu-s%c9%99xsl%c9%99r%c9%99-f%c9%99xri-adlar-verdi-siyahi","status":"publish","type":"post","link":"https:\/\/arantv.az\/?p=96476","title":{"rendered":"\u0130lham \u018fliyev bu \u015f\u0259xsl\u0259r\u0259 f\u0259xri adlar verdi &#8211; S\u0130YAHI"},"content":{"rendered":"<div class=\"stats\"><\/div>\n<div class=\"article-counter\">\n<div class=\"LiveInternetOxuAz\"><\/div>\n<\/div>\n<div class=\"resize-container\">\n<div class=\"resize resize_minus\">\n<div class=\"resize-inner\"><\/div>\n<\/div>\n<div class=\"resize resize_plus\">\n<div class=\"resize-inner\">\u00a0Az\u0259rbaycan Respublikas\u0131 Prezidenti \u0130lham \u018fliyev Az\u0259rbaycan\u2013Rusiya m\u0259d\u0259ni \u0259laq\u0259l\u0259rinin m\u00f6hk\u0259ml\u0259ndirilm\u0259sind\u0259 xidm\u0259tl\u0259ri olan m\u0259d\u0259niyy\u0259t xadiml\u0259rin\u0259 f\u0259xri adlar\u0131n verilm\u0259si haqq\u0131nda\u00a0<a href=\"https:\/\/azertag.az\/xeber\/Azerbaycan_Rusiya_medeni_elaqelerinin_mohkemlendirilmesinde_xidmetleri_olan_medeniyyet_xadimlerine_fexri_adlarin_verilmesi_haqqinda__Azerbaycan_Respublikasi_Prezidentinin_Serencami-1355058\" target=\"_blank\" rel=\"noopener\">s\u0259r\u0259ncam<\/a>\u00a0imzalay\u0131b.<\/div>\n<\/div>\n<\/div>\n<div class=\"news-inner\">\n<p>S\u0259r\u0259ncama \u0259sas\u0259n, Az\u0259rbaycan Respublikas\u0131 il\u0259 Rusiya Federasiyas\u0131 aras\u0131nda m\u0259d\u0259ni \u0259laq\u0259l\u0259rin m\u00f6hk\u0259ml\u0259ndirilm\u0259sind\u0259 xidm\u0259tl\u0259rin\u0259 g\u00f6r\u0259 Rusiya Federasiyas\u0131n\u0131n a\u015fa\u011f\u0131dak\u0131 m\u0259d\u0259niyy\u0259t xadiml\u0259rin\u0259 Az\u0259rbaycan Respublikas\u0131n\u0131n f\u0259xri adlar\u0131 verilir:<\/p>\n<p><strong>\u201c\u018fm\u0259kdar inc\u0259s\u0259n\u0259t xadimi\u201d<\/strong><\/p>\n<div id=\"AdviadNativeVideo0\" class=\"AdviadNativeVideo\"><\/div>\n<p>Maqomedov Cambulat Musayevi\u00e7<\/p>\n<p><strong>\u201c\u018fm\u0259kdar artist\u201d<\/strong><\/p>\n<p>Hac\u0131yeva Fatim\u0259 Taqirovna<\/p>\n<p>Xadulayev Mutay Xadulayevi\u00e7.<\/p>\n<\/div>\n","protected":false},"excerpt":{"rendered":"<p>\u00a0Az\u0259rbaycan Respublikas\u0131 Prezidenti \u0130lham \u018fliyev Az\u0259rbaycan\u2013Rusiya m\u0259d\u0259ni \u0259laq\u0259l\u0259rinin m\u00f6hk\u0259ml\u0259ndirilm\u0259sind\u0259 xidm\u0259tl\u0259ri olan m\u0259d\u0259niyy\u0259t xadiml\u0259rin\u0259 f\u0259xri adlar\u0131n verilm\u0259si haqq\u0131nda\u00a0s\u0259r\u0259ncam\u00a0imzalay\u0131b. S\u0259r\u0259ncama \u0259sas\u0259n, Az\u0259rbaycan Respublikas\u0131 il\u0259 Rusiya Federasiyas\u0131 aras\u0131nda m\u0259d\u0259ni \u0259laq\u0259l\u0259rin m\u00f6hk\u0259ml\u0259ndirilm\u0259sind\u0259 xidm\u0259tl\u0259rin\u0259 g\u00f6r\u0259 Rusiya Federasiyas\u0131n\u0131n a\u015fa\u011f\u0131dak\u0131 m\u0259d\u0259niyy\u0259t xadiml\u0259rin\u0259 Az\u0259rbaycan Respublikas\u0131n\u0131n f\u0259xri adlar\u0131 verilir: \u201c\u018fm\u0259kdar inc\u0259s\u0259n\u0259t xadimi\u201d Maqomedov Cambulat Musayevi\u00e7 \u201c\u018fm\u0259kdar artist\u201d Hac\u0131yeva Fatim\u0259 Taqirovna Xadulayev Mutay Xadulayevi\u00e7.<\/p>\n","protected":false},"author":2,"featured_media":96477,"comment_status":"closed","ping_status":"closed","sticky":false,"template":"","format":"standard","meta":{"om_disable_all_campaigns":false,"_monsterinsights_skip_tracking":false,"_monsterinsights_sitenote_active":false,"_monsterinsights_sitenote_note":"","_monsterinsights_sitenote_category":0},"categories":[4],"tags":[],"aioseo_notices":[],"gutentor_comment":0,"rttpg_featured_image_url":{"full":["https:\/\/arantv.az\/wp-content\/uploads\/2019\/11\/1486997296_1657508837_imzaa-1.jpg",620,413,false],"landscape":["https:\/\/arantv.az\/wp-content\/uploads\/2019\/11\/1486997296_1657508837_imzaa-1.jpg",620,413,false],"portraits":["https:\/\/arantv.az\/wp-content\/uploads\/2019\/11\/1486997296_1657508837_imzaa-1.jpg",620,413,false],"thumbnail":["https:\/\/arantv.az\/wp-content\/uploads\/2019\/11\/1486997296_1657508837_imzaa-1-150x150.jpg",150,150,true],"medium":["https:\/\/arantv.az\/wp-content\/uploads\/2019\/11\/1486997296_1657508837_imzaa-1-300x200.jpg",300,200,true],"large":["https:\/\/arantv.az\/wp-content\/uploads\/2019\/11\/1486997296_1657508837_imzaa-1.jpg",620,413,false],"1536x1536":["https:\/\/arantv.az\/wp-content\/uploads\/2019\/11\/1486997296_1657508837_imzaa-1.jpg",620,413,false],"2048x2048":["https:\/\/arantv.az\/wp-content\/uploads\/2019\/11\/1486997296_1657508837_imzaa-1.jpg",620,413,false],"post-thumbnail":["https:\/\/arantv.az\/wp-content\/uploads\/2019\/11\/1486997296_1657508837_imzaa-1-240x172.jpg",240,172,true],"advps-thumb-one":["https:\/\/arantv.az\/wp-content\/uploads\/2019\/11\/1486997296_1657508837_imzaa-1.jpg",620,413,false]},"rttpg_author":{"display_name":"V\u00fcsal Rafiqo\u011flu","author_link":"https:\/\/arantv.az\/?author=2"},"rttpg_comment":0,"rttpg_category":"<a href=\"https:\/\/arantv.az\/?cat=4\" rel=\"category\">Siyas\u0259t<\/a>","rttpg_excerpt":"\u00a0Az\u0259rbaycan Respublikas\u0131 Prezidenti \u0130lham \u018fliyev Az\u0259rbaycan\u2013Rusiya m\u0259d\u0259ni \u0259laq\u0259l\u0259rinin m\u00f6hk\u0259ml\u0259ndirilm\u0259sind\u0259 xidm\u0259tl\u0259ri olan m\u0259d\u0259niyy\u0259t xadiml\u0259rin\u0259 f\u0259xri adlar\u0131n verilm\u0259si haqq\u0131nda\u00a0s\u0259r\u0259ncam\u00a0imzalay\u0131b. S\u0259r\u0259ncama \u0259sas\u0259n, Az\u0259rbaycan Respublikas\u0131 il\u0259 Rusiya Federasiyas\u0131 aras\u0131nda m\u0259d\u0259ni \u0259laq\u0259l\u0259rin m\u00f6hk\u0259ml\u0259ndirilm\u0259sind\u0259 xidm\u0259tl\u0259rin\u0259 g\u00f6r\u0259 Rusiya Federasiyas\u0131n\u0131n a\u015fa\u011f\u0131dak\u0131 m\u0259d\u0259niyy\u0259t xadiml\u0259rin\u0259 Az\u0259rbaycan Respublikas\u0131n\u0131n f\u0259xri adlar\u0131 verilir: \u201c\u018fm\u0259kdar inc\u0259s\u0259n\u0259t xadimi\u201d Maqomedov Cambulat Musayevi\u00e7 \u201c\u018fm\u0259kdar artist\u201d Hac\u0131yeva Fatim\u0259 Taqirovna Xadulayev Mutay Xadulayevi\u00e7.","_links":{"self":[{"href":"https:\/\/arantv.az\/index.php?rest_route=\/wp\/v2\/posts\/96476"}],"collection":[{"href":"https:\/\/arantv.az\/index.php?rest_route=\/wp\/v2\/posts"}],"about":[{"href":"https:\/\/arantv.az\/index.php?rest_route=\/wp\/v2\/types\/post"}],"author":[{"embeddable":true,"href":"https:\/\/arantv.az\/index.php?rest_route=\/wp\/v2\/users\/2"}],"replies":[{"embeddable":true,"href":"https:\/\/arantv.az\/index.php?rest_route=%2Fwp%2Fv2%2Fcomments&post=96476"}],"version-history":[{"count":0,"href":"https:\/\/arantv.az\/index.php?rest_route=\/wp\/v2\/posts\/96476\/revisions"}],"wp:featuredmedia":[{"embeddable":true,"href":"https:\/\/arantv.az\/index.php?rest_route=\/wp\/v2\/media\/96477"}],"wp:attachment":[{"href":"https:\/\/arantv.az\/index.php?rest_route=%2Fwp%2Fv2%2Fmedia&parent=96476"}],"wp:term":[{"taxonomy":"category","embeddable":true,"href":"https:\/\/arantv.az\/index.php?rest_route=%2Fwp%2Fv2%2Fcategories&post=96476"},{"taxonomy":"post_tag","embeddable":true,"href":"https:\/\/arantv.az\/index.php?rest_route=%2Fwp%2Fv2%2Ftags&post=96476"}],"curies":[{"name":"wp","href":"https:\/\/api.w.org\/{rel}","templated":true}]}}