{"id":96481,"date":"2019-11-15T08:28:24","date_gmt":"2019-11-15T05:28:24","guid":{"rendered":"http:\/\/arantv.az\/?p=96481"},"modified":"2019-11-15T08:28:24","modified_gmt":"2019-11-15T05:28:24","slug":"mehriban-%c9%99liyevadan-dunya-dini-liderl%c9%99rinin-ii-baki-sammiti-il%c9%99-bagli-paylasim-foto","status":"publish","type":"post","link":"https:\/\/arantv.az\/?p=96481","title":{"rendered":"Mehriban \u018fliyevadan D\u00fcnya dini liderl\u0259rinin II Bak\u0131 Sammiti il\u0259 ba\u011fl\u0131 payla\u015f\u0131m &#8211; FOTO"},"content":{"rendered":"<p>Az\u0259rbaycan Respublikas\u0131n\u0131n Birinci vitse-prezidenti Mehriban \u018fliyeva D\u00fcnya dini liderl\u0259rinin II Bak\u0131 Sammiti il\u0259 \u0259laq\u0259dar \u201cInstagram\u201dda payla\u015f\u0131mlar edib.<\/p>\n<div id=\"AdviadNativeVideo0\" class=\"AdviadNativeVideo\"><\/div>\n<p>Payla\u015f\u0131mlarda D\u00fcnya dini liderl\u0259rinin II Bak\u0131 Sammitind\u0259 Prezident \u0130lham \u018fliyev, Birinci vitse-prezident Mehriban \u018fliyeva v\u0259 q\u0131zlar\u0131 Leyla \u018fliyevan\u0131n i\u015ftirak\u0131, onlar\u0131n Moskvan\u0131n v\u0259 B\u00fct\u00fcn Rusiyan\u0131n Patriarx\u0131 Kirill il\u0259 g\u00f6r\u00fc\u015f\u00fc, Az\u0259rbaycan Respublikas\u0131n\u0131n Prezidenti \u0130lham \u018fliyevin ad\u0131ndan D\u00fcnya dini liderl\u0259rinin II Bak\u0131 Sammitinin i\u015ftirak\u00e7\u0131lar\u0131n\u0131n \u015f\u0259r\u0259fin\u0259 veril\u0259n ziyaf\u0259td\u0259n fotolar \u0259ks olunub.<\/p>\n<div><iframe loading=\"lazy\" id=\"instagram-embed-0\" class=\"instagram-media instagram-media-rendered\" src=\"https:\/\/www.instagram.com\/p\/B4265jtA3tL\/embed\/captioned\/?cr=1&amp;v=12&amp;wp=540&amp;rd=https%3A%2F%2Foxu.az&amp;rp=%2Fpolitics%2F343102#%7B%22ci%22%3A0%2C%22os%22%3A1727.3850000000266%2C%22ls%22%3A1447.1300000000156%2C%22le%22%3A1624.574999999993%7D\" width=\"300\" height=\"707\" frameborder=\"0\" scrolling=\"no\" allowfullscreen=\"allowfullscreen\" data-instgrm-payload-id=\"instagram-media-payload-0\" data-mce-fragment=\"1\"><\/iframe><\/div>\n<div><iframe loading=\"lazy\" id=\"instagram-embed-1\" class=\"instagram-media instagram-media-rendered\" src=\"https:\/\/www.instagram.com\/p\/B426x-ag7Zj\/embed\/captioned\/?cr=1&amp;v=12&amp;wp=540&amp;rd=https%3A%2F%2Foxu.az&amp;rp=%2Fpolitics%2F343102#%7B%22ci%22%3A1%2C%22os%22%3A1734.800000000007%2C%22ls%22%3A1447.1300000000156%2C%22le%22%3A1624.574999999993%7D\" width=\"300\" height=\"700\" frameborder=\"0\" scrolling=\"no\" allowfullscreen=\"allowfullscreen\" data-instgrm-payload-id=\"instagram-media-payload-1\" data-mce-fragment=\"1\"><\/iframe><\/div>\n<div><iframe loading=\"lazy\" id=\"instagram-embed-2\" class=\"instagram-media instagram-media-rendered\" src=\"https:\/\/www.instagram.com\/p\/B42T3JQAIsJ\/embed\/captioned\/?cr=1&amp;v=12&amp;wp=540&amp;rd=https%3A%2F%2Foxu.az&amp;rp=%2Fpolitics%2F343102#%7B%22ci%22%3A2%2C%22os%22%3A1740.8700000000294%2C%22ls%22%3A1447.1300000000156%2C%22le%22%3A1624.574999999993%7D\" width=\"300\" height=\"1068\" frameborder=\"0\" scrolling=\"no\" allowfullscreen=\"allowfullscreen\" data-instgrm-payload-id=\"instagram-media-payload-2\" data-mce-fragment=\"1\"><\/iframe><\/div>\n<div><iframe loading=\"lazy\" id=\"instagram-embed-3\" class=\"instagram-media instagram-media-rendered\" src=\"https:\/\/www.instagram.com\/p\/B42ODByA3NG\/embed\/captioned\/?cr=1&amp;v=12&amp;wp=540&amp;rd=https%3A%2F%2Foxu.az&amp;rp=%2Fpolitics%2F343102#%7B%22ci%22%3A3%2C%22os%22%3A3287.795000000017%2C%22ls%22%3A1447.1300000000156%2C%22le%22%3A1624.574999999993%7D\" width=\"300\" height=\"1068\" frameborder=\"0\" scrolling=\"no\" allowfullscreen=\"allowfullscreen\" data-instgrm-payload-id=\"instagram-media-payload-3\" data-mce-fragment=\"1\"><\/iframe><\/div>\n<p>&nbsp;<\/p>\n","protected":false},"excerpt":{"rendered":"<p>Az\u0259rbaycan Respublikas\u0131n\u0131n Birinci vitse-prezidenti Mehriban \u018fliyeva D\u00fcnya dini liderl\u0259rinin II Bak\u0131 Sammiti il\u0259 \u0259laq\u0259dar \u201cInstagram\u201dda payla\u015f\u0131mlar edib. Payla\u015f\u0131mlarda D\u00fcnya dini liderl\u0259rinin II Bak\u0131 Sammitind\u0259 Prezident \u0130lham \u018fliyev, Birinci vitse-prezident Mehriban \u018fliyeva v\u0259 q\u0131zlar\u0131 Leyla \u018fliyevan\u0131n i\u015ftirak\u0131, onlar\u0131n Moskvan\u0131n v\u0259 B\u00fct\u00fcn Rusiyan\u0131n Patriarx\u0131 Kirill il\u0259 g\u00f6r\u00fc\u015f\u00fc, Az\u0259rbaycan Respublikas\u0131n\u0131n Prezidenti \u0130lham \u018fliyevin ad\u0131ndan D\u00fcnya dini liderl\u0259rinin II Bak\u0131 Sammitinin i\u015ftirak\u00e7\u0131lar\u0131n\u0131n \u015f\u0259r\u0259fin\u0259 veril\u0259n ziyaf\u0259td\u0259n fotolar \u0259ks olunub. &nbsp;<\/p>\n","protected":false},"author":2,"featured_media":96482,"comment_status":"closed","ping_status":"closed","sticky":false,"template":"","format":"standard","meta":{"om_disable_all_campaigns":false,"_monsterinsights_skip_tracking":false,"_monsterinsights_sitenote_active":false,"_monsterinsights_sitenote_note":"","_monsterinsights_sitenote_category":0},"categories":[4],"tags":[],"aioseo_notices":[],"gutentor_comment":0,"rttpg_featured_image_url":{"full":["https:\/\/arantv.az\/wp-content\/uploads\/2019\/11\/15737591244558137214_1000x669.jpg",620,438,false],"landscape":["https:\/\/arantv.az\/wp-content\/uploads\/2019\/11\/15737591244558137214_1000x669.jpg",620,438,false],"portraits":["https:\/\/arantv.az\/wp-content\/uploads\/2019\/11\/15737591244558137214_1000x669.jpg",620,438,false],"thumbnail":["https:\/\/arantv.az\/wp-content\/uploads\/2019\/11\/15737591244558137214_1000x669-150x150.jpg",150,150,true],"medium":["https:\/\/arantv.az\/wp-content\/uploads\/2019\/11\/15737591244558137214_1000x669-300x212.jpg",300,212,true],"large":["https:\/\/arantv.az\/wp-content\/uploads\/2019\/11\/15737591244558137214_1000x669.jpg",620,438,false],"1536x1536":["https:\/\/arantv.az\/wp-content\/uploads\/2019\/11\/15737591244558137214_1000x669.jpg",620,438,false],"2048x2048":["https:\/\/arantv.az\/wp-content\/uploads\/2019\/11\/15737591244558137214_1000x669.jpg",620,438,false],"post-thumbnail":["https:\/\/arantv.az\/wp-content\/uploads\/2019\/11\/15737591244558137214_1000x669-240x172.jpg",240,172,true],"advps-thumb-one":["https:\/\/arantv.az\/wp-content\/uploads\/2019\/11\/15737591244558137214_1000x669.jpg",620,438,false]},"rttpg_author":{"display_name":"V\u00fcsal Rafiqo\u011flu","author_link":"https:\/\/arantv.az\/?author=2"},"rttpg_comment":0,"rttpg_category":"<a href=\"https:\/\/arantv.az\/?cat=4\" rel=\"category\">Siyas\u0259t<\/a>","rttpg_excerpt":"Az\u0259rbaycan Respublikas\u0131n\u0131n Birinci vitse-prezidenti Mehriban \u018fliyeva D\u00fcnya dini liderl\u0259rinin II Bak\u0131 Sammiti il\u0259 \u0259laq\u0259dar \u201cInstagram\u201dda payla\u015f\u0131mlar edib. Payla\u015f\u0131mlarda D\u00fcnya dini liderl\u0259rinin II Bak\u0131 Sammitind\u0259 Prezident \u0130lham \u018fliyev, Birinci vitse-prezident Mehriban \u018fliyeva v\u0259 q\u0131zlar\u0131 Leyla \u018fliyevan\u0131n i\u015ftirak\u0131, onlar\u0131n Moskvan\u0131n v\u0259 B\u00fct\u00fcn Rusiyan\u0131n Patriarx\u0131 Kirill il\u0259 g\u00f6r\u00fc\u015f\u00fc, Az\u0259rbaycan Respublikas\u0131n\u0131n Prezidenti \u0130lham \u018fliyevin ad\u0131ndan D\u00fcnya dini liderl\u0259rinin II&hellip;","_links":{"self":[{"href":"https:\/\/arantv.az\/index.php?rest_route=\/wp\/v2\/posts\/96481"}],"collection":[{"href":"https:\/\/arantv.az\/index.php?rest_route=\/wp\/v2\/posts"}],"about":[{"href":"https:\/\/arantv.az\/index.php?rest_route=\/wp\/v2\/types\/post"}],"author":[{"embeddable":true,"href":"https:\/\/arantv.az\/index.php?rest_route=\/wp\/v2\/users\/2"}],"replies":[{"embeddable":true,"href":"https:\/\/arantv.az\/index.php?rest_route=%2Fwp%2Fv2%2Fcomments&post=96481"}],"version-history":[{"count":0,"href":"https:\/\/arantv.az\/index.php?rest_route=\/wp\/v2\/posts\/96481\/revisions"}],"wp:featuredmedia":[{"embeddable":true,"href":"https:\/\/arantv.az\/index.php?rest_route=\/wp\/v2\/media\/96482"}],"wp:attachment":[{"href":"https:\/\/arantv.az\/index.php?rest_route=%2Fwp%2Fv2%2Fmedia&parent=96481"}],"wp:term":[{"taxonomy":"category","embeddable":true,"href":"https:\/\/arantv.az\/index.php?rest_route=%2Fwp%2Fv2%2Fcategories&post=96481"},{"taxonomy":"post_tag","embeddable":true,"href":"https:\/\/arantv.az\/index.php?rest_route=%2Fwp%2Fv2%2Ftags&post=96481"}],"curies":[{"name":"wp","href":"https:\/\/api.w.org\/{rel}","templated":true}]}}