{"id":96491,"date":"2019-11-15T08:33:30","date_gmt":"2019-11-15T05:33:30","guid":{"rendered":"http:\/\/arantv.az\/?p=96491"},"modified":"2019-11-15T08:33:30","modified_gmt":"2019-11-15T05:33:30","slug":"bu-gec%c9%99-almaniyadan-140-muhacir-bakiya-deportasiya-olundu","status":"publish","type":"post","link":"https:\/\/arantv.az\/?p=96491","title":{"rendered":"Bu gec\u0259 Almaniyadan 140 m\u00fchacir Bak\u0131ya deportasiya olundu"},"content":{"rendered":"<p><strong>Bu gec\u0259 Almaniyadan t\u0259yyar\u0259 il\u0259 140 n\u0259f\u0259r m\u00fchacir Bak\u0131ya yola sal\u0131n\u0131b.<\/strong><\/p>\n<p>Bu bar\u0259d\u0259 informasiya sosial \u015f\u0259b\u0259k\u0259l\u0259rd\u0259 yay\u0131l\u0131b.<\/p>\n<p>Onlar\u0131n art\u0131q Bak\u0131ya \u00e7atd\u0131qlar\u0131 bildirilir. Yay\u0131lan m\u0259lumatlara \u0259sas\u0259n, deport olunanlar\u0131 h\u00fcquq-m\u00fchafiz\u0259 orqanlar\u0131n\u0131n \u0259m\u0259kda\u015flar\u0131 qar\u015f\u0131lay\u0131b, sor\u011fu-sual ed\u0259r\u0259k burax\u0131blar.<\/p>\n<p>Almaniyada deportasiya \u0259m\u0259liyyatlar\u0131n\u0131n davam etdiril\u0259c\u0259yi qeyd edilir.<\/p>\n<p>Qeyd ed\u0259k ki, son iki g\u00fcnd\u0259 Almaniyadan 12 Az\u0259rbaycan v\u0259t\u0259nda\u015f\u0131n\u0131n deportasiya edildiyi bar\u0259d\u0259 d\u0259 m\u0259lumatlar yay\u0131lm\u0131\u015fd\u0131.<\/p>\n<p>M\u0259lumata g\u00f6r\u0259, deport olunanlar Almaniyan\u0131n \u015eimali Reyn Vestfaliya \u0259yal\u0259tinin Geseke \u015f\u0259h\u0259rind\u0259 ya\u015fayan \u018ffran v\u0259 \u00dclviyy\u0259 M\u00fct\u0259llimovalar, Axen \u015f\u0259h\u0259rind\u0259n m\u00fcsavat\u00e7\u0131 To\u011frul M\u0259mm\u0259dov, Hamm \u015f\u0259h\u0259rind\u0259n Az\u0259r \u018fliyev h\u0259yat yolda\u015f\u0131 v\u0259 iki u\u015fa\u011f\u0131 il\u0259, Bavariya \u0259yal\u0259tind\u0259n is\u0259 \u0130mran Davudov, \u00dclviyy\u0259 Davudova v\u0259 onlar\u0131n \u00f6vladlar\u0131 &#8211; 11 ya\u015fl\u0131 Fatim\u0259 v\u0259 9 ya\u015fl\u0131 Binn\u0259t Davudovalard\u0131r.<\/p>\n<p>Bundan \u0259lav\u0259, Bavariya, Gunzenhausen \u015f\u0259h\u0259rind\u0259n M\u00fcsavat AKM \u00fczv\u00fc Taryel R\u00fcst\u0259mov da deportasiya edilib. (trend)<\/p>\n","protected":false},"excerpt":{"rendered":"<p>Bu gec\u0259 Almaniyadan t\u0259yyar\u0259 il\u0259 140 n\u0259f\u0259r m\u00fchacir Bak\u0131ya yola sal\u0131n\u0131b. Bu bar\u0259d\u0259 informasiya sosial \u015f\u0259b\u0259k\u0259l\u0259rd\u0259 yay\u0131l\u0131b. Onlar\u0131n art\u0131q Bak\u0131ya \u00e7atd\u0131qlar\u0131 bildirilir. Yay\u0131lan m\u0259lumatlara \u0259sas\u0259n, deport olunanlar\u0131 h\u00fcquq-m\u00fchafiz\u0259 orqanlar\u0131n\u0131n \u0259m\u0259kda\u015flar\u0131 qar\u015f\u0131lay\u0131b, sor\u011fu-sual ed\u0259r\u0259k burax\u0131blar. Almaniyada deportasiya \u0259m\u0259liyyatlar\u0131n\u0131n davam etdiril\u0259c\u0259yi qeyd edilir. Qeyd ed\u0259k ki, son iki g\u00fcnd\u0259 Almaniyadan 12 Az\u0259rbaycan v\u0259t\u0259nda\u015f\u0131n\u0131n deportasiya edildiyi bar\u0259d\u0259 d\u0259 m\u0259lumatlar yay\u0131lm\u0131\u015fd\u0131. M\u0259lumata g\u00f6r\u0259, deport olunanlar Almaniyan\u0131n \u015eimali Reyn Vestfaliya \u0259yal\u0259tinin Geseke \u015f\u0259h\u0259rind\u0259 ya\u015fayan \u018ffran v\u0259 \u00dclviyy\u0259 M\u00fct\u0259llimovalar, Axen \u015f\u0259h\u0259rind\u0259n m\u00fcsavat\u00e7\u0131 To\u011frul M\u0259mm\u0259dov, Hamm \u015f\u0259h\u0259rind\u0259n Az\u0259r \u018fliyev h\u0259yat yolda\u015f\u0131 v\u0259 iki u\u015fa\u011f\u0131 il\u0259, Bavariya \u0259yal\u0259tind\u0259n&hellip;<\/p>\n","protected":false},"author":2,"featured_media":96492,"comment_status":"closed","ping_status":"closed","sticky":false,"template":"","format":"standard","meta":{"om_disable_all_campaigns":false,"_monsterinsights_skip_tracking":false,"_monsterinsights_sitenote_active":false,"_monsterinsights_sitenote_note":"","_monsterinsights_sitenote_category":0},"categories":[1],"tags":[],"aioseo_notices":[],"gutentor_comment":0,"rttpg_featured_image_url":{"full":["https:\/\/arantv.az\/wp-content\/uploads\/2019\/11\/275652_496346.jpg",800,450,false],"landscape":["https:\/\/arantv.az\/wp-content\/uploads\/2019\/11\/275652_496346.jpg",800,450,false],"portraits":["https:\/\/arantv.az\/wp-content\/uploads\/2019\/11\/275652_496346.jpg",800,450,false],"thumbnail":["https:\/\/arantv.az\/wp-content\/uploads\/2019\/11\/275652_496346-150x150.jpg",150,150,true],"medium":["https:\/\/arantv.az\/wp-content\/uploads\/2019\/11\/275652_496346-300x169.jpg",300,169,true],"large":["https:\/\/arantv.az\/wp-content\/uploads\/2019\/11\/275652_496346.jpg",640,360,false],"1536x1536":["https:\/\/arantv.az\/wp-content\/uploads\/2019\/11\/275652_496346.jpg",800,450,false],"2048x2048":["https:\/\/arantv.az\/wp-content\/uploads\/2019\/11\/275652_496346.jpg",800,450,false],"post-thumbnail":["https:\/\/arantv.az\/wp-content\/uploads\/2019\/11\/275652_496346-240x172.jpg",240,172,true],"advps-thumb-one":["https:\/\/arantv.az\/wp-content\/uploads\/2019\/11\/275652_496346.jpg",800,450,false]},"rttpg_author":{"display_name":"V\u00fcsal Rafiqo\u011flu","author_link":"https:\/\/arantv.az\/?author=2"},"rttpg_comment":0,"rttpg_category":"<a href=\"https:\/\/arantv.az\/?cat=1\" rel=\"category\">C\u0259miyy\u0259t<\/a>","rttpg_excerpt":"Bu gec\u0259 Almaniyadan t\u0259yyar\u0259 il\u0259 140 n\u0259f\u0259r m\u00fchacir Bak\u0131ya yola sal\u0131n\u0131b. Bu bar\u0259d\u0259 informasiya sosial \u015f\u0259b\u0259k\u0259l\u0259rd\u0259 yay\u0131l\u0131b. Onlar\u0131n art\u0131q Bak\u0131ya \u00e7atd\u0131qlar\u0131 bildirilir. Yay\u0131lan m\u0259lumatlara \u0259sas\u0259n, deport olunanlar\u0131 h\u00fcquq-m\u00fchafiz\u0259 orqanlar\u0131n\u0131n \u0259m\u0259kda\u015flar\u0131 qar\u015f\u0131lay\u0131b, sor\u011fu-sual ed\u0259r\u0259k burax\u0131blar. Almaniyada deportasiya \u0259m\u0259liyyatlar\u0131n\u0131n davam etdiril\u0259c\u0259yi qeyd edilir. Qeyd ed\u0259k ki, son iki g\u00fcnd\u0259 Almaniyadan 12 Az\u0259rbaycan v\u0259t\u0259nda\u015f\u0131n\u0131n deportasiya edildiyi bar\u0259d\u0259 d\u0259&hellip;","_links":{"self":[{"href":"https:\/\/arantv.az\/index.php?rest_route=\/wp\/v2\/posts\/96491"}],"collection":[{"href":"https:\/\/arantv.az\/index.php?rest_route=\/wp\/v2\/posts"}],"about":[{"href":"https:\/\/arantv.az\/index.php?rest_route=\/wp\/v2\/types\/post"}],"author":[{"embeddable":true,"href":"https:\/\/arantv.az\/index.php?rest_route=\/wp\/v2\/users\/2"}],"replies":[{"embeddable":true,"href":"https:\/\/arantv.az\/index.php?rest_route=%2Fwp%2Fv2%2Fcomments&post=96491"}],"version-history":[{"count":0,"href":"https:\/\/arantv.az\/index.php?rest_route=\/wp\/v2\/posts\/96491\/revisions"}],"wp:featuredmedia":[{"embeddable":true,"href":"https:\/\/arantv.az\/index.php?rest_route=\/wp\/v2\/media\/96492"}],"wp:attachment":[{"href":"https:\/\/arantv.az\/index.php?rest_route=%2Fwp%2Fv2%2Fmedia&parent=96491"}],"wp:term":[{"taxonomy":"category","embeddable":true,"href":"https:\/\/arantv.az\/index.php?rest_route=%2Fwp%2Fv2%2Fcategories&post=96491"},{"taxonomy":"post_tag","embeddable":true,"href":"https:\/\/arantv.az\/index.php?rest_route=%2Fwp%2Fv2%2Ftags&post=96491"}],"curies":[{"name":"wp","href":"https:\/\/api.w.org\/{rel}","templated":true}]}}