{"id":96503,"date":"2019-11-15T08:37:33","date_gmt":"2019-11-15T05:37:33","guid":{"rendered":"http:\/\/arantv.az\/?p=96503"},"modified":"2019-11-15T08:37:33","modified_gmt":"2019-11-15T05:37:33","slug":"balak%c9%99nd%c9%99-pul-ustund%c9%99-mubahis%c9%99-oluml%c9%99-qurtardi","status":"publish","type":"post","link":"https:\/\/arantv.az\/?p=96503","title":{"rendered":"Balak\u0259nd\u0259 pul \u00fcst\u00fcnd\u0259 m\u00fcbahis\u0259 \u00f6l\u00fcml\u0259 qurtard\u0131"},"content":{"rendered":"<p><strong>Balak\u0259n rayonunda q\u0259tl hadis\u0259si ba\u015f verib.<\/strong><\/p>\n<p><strong>ARANTV.AZ<\/strong>\u00a0 oxu.az-a istinad\u0259n x\u0259b\u0259r verir ki, hadis\u0259 rayonun H\u0259nif\u0259 k\u0259ndind\u0259 qeyd\u0259 al\u0131n\u0131b.<\/p>\n<p>K\u0259nd sakinl\u0259ri, 25 ya\u015fl\u0131 Elvin Balayev v\u0259 Zaur Lay\u0131cov aras\u0131nda m\u00fcbahis\u0259 d\u00fc\u015f\u00fcb. Daha sonra m\u00fcbahis\u0259 davaya \u00e7evrilib v\u0259 Zaur Lay\u0131cov \u00fcz\u0259rind\u0259 olan b\u0131\u00e7aqla Elvin Balayev\u0259 a\u011f\u0131r x\u0259sar\u0259t yetirib.<\/p>\n<p>Elvin Balayev Balak\u0259n Rayon M\u0259rk\u0259zi X\u0259st\u0259xanas\u0131na apar\u0131lark\u0259n yolda \u00f6l\u00fcb.<\/p>\n<p>Hadis\u0259ni t\u00f6r\u0259tm\u0259kd\u0259 \u015f\u00fcbh\u0259li say\u0131lan Z.Lay\u0131cov polis t\u0259r\u0259find\u0259n saxlan\u0131l\u0131b.<\/p>\n<p>M\u0259lumata g\u00f6r\u0259, hadis\u0259 pul \u00fcst\u00fcnd\u0259 ba\u015f verib.<\/p>\n<p>Faktla ba\u011fl\u0131 Balak\u0259n rayon Prokurorlu\u011funda cinay\u0259t i\u015fi ba\u015flan\u0131l\u0131b.<\/p>\n","protected":false},"excerpt":{"rendered":"<p>Balak\u0259n rayonunda q\u0259tl hadis\u0259si ba\u015f verib. ARANTV.AZ\u00a0 oxu.az-a istinad\u0259n x\u0259b\u0259r verir ki, hadis\u0259 rayonun H\u0259nif\u0259 k\u0259ndind\u0259 qeyd\u0259 al\u0131n\u0131b. K\u0259nd sakinl\u0259ri, 25 ya\u015fl\u0131 Elvin Balayev v\u0259 Zaur Lay\u0131cov aras\u0131nda m\u00fcbahis\u0259 d\u00fc\u015f\u00fcb. Daha sonra m\u00fcbahis\u0259 davaya \u00e7evrilib v\u0259 Zaur Lay\u0131cov \u00fcz\u0259rind\u0259 olan b\u0131\u00e7aqla Elvin Balayev\u0259 a\u011f\u0131r x\u0259sar\u0259t yetirib. Elvin Balayev Balak\u0259n Rayon M\u0259rk\u0259zi X\u0259st\u0259xanas\u0131na apar\u0131lark\u0259n yolda \u00f6l\u00fcb. Hadis\u0259ni t\u00f6r\u0259tm\u0259kd\u0259 \u015f\u00fcbh\u0259li say\u0131lan Z.Lay\u0131cov polis t\u0259r\u0259find\u0259n saxlan\u0131l\u0131b. M\u0259lumata g\u00f6r\u0259, hadis\u0259 pul \u00fcst\u00fcnd\u0259 ba\u015f verib. Faktla ba\u011fl\u0131 Balak\u0259n rayon Prokurorlu\u011funda cinay\u0259t i\u015fi ba\u015flan\u0131l\u0131b.<\/p>\n","protected":false},"author":2,"featured_media":96504,"comment_status":"closed","ping_status":"closed","sticky":false,"template":"","format":"standard","meta":{"om_disable_all_campaigns":false,"_monsterinsights_skip_tracking":false,"_monsterinsights_sitenote_active":false,"_monsterinsights_sitenote_note":"","_monsterinsights_sitenote_category":0},"categories":[3],"tags":[],"aioseo_notices":[],"gutentor_comment":0,"rttpg_featured_image_url":{"full":["https:\/\/arantv.az\/wp-content\/uploads\/2019\/11\/bicaq_11-1.jpg",800,600,false],"landscape":["https:\/\/arantv.az\/wp-content\/uploads\/2019\/11\/bicaq_11-1.jpg",800,600,false],"portraits":["https:\/\/arantv.az\/wp-content\/uploads\/2019\/11\/bicaq_11-1.jpg",800,600,false],"thumbnail":["https:\/\/arantv.az\/wp-content\/uploads\/2019\/11\/bicaq_11-1-150x150.jpg",150,150,true],"medium":["https:\/\/arantv.az\/wp-content\/uploads\/2019\/11\/bicaq_11-1-300x225.jpg",300,225,true],"large":["https:\/\/arantv.az\/wp-content\/uploads\/2019\/11\/bicaq_11-1.jpg",640,480,false],"1536x1536":["https:\/\/arantv.az\/wp-content\/uploads\/2019\/11\/bicaq_11-1.jpg",800,600,false],"2048x2048":["https:\/\/arantv.az\/wp-content\/uploads\/2019\/11\/bicaq_11-1.jpg",800,600,false],"post-thumbnail":["https:\/\/arantv.az\/wp-content\/uploads\/2019\/11\/bicaq_11-1-240x172.jpg",240,172,true],"advps-thumb-one":["https:\/\/arantv.az\/wp-content\/uploads\/2019\/11\/bicaq_11-1.jpg",800,600,false]},"rttpg_author":{"display_name":"V\u00fcsal Rafiqo\u011flu","author_link":"https:\/\/arantv.az\/?author=2"},"rttpg_comment":0,"rttpg_category":"<a href=\"https:\/\/arantv.az\/?cat=3\" rel=\"category\">Kriminal<\/a>","rttpg_excerpt":"Balak\u0259n rayonunda q\u0259tl hadis\u0259si ba\u015f verib. ARANTV.AZ\u00a0 oxu.az-a istinad\u0259n x\u0259b\u0259r verir ki, hadis\u0259 rayonun H\u0259nif\u0259 k\u0259ndind\u0259 qeyd\u0259 al\u0131n\u0131b. K\u0259nd sakinl\u0259ri, 25 ya\u015fl\u0131 Elvin Balayev v\u0259 Zaur Lay\u0131cov aras\u0131nda m\u00fcbahis\u0259 d\u00fc\u015f\u00fcb. Daha sonra m\u00fcbahis\u0259 davaya \u00e7evrilib v\u0259 Zaur Lay\u0131cov \u00fcz\u0259rind\u0259 olan b\u0131\u00e7aqla Elvin Balayev\u0259 a\u011f\u0131r x\u0259sar\u0259t yetirib. Elvin Balayev Balak\u0259n Rayon M\u0259rk\u0259zi X\u0259st\u0259xanas\u0131na apar\u0131lark\u0259n yolda \u00f6l\u00fcb.&hellip;","_links":{"self":[{"href":"https:\/\/arantv.az\/index.php?rest_route=\/wp\/v2\/posts\/96503"}],"collection":[{"href":"https:\/\/arantv.az\/index.php?rest_route=\/wp\/v2\/posts"}],"about":[{"href":"https:\/\/arantv.az\/index.php?rest_route=\/wp\/v2\/types\/post"}],"author":[{"embeddable":true,"href":"https:\/\/arantv.az\/index.php?rest_route=\/wp\/v2\/users\/2"}],"replies":[{"embeddable":true,"href":"https:\/\/arantv.az\/index.php?rest_route=%2Fwp%2Fv2%2Fcomments&post=96503"}],"version-history":[{"count":0,"href":"https:\/\/arantv.az\/index.php?rest_route=\/wp\/v2\/posts\/96503\/revisions"}],"wp:featuredmedia":[{"embeddable":true,"href":"https:\/\/arantv.az\/index.php?rest_route=\/wp\/v2\/media\/96504"}],"wp:attachment":[{"href":"https:\/\/arantv.az\/index.php?rest_route=%2Fwp%2Fv2%2Fmedia&parent=96503"}],"wp:term":[{"taxonomy":"category","embeddable":true,"href":"https:\/\/arantv.az\/index.php?rest_route=%2Fwp%2Fv2%2Fcategories&post=96503"},{"taxonomy":"post_tag","embeddable":true,"href":"https:\/\/arantv.az\/index.php?rest_route=%2Fwp%2Fv2%2Ftags&post=96503"}],"curies":[{"name":"wp","href":"https:\/\/api.w.org\/{rel}","templated":true}]}}