{"id":96511,"date":"2019-11-15T08:39:16","date_gmt":"2019-11-15T05:39:16","guid":{"rendered":"http:\/\/arantv.az\/?p=96511"},"modified":"2019-11-15T08:39:16","modified_gmt":"2019-11-15T05:39:16","slug":"guclu-qar-bu-olk%c9%99d%c9%99-140-min-evi-isiqsiz-qoydu","status":"publish","type":"post","link":"https:\/\/arantv.az\/?p=96511","title":{"rendered":"G\u00fccl\u00fc qar bu \u00f6lk\u0259d\u0259 140 min evi i\u015f\u0131qs\u0131z qoydu"},"content":{"rendered":"<p>Fransan\u0131n c\u0259nub-\u015f\u0259rqind\u0259 g\u00fccl\u00fc qar s\u0259b\u0259bind\u0259n 140 min ev elektrik enerjisiz qal\u0131b.<\/p>\n<p><strong>ARANTV.AZ<\/strong>\u00a0<a href=\"https:\/\/az.trend.az\/\" target=\"_blank\" rel=\"noopener\">Trend<\/a>-\u0259 istinad\u0259n x\u0259b\u0259r verir ki, bu bar\u0259d\u0259 &#8220;Enedis&#8221; \u015firk\u0259tinin m\u0259lumat\u0131nda deyilir.<\/p>\n<p>M\u0259lumatda bildirilir: &#8220;Drom, \u0130zer v\u0259 Arde\u015f departamentl\u0259rind\u0259 140 min ev elektrik enerjisiz qal\u0131b. Bizim t\u0259mir briqadalar\u0131m\u0131z s\u0259f\u0259rb\u0259r edilib&#8221;.<\/p>\n<div>\n<div id=\"AdviadNativeVideo0\" class=\"AdviadNativeVideo\"><\/div>\n<\/div>\n<p>&#8220;BFMTV&#8221; telekanal\u0131 bildirilir ki, g\u00fccl\u00fc qar n\u0259tic\u0259sind\u0259 \u0130zer departamentind\u0259 1 n\u0259f\u0259r h\u0259lak olub.<\/p>\n","protected":false},"excerpt":{"rendered":"<p>Fransan\u0131n c\u0259nub-\u015f\u0259rqind\u0259 g\u00fccl\u00fc qar s\u0259b\u0259bind\u0259n 140 min ev elektrik enerjisiz qal\u0131b. ARANTV.AZ\u00a0Trend-\u0259 istinad\u0259n x\u0259b\u0259r verir ki, bu bar\u0259d\u0259 &#8220;Enedis&#8221; \u015firk\u0259tinin m\u0259lumat\u0131nda deyilir. M\u0259lumatda bildirilir: &#8220;Drom, \u0130zer v\u0259 Arde\u015f departamentl\u0259rind\u0259 140 min ev elektrik enerjisiz qal\u0131b. Bizim t\u0259mir briqadalar\u0131m\u0131z s\u0259f\u0259rb\u0259r edilib&#8221;. &#8220;BFMTV&#8221; telekanal\u0131 bildirilir ki, g\u00fccl\u00fc qar n\u0259tic\u0259sind\u0259 \u0130zer departamentind\u0259 1 n\u0259f\u0259r h\u0259lak olub.<\/p>\n","protected":false},"author":2,"featured_media":96512,"comment_status":"closed","ping_status":"closed","sticky":false,"template":"","format":"standard","meta":{"om_disable_all_campaigns":false,"_monsterinsights_skip_tracking":false,"_monsterinsights_sitenote_active":false,"_monsterinsights_sitenote_note":"","_monsterinsights_sitenote_category":0},"categories":[7],"tags":[],"aioseo_notices":[],"gutentor_comment":0,"rttpg_featured_image_url":{"full":["https:\/\/arantv.az\/wp-content\/uploads\/2019\/11\/802402.jpg",800,600,false],"landscape":["https:\/\/arantv.az\/wp-content\/uploads\/2019\/11\/802402.jpg",800,600,false],"portraits":["https:\/\/arantv.az\/wp-content\/uploads\/2019\/11\/802402.jpg",800,600,false],"thumbnail":["https:\/\/arantv.az\/wp-content\/uploads\/2019\/11\/802402-150x150.jpg",150,150,true],"medium":["https:\/\/arantv.az\/wp-content\/uploads\/2019\/11\/802402-300x225.jpg",300,225,true],"large":["https:\/\/arantv.az\/wp-content\/uploads\/2019\/11\/802402.jpg",640,480,false],"1536x1536":["https:\/\/arantv.az\/wp-content\/uploads\/2019\/11\/802402.jpg",800,600,false],"2048x2048":["https:\/\/arantv.az\/wp-content\/uploads\/2019\/11\/802402.jpg",800,600,false],"post-thumbnail":["https:\/\/arantv.az\/wp-content\/uploads\/2019\/11\/802402-240x172.jpg",240,172,true],"advps-thumb-one":["https:\/\/arantv.az\/wp-content\/uploads\/2019\/11\/802402.jpg",800,600,false]},"rttpg_author":{"display_name":"V\u00fcsal Rafiqo\u011flu","author_link":"https:\/\/arantv.az\/?author=2"},"rttpg_comment":0,"rttpg_category":"<a href=\"https:\/\/arantv.az\/?cat=7\" rel=\"category\">D\u00fcnya<\/a>","rttpg_excerpt":"Fransan\u0131n c\u0259nub-\u015f\u0259rqind\u0259 g\u00fccl\u00fc qar s\u0259b\u0259bind\u0259n 140 min ev elektrik enerjisiz qal\u0131b. ARANTV.AZ\u00a0Trend-\u0259 istinad\u0259n x\u0259b\u0259r verir ki, bu bar\u0259d\u0259 &#8220;Enedis&#8221; \u015firk\u0259tinin m\u0259lumat\u0131nda deyilir. M\u0259lumatda bildirilir: &#8220;Drom, \u0130zer v\u0259 Arde\u015f departamentl\u0259rind\u0259 140 min ev elektrik enerjisiz qal\u0131b. Bizim t\u0259mir briqadalar\u0131m\u0131z s\u0259f\u0259rb\u0259r edilib&#8221;. &#8220;BFMTV&#8221; telekanal\u0131 bildirilir ki, g\u00fccl\u00fc qar n\u0259tic\u0259sind\u0259 \u0130zer departamentind\u0259 1 n\u0259f\u0259r h\u0259lak olub.","_links":{"self":[{"href":"https:\/\/arantv.az\/index.php?rest_route=\/wp\/v2\/posts\/96511"}],"collection":[{"href":"https:\/\/arantv.az\/index.php?rest_route=\/wp\/v2\/posts"}],"about":[{"href":"https:\/\/arantv.az\/index.php?rest_route=\/wp\/v2\/types\/post"}],"author":[{"embeddable":true,"href":"https:\/\/arantv.az\/index.php?rest_route=\/wp\/v2\/users\/2"}],"replies":[{"embeddable":true,"href":"https:\/\/arantv.az\/index.php?rest_route=%2Fwp%2Fv2%2Fcomments&post=96511"}],"version-history":[{"count":0,"href":"https:\/\/arantv.az\/index.php?rest_route=\/wp\/v2\/posts\/96511\/revisions"}],"wp:featuredmedia":[{"embeddable":true,"href":"https:\/\/arantv.az\/index.php?rest_route=\/wp\/v2\/media\/96512"}],"wp:attachment":[{"href":"https:\/\/arantv.az\/index.php?rest_route=%2Fwp%2Fv2%2Fmedia&parent=96511"}],"wp:term":[{"taxonomy":"category","embeddable":true,"href":"https:\/\/arantv.az\/index.php?rest_route=%2Fwp%2Fv2%2Fcategories&post=96511"},{"taxonomy":"post_tag","embeddable":true,"href":"https:\/\/arantv.az\/index.php?rest_route=%2Fwp%2Fv2%2Ftags&post=96511"}],"curies":[{"name":"wp","href":"https:\/\/api.w.org\/{rel}","templated":true}]}}