{"id":96527,"date":"2019-11-15T09:09:36","date_gmt":"2019-11-15T06:09:36","guid":{"rendered":"http:\/\/arantv.az\/?p=96527"},"modified":"2019-11-15T09:09:36","modified_gmt":"2019-11-15T06:09:36","slug":"masin-hasara-cirpildi-surucu-oldu","status":"publish","type":"post","link":"https:\/\/arantv.az\/?p=96527","title":{"rendered":"Ma\u015f\u0131n hasara \u00e7\u0131rp\u0131ld\u0131, s\u00fcr\u00fcc\u00fc \u00f6ld\u00fc"},"content":{"rendered":"<p>\u00d6t\u0259n g\u00fcn ba\u015f ver\u0259n yol-n\u0259qliyyat hadis\u0259si zaman\u0131 bir n\u0259f\u0259r \u00f6l\u00fcb.<\/p>\n<p><b>ARANTV.AZ\u00a0<\/b>x\u0259b\u0259r verir ki, hadis\u0259 G\u0259nc\u0259-\u015e\u0259mkir yolunun 1-ci kilometrliyind\u0259 qeyd\u0259 al\u0131n\u0131b.<\/p>\n<p>Bel\u0259 ki, Rusiya Federasiyas\u0131na m\u0259xsus \u201cX656KT799\u201d\u00a0qeydiyyat n\u00f6mr\u0259 ni\u015fanl\u0131 \u201cMazda3\u201d\u00a0markal\u0131 avtomobill\u0259 s\u00f6z\u00fcged\u0259n istiqam\u0259td\u0259 h\u0259r\u0259k\u0259td\u0259 olan s\u00fcr\u00fcc\u00fc Allahverdiyev Raul Qurban o\u011flu idar\u0259etm\u0259ni itir\u0259r\u0259k, yolun k\u0259nar\u0131ndak\u0131 ki\u00e7ik hasara \u00e7\u0131rp\u0131l\u0131b. N\u0259tic\u0259d\u0259, s\u00fcr\u00fcc\u00fc R.Allahverdiyev ald\u0131\u011f\u0131 x\u0259sar\u0259tl\u0259rd\u0259n hadis\u0259 yerind\u0259 \u00f6l\u00fcb.<\/p>\n<p>Avtomobild\u0259 olan s\u0259rni\u015fin \u018fliyev F\u0259rid Rasim o\u011flu is\u0259 burunun \u00fcst\u00fcn\u00fcn \u00e7ap\u0131lm\u0131\u015f,\u00a0\u0259lin v\u0259 sol dizin c\u0131r\u0131lm\u0131\u015f yaras\u0131 x\u0259sar\u0259tl\u0259ri al\u0131b.<\/p>\n<p>Faktla ba\u011fl\u0131 CM-nin 263.2-ci madd\u0259si il\u0259 cinay\u0259t i\u015fi ba\u015flan\u0131b.oxu.az<\/p>\n","protected":false},"excerpt":{"rendered":"<p>\u00d6t\u0259n g\u00fcn ba\u015f ver\u0259n yol-n\u0259qliyyat hadis\u0259si zaman\u0131 bir n\u0259f\u0259r \u00f6l\u00fcb. ARANTV.AZ\u00a0x\u0259b\u0259r verir ki, hadis\u0259 G\u0259nc\u0259-\u015e\u0259mkir yolunun 1-ci kilometrliyind\u0259 qeyd\u0259 al\u0131n\u0131b. Bel\u0259 ki, Rusiya Federasiyas\u0131na m\u0259xsus \u201cX656KT799\u201d\u00a0qeydiyyat n\u00f6mr\u0259 ni\u015fanl\u0131 \u201cMazda3\u201d\u00a0markal\u0131 avtomobill\u0259 s\u00f6z\u00fcged\u0259n istiqam\u0259td\u0259 h\u0259r\u0259k\u0259td\u0259 olan s\u00fcr\u00fcc\u00fc Allahverdiyev Raul Qurban o\u011flu idar\u0259etm\u0259ni itir\u0259r\u0259k, yolun k\u0259nar\u0131ndak\u0131 ki\u00e7ik hasara \u00e7\u0131rp\u0131l\u0131b. N\u0259tic\u0259d\u0259, s\u00fcr\u00fcc\u00fc R.Allahverdiyev ald\u0131\u011f\u0131 x\u0259sar\u0259tl\u0259rd\u0259n hadis\u0259 yerind\u0259 \u00f6l\u00fcb. Avtomobild\u0259 olan s\u0259rni\u015fin \u018fliyev F\u0259rid Rasim o\u011flu is\u0259 burunun \u00fcst\u00fcn\u00fcn \u00e7ap\u0131lm\u0131\u015f,\u00a0\u0259lin v\u0259 sol dizin c\u0131r\u0131lm\u0131\u015f yaras\u0131 x\u0259sar\u0259tl\u0259ri al\u0131b. Faktla ba\u011fl\u0131 CM-nin 263.2-ci madd\u0259si il\u0259 cinay\u0259t i\u015fi ba\u015flan\u0131b.oxu.az<\/p>\n","protected":false},"author":2,"featured_media":96528,"comment_status":"closed","ping_status":"closed","sticky":false,"template":"","format":"standard","meta":{"om_disable_all_campaigns":false,"_monsterinsights_skip_tracking":false,"_monsterinsights_sitenote_active":false,"_monsterinsights_sitenote_note":"","_monsterinsights_sitenote_category":0},"categories":[5],"tags":[],"aioseo_notices":[],"gutentor_comment":0,"rttpg_featured_image_url":{"full":["https:\/\/arantv.az\/wp-content\/uploads\/2019\/11\/yuyu.jpg",620,350,false],"landscape":["https:\/\/arantv.az\/wp-content\/uploads\/2019\/11\/yuyu.jpg",620,350,false],"portraits":["https:\/\/arantv.az\/wp-content\/uploads\/2019\/11\/yuyu.jpg",620,350,false],"thumbnail":["https:\/\/arantv.az\/wp-content\/uploads\/2019\/11\/yuyu-150x150.jpg",150,150,true],"medium":["https:\/\/arantv.az\/wp-content\/uploads\/2019\/11\/yuyu-300x169.jpg",300,169,true],"large":["https:\/\/arantv.az\/wp-content\/uploads\/2019\/11\/yuyu.jpg",620,350,false],"1536x1536":["https:\/\/arantv.az\/wp-content\/uploads\/2019\/11\/yuyu.jpg",620,350,false],"2048x2048":["https:\/\/arantv.az\/wp-content\/uploads\/2019\/11\/yuyu.jpg",620,350,false],"post-thumbnail":["https:\/\/arantv.az\/wp-content\/uploads\/2019\/11\/yuyu-240x172.jpg",240,172,true],"advps-thumb-one":["https:\/\/arantv.az\/wp-content\/uploads\/2019\/11\/yuyu.jpg",620,350,false]},"rttpg_author":{"display_name":"V\u00fcsal Rafiqo\u011flu","author_link":"https:\/\/arantv.az\/?author=2"},"rttpg_comment":0,"rttpg_category":"<a href=\"https:\/\/arantv.az\/?cat=5\" rel=\"category\">Hadis\u0259<\/a>","rttpg_excerpt":"\u00d6t\u0259n g\u00fcn ba\u015f ver\u0259n yol-n\u0259qliyyat hadis\u0259si zaman\u0131 bir n\u0259f\u0259r \u00f6l\u00fcb. ARANTV.AZ\u00a0x\u0259b\u0259r verir ki, hadis\u0259 G\u0259nc\u0259-\u015e\u0259mkir yolunun 1-ci kilometrliyind\u0259 qeyd\u0259 al\u0131n\u0131b. Bel\u0259 ki, Rusiya Federasiyas\u0131na m\u0259xsus \u201cX656KT799\u201d\u00a0qeydiyyat n\u00f6mr\u0259 ni\u015fanl\u0131 \u201cMazda3\u201d\u00a0markal\u0131 avtomobill\u0259 s\u00f6z\u00fcged\u0259n istiqam\u0259td\u0259 h\u0259r\u0259k\u0259td\u0259 olan s\u00fcr\u00fcc\u00fc Allahverdiyev Raul Qurban o\u011flu idar\u0259etm\u0259ni itir\u0259r\u0259k, yolun k\u0259nar\u0131ndak\u0131 ki\u00e7ik hasara \u00e7\u0131rp\u0131l\u0131b. N\u0259tic\u0259d\u0259, s\u00fcr\u00fcc\u00fc R.Allahverdiyev ald\u0131\u011f\u0131 x\u0259sar\u0259tl\u0259rd\u0259n hadis\u0259 yerind\u0259 \u00f6l\u00fcb. Avtomobild\u0259&hellip;","_links":{"self":[{"href":"https:\/\/arantv.az\/index.php?rest_route=\/wp\/v2\/posts\/96527"}],"collection":[{"href":"https:\/\/arantv.az\/index.php?rest_route=\/wp\/v2\/posts"}],"about":[{"href":"https:\/\/arantv.az\/index.php?rest_route=\/wp\/v2\/types\/post"}],"author":[{"embeddable":true,"href":"https:\/\/arantv.az\/index.php?rest_route=\/wp\/v2\/users\/2"}],"replies":[{"embeddable":true,"href":"https:\/\/arantv.az\/index.php?rest_route=%2Fwp%2Fv2%2Fcomments&post=96527"}],"version-history":[{"count":0,"href":"https:\/\/arantv.az\/index.php?rest_route=\/wp\/v2\/posts\/96527\/revisions"}],"wp:featuredmedia":[{"embeddable":true,"href":"https:\/\/arantv.az\/index.php?rest_route=\/wp\/v2\/media\/96528"}],"wp:attachment":[{"href":"https:\/\/arantv.az\/index.php?rest_route=%2Fwp%2Fv2%2Fmedia&parent=96527"}],"wp:term":[{"taxonomy":"category","embeddable":true,"href":"https:\/\/arantv.az\/index.php?rest_route=%2Fwp%2Fv2%2Fcategories&post=96527"},{"taxonomy":"post_tag","embeddable":true,"href":"https:\/\/arantv.az\/index.php?rest_route=%2Fwp%2Fv2%2Ftags&post=96527"}],"curies":[{"name":"wp","href":"https:\/\/api.w.org\/{rel}","templated":true}]}}