{"id":96536,"date":"2019-11-15T09:11:20","date_gmt":"2019-11-15T06:11:20","guid":{"rendered":"http:\/\/arantv.az\/?p=96536"},"modified":"2019-11-15T09:11:20","modified_gmt":"2019-11-15T06:11:20","slug":"vilay%c9%99t-eyvazovdan-interpolun-milli-m%c9%99rk%c9%99zi-burosu-r%c9%99isi-v%c9%99zif%c9%99sin%c9%99-t%c9%99yinat","status":"publish","type":"post","link":"https:\/\/arantv.az\/?p=96536","title":{"rendered":"Vilay\u0259t Eyvazovdan \u0130nterpolun Milli M\u0259rk\u0259zi B\u00fcrosu r\u0259isi v\u0259zif\u0259sin\u0259 &#8211; T\u018fY\u0130NAT"},"content":{"rendered":"<p>Daxili \u0130\u015fl\u0259r Nazirliyind\u0259 n\u00f6vb\u0259ti kadr d\u0259yi\u015fikliyi olub.<\/p>\n<p><b>ARANTV.AZ<\/b>-\u0131n m\u0259lumat\u0131na g\u00f6r\u0259, bu bar\u0259d\u0259 m\u00fcvafiq \u0259mri Daxili \u0130\u015fl\u0259r naziri, general-polkovnik Vilay\u0259t Eyvazov imzalay\u0131b.<\/p>\n<p>\u018fmr\u0259 \u0259sas\u0259n, Bak\u0131 \u015e\u0259h\u0259r Ba\u015f Polis \u0130dar\u0259sinin Cinay\u0259t-Axtar\u0131\u015f \u0130dar\u0259sinin r\u0259isi, polkovnik \u018flaslan A\u011fayev tutdu\u011fu v\u0259zif\u0259d\u0259n azad edilib.<\/p>\n<p>Nazirin dig\u0259r \u0259mri il\u0259 polkovnik\u00a0Az\u0259rbaycan Respublikas\u0131nda \u0130nterpolun Milli M\u0259rk\u0259zi B\u00fcrosunun r\u0259isi v\u0259zif\u0259sin\u0259 t\u0259yinat al\u0131b.<\/p>\n<p>Qeyd ed\u0259k ki, bir m\u00fcdd\u0259t \u0259vv\u0259l \u0130nterpolun Milli M\u0259rk\u0259zi B\u00fcrosunun r\u0259isi, polis general-mayoru Mehman T\u0259hm\u0259zov ya\u015f h\u0259ddi il\u0259 ba\u011fl\u0131 v\u0259zif\u0259sind\u0259n azad edil\u0259r\u0259k t\u0259qa\u00fcd\u0259 g\u00f6nd\u0259rilib.Oxu.Az<\/p>\n","protected":false},"excerpt":{"rendered":"<p>Daxili \u0130\u015fl\u0259r Nazirliyind\u0259 n\u00f6vb\u0259ti kadr d\u0259yi\u015fikliyi olub. ARANTV.AZ-\u0131n m\u0259lumat\u0131na g\u00f6r\u0259, bu bar\u0259d\u0259 m\u00fcvafiq \u0259mri Daxili \u0130\u015fl\u0259r naziri, general-polkovnik Vilay\u0259t Eyvazov imzalay\u0131b. \u018fmr\u0259 \u0259sas\u0259n, Bak\u0131 \u015e\u0259h\u0259r Ba\u015f Polis \u0130dar\u0259sinin Cinay\u0259t-Axtar\u0131\u015f \u0130dar\u0259sinin r\u0259isi, polkovnik \u018flaslan A\u011fayev tutdu\u011fu v\u0259zif\u0259d\u0259n azad edilib. Nazirin dig\u0259r \u0259mri il\u0259 polkovnik\u00a0Az\u0259rbaycan Respublikas\u0131nda \u0130nterpolun Milli M\u0259rk\u0259zi B\u00fcrosunun r\u0259isi v\u0259zif\u0259sin\u0259 t\u0259yinat al\u0131b. Qeyd ed\u0259k ki, bir m\u00fcdd\u0259t \u0259vv\u0259l \u0130nterpolun Milli M\u0259rk\u0259zi B\u00fcrosunun r\u0259isi, polis general-mayoru Mehman T\u0259hm\u0259zov ya\u015f h\u0259ddi il\u0259 ba\u011fl\u0131 v\u0259zif\u0259sind\u0259n azad edil\u0259r\u0259k t\u0259qa\u00fcd\u0259 g\u00f6nd\u0259rilib.Oxu.Az<\/p>\n","protected":false},"author":2,"featured_media":96537,"comment_status":"closed","ping_status":"closed","sticky":false,"template":"","format":"standard","meta":{"om_disable_all_campaigns":false,"_monsterinsights_skip_tracking":false,"_monsterinsights_sitenote_active":false,"_monsterinsights_sitenote_note":"","_monsterinsights_sitenote_category":0},"categories":[1],"tags":[],"aioseo_notices":[],"gutentor_comment":0,"rttpg_featured_image_url":{"full":["https:\/\/arantv.az\/wp-content\/uploads\/2019\/11\/vilay\u00c9_t.jpg",620,448,false],"landscape":["https:\/\/arantv.az\/wp-content\/uploads\/2019\/11\/vilay\u00c9_t.jpg",620,448,false],"portraits":["https:\/\/arantv.az\/wp-content\/uploads\/2019\/11\/vilay\u00c9_t.jpg",620,448,false],"thumbnail":["https:\/\/arantv.az\/wp-content\/uploads\/2019\/11\/vilay\u00c9_t-150x150.jpg",150,150,true],"medium":["https:\/\/arantv.az\/wp-content\/uploads\/2019\/11\/vilay\u00c9_t-300x217.jpg",300,217,true],"large":["https:\/\/arantv.az\/wp-content\/uploads\/2019\/11\/vilay\u00c9_t.jpg",620,448,false],"1536x1536":["https:\/\/arantv.az\/wp-content\/uploads\/2019\/11\/vilay\u00c9_t.jpg",620,448,false],"2048x2048":["https:\/\/arantv.az\/wp-content\/uploads\/2019\/11\/vilay\u00c9_t.jpg",620,448,false],"post-thumbnail":["https:\/\/arantv.az\/wp-content\/uploads\/2019\/11\/vilay\u00c9_t-240x172.jpg",240,172,true],"advps-thumb-one":["https:\/\/arantv.az\/wp-content\/uploads\/2019\/11\/vilay\u00c9_t.jpg",620,448,false]},"rttpg_author":{"display_name":"V\u00fcsal Rafiqo\u011flu","author_link":"https:\/\/arantv.az\/?author=2"},"rttpg_comment":0,"rttpg_category":"<a href=\"https:\/\/arantv.az\/?cat=1\" rel=\"category\">C\u0259miyy\u0259t<\/a>","rttpg_excerpt":"Daxili \u0130\u015fl\u0259r Nazirliyind\u0259 n\u00f6vb\u0259ti kadr d\u0259yi\u015fikliyi olub. ARANTV.AZ-\u0131n m\u0259lumat\u0131na g\u00f6r\u0259, bu bar\u0259d\u0259 m\u00fcvafiq \u0259mri Daxili \u0130\u015fl\u0259r naziri, general-polkovnik Vilay\u0259t Eyvazov imzalay\u0131b. \u018fmr\u0259 \u0259sas\u0259n, Bak\u0131 \u015e\u0259h\u0259r Ba\u015f Polis \u0130dar\u0259sinin Cinay\u0259t-Axtar\u0131\u015f \u0130dar\u0259sinin r\u0259isi, polkovnik \u018flaslan A\u011fayev tutdu\u011fu v\u0259zif\u0259d\u0259n azad edilib. Nazirin dig\u0259r \u0259mri il\u0259 polkovnik\u00a0Az\u0259rbaycan Respublikas\u0131nda \u0130nterpolun Milli M\u0259rk\u0259zi B\u00fcrosunun r\u0259isi v\u0259zif\u0259sin\u0259 t\u0259yinat al\u0131b. Qeyd ed\u0259k ki,&hellip;","_links":{"self":[{"href":"https:\/\/arantv.az\/index.php?rest_route=\/wp\/v2\/posts\/96536"}],"collection":[{"href":"https:\/\/arantv.az\/index.php?rest_route=\/wp\/v2\/posts"}],"about":[{"href":"https:\/\/arantv.az\/index.php?rest_route=\/wp\/v2\/types\/post"}],"author":[{"embeddable":true,"href":"https:\/\/arantv.az\/index.php?rest_route=\/wp\/v2\/users\/2"}],"replies":[{"embeddable":true,"href":"https:\/\/arantv.az\/index.php?rest_route=%2Fwp%2Fv2%2Fcomments&post=96536"}],"version-history":[{"count":0,"href":"https:\/\/arantv.az\/index.php?rest_route=\/wp\/v2\/posts\/96536\/revisions"}],"wp:featuredmedia":[{"embeddable":true,"href":"https:\/\/arantv.az\/index.php?rest_route=\/wp\/v2\/media\/96537"}],"wp:attachment":[{"href":"https:\/\/arantv.az\/index.php?rest_route=%2Fwp%2Fv2%2Fmedia&parent=96536"}],"wp:term":[{"taxonomy":"category","embeddable":true,"href":"https:\/\/arantv.az\/index.php?rest_route=%2Fwp%2Fv2%2Fcategories&post=96536"},{"taxonomy":"post_tag","embeddable":true,"href":"https:\/\/arantv.az\/index.php?rest_route=%2Fwp%2Fv2%2Ftags&post=96536"}],"curies":[{"name":"wp","href":"https:\/\/api.w.org\/{rel}","templated":true}]}}