{"id":96540,"date":"2019-11-15T09:12:59","date_gmt":"2019-11-15T06:12:59","guid":{"rendered":"http:\/\/arantv.az\/?p=96540"},"modified":"2019-11-15T09:12:59","modified_gmt":"2019-11-15T06:12:59","slug":"elmira-suleymanova-istefa-%c9%99riz%c9%99si-yazib","status":"publish","type":"post","link":"https:\/\/arantv.az\/?p=96540","title":{"rendered":"Elmira S\u00fcleymanova istefa \u0259riz\u0259si yaz\u0131b"},"content":{"rendered":"<p>T\u0259qa\u00fcd ya\u015f\u0131 ke\u00e7mi\u015f m\u0259murlar\u0131n istefas\u0131 m\u0259s\u0259l\u0259sinin aktualla\u015fmas\u0131ndan sonra Az\u0259rbaycan\u0131n \u0130nsan H\u00fcquqlar\u0131 \u00fczr\u0259 M\u00fcv\u0259kkilinin (Ombudsman) d\u0259 yerin\u0259, n\u0259hay\u0259t, yeni \u015f\u0259xsin se\u00e7il\u0259c\u0259yi m\u0259s\u0259l\u0259si d\u0259 diqq\u0259t m\u0259rk\u0259zin\u0259 g\u0259lib.<\/p>\n<p>Az\u0259rbaycan\u0131n \u0130nsan H\u00fcquqlar\u0131 \u00fczr\u0259 M\u00fcv\u0259kkili Elmira S\u00fcleymanovan\u0131n 82 ya\u015f\u0131 olmas\u0131na baxmayaraq, h\u0259l\u0259 d\u0259 bu v\u0259zif\u0259d\u0259 qalmas\u0131 onun ad\u0131n\u0131n median\u0131n g\u00fcnd\u0259mind\u0259n d\u00fc\u015fm\u0259sin\u0259 imkan vermir.<\/p>\n<p>\u201cYeni M\u00fcsavat\u201da\u00a0daxil olan m\u0259lumata g\u00f6r\u0259, Elmira S\u00fcleymanovan\u0131n ombudsman v\u0259zif\u0259sind\u0259n istefa \u0259riz\u0259si yazd\u0131\u011f\u0131, \u0259riz\u0259sind\u0259 Prezident \u0130lham \u018fliyevd\u0259n onun istefas\u0131n\u0131 q\u0259bul etm\u0259sini xahi\u015f etdiyi bar\u0259d\u0259\u00a0m\u0259lumat daxil olub. Elmira xan\u0131m\u0131n istefas\u0131 q\u0259bul edil\u0259c\u0259ks\u0259, \u00e7ox g\u00fcman ki, yax\u0131n g\u00fcnl\u0259rd\u0259 m\u0259s\u0259l\u0259 ictimaiyy\u0259t\u0259 a\u00e7\u0131qlanacaq.<\/p>\n<p>Qeyd ed\u0259k ki, noyabr\u0131n 1-d\u0259 Elmira S\u00fcleymanova sosial \u015f\u0259b\u0259k\u0259l\u0259rd\u0259 ya\u015fl\u0131 n\u0259slin n\u00fcmay\u0259nd\u0259si oldu\u011fu \u00fc\u00e7\u00fcn onun da istefa verm\u0259sinin m\u0259qs\u0259d\u0259uy\u011fun hesab edilm\u0259si il\u0259 ba\u011fl\u0131 yay\u0131lan m\u0259lumatlara m\u00fcnasib\u0259t bildirmi\u015fdi.<\/p>\n<p>E.S\u00fcleymanova jurnalistl\u0259r\u0259 a\u00e7\u0131qlamas\u0131nda i\u015fd\u0259n azad olunmas\u0131 il\u0259 ba\u011fl\u0131 Prezident \u0130lham \u018fliyevin r\u0259smi q\u0259rar\u0131n\u0131 g\u00f6zl\u0259diyini demi\u015fdi:<\/p>\n<p>\u201cSosial \u015f\u0259b\u0259k\u0259l\u0259rd\u0259 m\u0259nim ad\u0131m\u0131n halland\u0131r\u0131lmas\u0131 ba\u015fqa bir m\u0259s\u0259l\u0259dir. M\u0259n bu bar\u0259d\u0259 dan\u0131\u015fmaq ist\u0259mir\u0259m. \u00c7\u00fcnki g\u00f6r\u00fcr\u0259m ki, kims\u0259 s\u0259mimi bir s\u00f6z dey\u0259nd\u0259 ona don geyindirirl\u0259r. Ya\u015fl\u0131 \u015f\u0259xsl\u0259rd\u0259n biri bu m\u0259s\u0259l\u0259 il\u0259 ba\u011fl\u0131 dan\u0131\u015fanda \u201cr\u0259smi q\u0259rar\u0131 g\u00f6zl\u0259yir\u0259m\u201d\u00a0dedi. M\u0259n bu yana\u015fman\u0131 v\u0259 fikri \u00e7ox b\u0259y\u0259ndim. M\u0259n d\u0259 q\u0131sa olaraq dey\u0259 bil\u0259r\u0259m ki, c\u0259nab prezidentin r\u0259smi q\u0259rar\u0131n\u0131 g\u00f6zl\u0259yir\u0259m&#8221;.<\/p>\n<p>Xat\u0131rladaq ki, 2002-ci v\u0259 2010-cu ill\u0259rd\u0259 \u0130nsan h\u00fcquqlar\u0131 \u00fczr\u0259 m\u00fcv\u0259kkil se\u00e7il\u0259n 82 ya\u015fl\u0131 Elmira S\u00fcleymanovan\u0131n s\u0259lahiyy\u0259t m\u00fcdd\u0259ti 2017-ci il mart\u0131n 5-d\u0259 bitib.<\/p>\n<p>\u201c\u0130nsan h\u00fcquqlar\u0131 \u00fczr\u0259 m\u00fcv\u0259kkil (ombudsman) haqq\u0131nda\u201d qanuna \u0259sas\u0259n, m\u00fcv\u0259kkil yeddi\u00a0il m\u00fcdd\u0259tin\u0259 se\u00e7ilir v\u0259 eyni \u015f\u0259xs m\u00fcv\u0259kkil v\u0259zif\u0259sin\u0259 iki d\u0259f\u0259d\u0259n art\u0131q se\u00e7il\u0259 bilm\u0259z. Elmira S\u00fcleymanova da iki d\u0259f\u0259 ombudsman se\u00e7ildiyind\u0259n, qanun onun s\u0259lahiyy\u0259t m\u00fcdd\u0259tini art\u0131rma\u011fa imkan vermir.<\/p>\n<p>Qanunvericilikd\u0259 qeyd edilib ki, m\u00fcv\u0259kkilin s\u0259lahiyy\u0259tl\u0259rinin bitm\u0259sin\u0259 30 g\u00fcn qalm\u0131\u015f Az\u0259rbaycan Prezidenti Milli M\u0259clis\u0259 yeni m\u00fcv\u0259kkilin se\u00e7ilm\u0259si \u00fc\u00e7\u00fcn \u00fc\u00e7 \u015f\u0259xsin namiz\u0259dliyini t\u0259qdim edir.<\/p>\n<p>Milli M\u0259clis 15 g\u00fcn m\u00fcdd\u0259tind\u0259 m\u00fcv\u0259kkilin se\u00e7ilm\u0259si il\u0259 ba\u011fl\u0131 m\u00fcvafiq q\u0259rar q\u0259bul edir. Yaln\u0131z ombudsman\u0131n yerin\u0259 yeni namiz\u0259d verilm\u0259dikd\u0259 o,\u00a0 \u00f6z v\u0259zif\u0259sind\u0259 qala bilir. Bel\u0259 ki, Konstitusiyaya m\u0259hdudiyy\u0259tin g\u00f6t\u00fcr\u00fclm\u0259si il\u0259 ba\u011fl\u0131 2009-cu ilin mart\u0131n 18-d\u0259 edil\u0259n d\u0259yi\u015fikliy\u0259 \u0259sas\u0259n, s\u0259lahiyy\u0259t m\u00fcdd\u0259ti ba\u015fa \u00e7atan m\u00fcv\u0259kkilin yerin\u0259 yeni \u015f\u0259xs se\u00e7il\u0259n\u0259 q\u0259d\u0259r o, \u00f6z v\u0259zif\u0259sinin icras\u0131n\u0131 davam etdirir. S\u0259lahiyy\u0259t m\u00fcdd\u0259ti ba\u015fa \u00e7atan Elmira S\u00fcleymanova da m\u0259hz yerin\u0259 namiz\u0259d verilm\u0259diyind\u0259n h\u0259l\u0259 d\u0259 ombudsman v\u0259zif\u0259sind\u0259 qal\u0131r.<\/p>\n<p>Ancaq art\u0131q h\u0259m ya\u015f\u0131, h\u0259m d\u0259 s\u0259hh\u0259tinin ona v\u0259zif\u0259sini tam icra etm\u0259y\u0259 imkan verm\u0259diyi bar\u0259d\u0259 vaxta\u015f\u0131r\u0131 deputatlar, h\u00fcquq m\u00fcdafi\u0259\u00e7il\u0259ri, siyas\u0259t\u00e7il\u0259r t\u0259r\u0259find\u0259n a\u00e7\u0131qlamalar verilir. \u00d6t\u0259n il Elmira S\u00fcleymanova illik m\u0259ruz\u0259 il\u0259 \u00e7\u0131x\u0131\u015f etdikd\u0259n sonra deputatlar onun f\u0259aliyy\u0259tini s\u0259rt \u015f\u0259kild\u0259 t\u0259nqid etmi\u015fdil\u0259r.<\/p>\n<p>Yeni ba\u015flayan pay\u0131z sessiyas\u0131ndan az \u00f6nc\u0259 is\u0259 Milli M\u0259clisin H\u00fcquq siyas\u0259ti v\u0259 d\u00f6vl\u0259t quruculu\u011fu komit\u0259sinin \u00fczv\u00fc Tahir K\u0259rimli sessiyada yeni ombudsman\u0131n t\u0259yinat\u0131 m\u0259s\u0259l\u0259sini g\u00fcnd\u0259m\u0259 g\u0259tir\u0259c\u0259yini a\u00e7\u0131qlam\u0131\u015fd\u0131. O qeyd etmi\u015fdi ki, m\u00fctl\u0259q parlament r\u0259hb\u0259rliyin\u0259 bu fikri \u00e7atd\u0131racaq, \u00e7\u00fcnki bu m\u0259s\u0259l\u0259y\u0259 bax\u0131lmal\u0131d\u0131r:<\/p>\n<p>\u201cDey\u0259 bil\u0259r\u0259m ki, proses \u00e7ox l\u0259ngiyir. Hesab edir\u0259m ki, bu m\u0259s\u0259l\u0259ni h\u0259ll etm\u0259yin zaman\u0131d\u0131r. Qanunvericiliy\u0259 \u0259sas\u0259n, yeni ombudsman t\u0259yinat\u0131 olmursa, k\u00f6hn\u0259 ombudsman s\u0259lahiyy\u0259t m\u00fcdd\u0259ti bitdikd\u0259n sonra v\u0259zif\u0259sinin icras\u0131n\u0131 davam etdirir. T\u0259bii ki, bu m\u0259s\u0259l\u0259 prezidentin s\u0259lahiyy\u0259tind\u0259 oldu\u011fundan g\u00f6zl\u0259yirik. G\u00fcman ki, c\u0259nab prezident m\u00fcvafiq add\u0131mlar atacaq.<\/p>\n<p>Dey\u0259 bilm\u0259r\u0259m yeni ombudsman g\u0259nc, ya da ya\u015fl\u0131 olsun. D\u00fczd\u00fcr, insanlar\u0131n ham\u0131s\u0131 arzulay\u0131r ki, daha \u00e7al\u0131\u015fqan biri bu postu tutsun. Ombudsman b\u00fct\u00fcn \u00f6lk\u0259l\u0259rd\u0259 \u00e7ox y\u00fcks\u0259k konstitusion v\u0259zif\u0259dir. \u018fsas odur ki, insanlar\u0131n h\u00fcquqlar\u0131na \u00e7ox h\u0259ssas yana\u015fa bilsin\u201d.<\/p>\n<p>\u201cYeni M\u00fcsavat\u201d\u0131n \u0259ld\u0259 etdiyi ba\u015fqa bir m\u0259lumata g\u00f6r\u0259, Milli M\u0259clisin n\u00f6vb\u0259ti iclaslar\u0131n\u0131n birind\u0259 yeni ombudsman m\u0259s\u0259l\u0259si m\u00fczakir\u0259 edil\u0259c\u0259k. \u0130stisna deyil ki, prezidentin t\u0259qdimat\u0131 parlament\u0259 daxil olsun. Az\u0259rbaycan\u0131n ikinci ombudsman\u0131n\u0131n haz\u0131rda parlament \u00fczv\u00fc olan v\u0259zif\u0259li xan\u0131m deputatlardan biri olaca\u011f\u0131 da \u0259ld\u0259 etdiyimiz m\u0259lumatlar s\u0131ras\u0131ndad\u0131r.<\/p>\n","protected":false},"excerpt":{"rendered":"<p>T\u0259qa\u00fcd ya\u015f\u0131 ke\u00e7mi\u015f m\u0259murlar\u0131n istefas\u0131 m\u0259s\u0259l\u0259sinin aktualla\u015fmas\u0131ndan sonra Az\u0259rbaycan\u0131n \u0130nsan H\u00fcquqlar\u0131 \u00fczr\u0259 M\u00fcv\u0259kkilinin (Ombudsman) d\u0259 yerin\u0259, n\u0259hay\u0259t, yeni \u015f\u0259xsin se\u00e7il\u0259c\u0259yi m\u0259s\u0259l\u0259si d\u0259 diqq\u0259t m\u0259rk\u0259zin\u0259 g\u0259lib. Az\u0259rbaycan\u0131n \u0130nsan H\u00fcquqlar\u0131 \u00fczr\u0259 M\u00fcv\u0259kkili Elmira S\u00fcleymanovan\u0131n 82 ya\u015f\u0131 olmas\u0131na baxmayaraq, h\u0259l\u0259 d\u0259 bu v\u0259zif\u0259d\u0259 qalmas\u0131 onun ad\u0131n\u0131n median\u0131n g\u00fcnd\u0259mind\u0259n d\u00fc\u015fm\u0259sin\u0259 imkan vermir. \u201cYeni M\u00fcsavat\u201da\u00a0daxil olan m\u0259lumata g\u00f6r\u0259, Elmira S\u00fcleymanovan\u0131n ombudsman v\u0259zif\u0259sind\u0259n istefa \u0259riz\u0259si yazd\u0131\u011f\u0131, \u0259riz\u0259sind\u0259 Prezident \u0130lham \u018fliyevd\u0259n onun istefas\u0131n\u0131 q\u0259bul etm\u0259sini xahi\u015f etdiyi bar\u0259d\u0259\u00a0m\u0259lumat daxil olub. Elmira xan\u0131m\u0131n istefas\u0131 q\u0259bul edil\u0259c\u0259ks\u0259, \u00e7ox g\u00fcman ki, yax\u0131n g\u00fcnl\u0259rd\u0259 m\u0259s\u0259l\u0259 ictimaiyy\u0259t\u0259 a\u00e7\u0131qlanacaq. Qeyd ed\u0259k ki, noyabr\u0131n&hellip;<\/p>\n","protected":false},"author":2,"featured_media":96541,"comment_status":"closed","ping_status":"closed","sticky":false,"template":"","format":"standard","meta":{"om_disable_all_campaigns":false,"_monsterinsights_skip_tracking":false,"_monsterinsights_sitenote_active":false,"_monsterinsights_sitenote_note":"","_monsterinsights_sitenote_category":0},"categories":[1],"tags":[],"aioseo_notices":[],"gutentor_comment":0,"rttpg_featured_image_url":{"full":["https:\/\/arantv.az\/wp-content\/uploads\/2019\/11\/elmira_su.jpg",620,413,false],"landscape":["https:\/\/arantv.az\/wp-content\/uploads\/2019\/11\/elmira_su.jpg",620,413,false],"portraits":["https:\/\/arantv.az\/wp-content\/uploads\/2019\/11\/elmira_su.jpg",620,413,false],"thumbnail":["https:\/\/arantv.az\/wp-content\/uploads\/2019\/11\/elmira_su-150x150.jpg",150,150,true],"medium":["https:\/\/arantv.az\/wp-content\/uploads\/2019\/11\/elmira_su-300x200.jpg",300,200,true],"large":["https:\/\/arantv.az\/wp-content\/uploads\/2019\/11\/elmira_su.jpg",620,413,false],"1536x1536":["https:\/\/arantv.az\/wp-content\/uploads\/2019\/11\/elmira_su.jpg",620,413,false],"2048x2048":["https:\/\/arantv.az\/wp-content\/uploads\/2019\/11\/elmira_su.jpg",620,413,false],"post-thumbnail":["https:\/\/arantv.az\/wp-content\/uploads\/2019\/11\/elmira_su-240x172.jpg",240,172,true],"advps-thumb-one":["https:\/\/arantv.az\/wp-content\/uploads\/2019\/11\/elmira_su.jpg",620,413,false]},"rttpg_author":{"display_name":"V\u00fcsal Rafiqo\u011flu","author_link":"https:\/\/arantv.az\/?author=2"},"rttpg_comment":0,"rttpg_category":"<a href=\"https:\/\/arantv.az\/?cat=1\" rel=\"category\">C\u0259miyy\u0259t<\/a>","rttpg_excerpt":"T\u0259qa\u00fcd ya\u015f\u0131 ke\u00e7mi\u015f m\u0259murlar\u0131n istefas\u0131 m\u0259s\u0259l\u0259sinin aktualla\u015fmas\u0131ndan sonra Az\u0259rbaycan\u0131n \u0130nsan H\u00fcquqlar\u0131 \u00fczr\u0259 M\u00fcv\u0259kkilinin (Ombudsman) d\u0259 yerin\u0259, n\u0259hay\u0259t, yeni \u015f\u0259xsin se\u00e7il\u0259c\u0259yi m\u0259s\u0259l\u0259si d\u0259 diqq\u0259t m\u0259rk\u0259zin\u0259 g\u0259lib. Az\u0259rbaycan\u0131n \u0130nsan H\u00fcquqlar\u0131 \u00fczr\u0259 M\u00fcv\u0259kkili Elmira S\u00fcleymanovan\u0131n 82 ya\u015f\u0131 olmas\u0131na baxmayaraq, h\u0259l\u0259 d\u0259 bu v\u0259zif\u0259d\u0259 qalmas\u0131 onun ad\u0131n\u0131n median\u0131n g\u00fcnd\u0259mind\u0259n d\u00fc\u015fm\u0259sin\u0259 imkan vermir. \u201cYeni M\u00fcsavat\u201da\u00a0daxil olan m\u0259lumata g\u00f6r\u0259, Elmira S\u00fcleymanovan\u0131n&hellip;","_links":{"self":[{"href":"https:\/\/arantv.az\/index.php?rest_route=\/wp\/v2\/posts\/96540"}],"collection":[{"href":"https:\/\/arantv.az\/index.php?rest_route=\/wp\/v2\/posts"}],"about":[{"href":"https:\/\/arantv.az\/index.php?rest_route=\/wp\/v2\/types\/post"}],"author":[{"embeddable":true,"href":"https:\/\/arantv.az\/index.php?rest_route=\/wp\/v2\/users\/2"}],"replies":[{"embeddable":true,"href":"https:\/\/arantv.az\/index.php?rest_route=%2Fwp%2Fv2%2Fcomments&post=96540"}],"version-history":[{"count":0,"href":"https:\/\/arantv.az\/index.php?rest_route=\/wp\/v2\/posts\/96540\/revisions"}],"wp:featuredmedia":[{"embeddable":true,"href":"https:\/\/arantv.az\/index.php?rest_route=\/wp\/v2\/media\/96541"}],"wp:attachment":[{"href":"https:\/\/arantv.az\/index.php?rest_route=%2Fwp%2Fv2%2Fmedia&parent=96540"}],"wp:term":[{"taxonomy":"category","embeddable":true,"href":"https:\/\/arantv.az\/index.php?rest_route=%2Fwp%2Fv2%2Fcategories&post=96540"},{"taxonomy":"post_tag","embeddable":true,"href":"https:\/\/arantv.az\/index.php?rest_route=%2Fwp%2Fv2%2Ftags&post=96540"}],"curies":[{"name":"wp","href":"https:\/\/api.w.org\/{rel}","templated":true}]}}