{"id":96548,"date":"2019-11-15T09:16:30","date_gmt":"2019-11-15T06:16:30","guid":{"rendered":"http:\/\/arantv.az\/?p=96548"},"modified":"2019-11-15T09:16:30","modified_gmt":"2019-11-15T06:16:30","slug":"dunyanin-din-liderl%c9%99ri-bakiya-toplasdi","status":"publish","type":"post","link":"https:\/\/arantv.az\/?p=96548","title":{"rendered":"D\u00fcnyan\u0131n din liderl\u0259ri Bak\u0131ya topla\u015fd\u0131"},"content":{"rendered":"<p><em><strong>D\u00fcn\u0259n Bak\u0131da m\u00fcxt\u0259lif dini konfessiya v\u0259 t\u0259riq\u0259t liderl\u0259rinin, m\u00fcxt\u0259lif \u00f6lk\u0259l\u0259rin siyasi, ictimai, elm v\u0259 din xadiml\u0259rinin v\u0259 beyn\u0259lxalq t\u0259\u015fkilatlar\u0131n n\u00fcmay\u0259nd\u0259l\u0259rinin i\u015ftirak\u0131 il\u0259 D\u00fcnya dini liderl\u0259rinin II Bak\u0131 Sammiti ba\u015flan\u0131b.<\/strong><\/em><\/p>\n<p>Prezident \u0130lham \u018fliyevin &#8220;D\u00fcnya dini liderl\u0259rinin II Bak\u0131 Sammiti&#8221;nin v\u0259 Qafqaz M\u00fcs\u0259lmanlar\u0131 \u0130dar\u0259sinin s\u0259dri \u015eeyx\u00fclislam A. Pa\u015fazad\u0259nin anadan olmas\u0131n\u0131n 70, \u015eeyx\u00fclislaml\u0131q f\u0259aliyy\u0259tinin 40 illik yubiley t\u0259dbirl\u0259rinin ke\u00e7irilm\u0259si bar\u0259d\u0259 q\u0259rarlar\u0131ndan ir\u0259li g\u0259l\u0259n Sammitd\u0259 d\u00fcnyan\u0131n 5 qit\u0259sind\u0259n 70-d\u0259n art\u0131q d\u00f6vl\u0259tin, 25 \u0259n\u0259n\u0259vi din v\u0259 dini t\u0259riq\u0259tin lider v\u0259 t\u0259msil\u00e7il\u0259ri,\u00a0 h\u0259m\u00e7inin 10-d\u0259k n\u00fcfuzlu beyn\u0259lxalq t\u0259\u015fkilat\u0131n 500-\u0259 yax\u0131n y\u00fcks\u0259k s\u0259viyy\u0259li n\u00fcmay\u0259nd\u0259si, o c\u00fcml\u0259d\u0259n, Rusiya Federasiyas\u0131 subyektl\u0259rinin ba\u015f\u00e7\u0131lar\u0131 v\u0259 dini r\u0259hb\u0259rl\u0259ri i\u015ftirak edir.<\/p>\n<p>Az\u0259rbaycan d\u00f6vl\u0259tinin qlobal m\u00fcst\u0259vid\u0259 dinl\u0259raras\u0131 dialoqun inki\u015faf\u0131na, qar\u015f\u0131l\u0131ql\u0131 anla\u015fma v\u0259 insani h\u0259mr\u0259ylik kimi b\u0259\u015f\u0259ri d\u0259y\u0259rl\u0259rin t\u0259\u015fviqi v\u0259 t\u0259kam\u00fcl\u00fcn\u0259 \u00f6z t\u00f6hf\u0259sini verm\u0259k m\u0259ram\u0131 il\u0259 ev sahibliyi etdiyi D\u00fcnya dini liderl\u0259rinin sayca ikinci Bak\u0131 Sammiti Az\u0259rbaycan D\u00f6vl\u0259t ba\u015f\u00e7\u0131s\u0131n\u0131n t\u0259\u015f\u0259bb\u00fcs\u00fc il\u0259 ba\u015flanan v\u0259 h\u0259yata ke\u00e7iril\u0259n &#8220;Bak\u0131 prosesi&#8221;, Multikulturalizm v\u0259 \u0130slam h\u0259mr\u0259yliyi ill\u0259ri \u00e7\u0259r\u00e7iv\u0259sind\u0259 t\u0259\u015fkil olunmu\u015f beyn\u0259lxalq t\u0259dbirl\u0259rin, o c\u00fcml\u0259d\u0259n &#8220;D\u00fcnya dini liderl\u0259rinin I Bak\u0131 Sammiti&#8221;nin, habel\u0259, &#8220;Bak\u0131 Beyn\u0259lxalq dinl\u0259raras\u0131 v\u0259 sivilizasiyalararas\u0131 \u0259m\u0259kda\u015fl\u0131q M\u0259rk\u0259zi&#8221;nin m\u00fcxt\u0259lif m\u0259d\u0259niyy\u0259tl\u0259r v\u0259 dinl\u0259r aras\u0131nda \u0259laq\u0259l\u0259rinin geni\u015fl\u0259nm\u0259sin\u0259, qar\u015f\u0131l\u0131ql\u0131 etimad m\u00fchitinin yarad\u0131lmas\u0131 i\u015fin\u0259 t\u00f6hf\u0259l\u0259rinin m\u0259ntiqi davam v\u0259 inki\u015faf\u0131d\u0131r.<\/p>\n<p>Sammitd\u0259 multikulturalizm, tolerantl\u0131q v\u0259 dinl\u0259raras\u0131 h\u0259mr\u0259yliyin t\u0259\u015fviqind\u0259 Az\u0259rbaycan d\u00f6vl\u0259tinin n\u00fcmun\u0259vi rolu; \u015eeyx\u00fclislam A.Pa\u015fazad\u0259nin dini r\u0259hb\u0259r v\u0259 ictimai xadim kimi sivilizasiyalararas\u0131 v\u0259 dinl\u0259raras\u0131 \u0259m\u0259kda\u015fl\u0131\u011f\u0131n inki\u015faf\u0131na t\u00f6hf\u0259si; Dini liderl\u0259r terrorizm, t\u0259cav\u00fczkarl\u0131q, ksenofobiya, islamofobiya, antisemitizm v\u0259 xristianofibiya \u0259leyhin\u0259; Qad\u0131n v\u0259 u\u015faq haqlar\u0131n\u0131n qorunmas\u0131, g\u0259ncl\u0259rin maarifl\u0259ndirilm\u0259sind\u0259 dini liderl\u0259rin, d\u00f6vl\u0259t, elm v\u0259 ictimai xadiml\u0259rin birg\u0259 f\u0259aliyy\u0259tinin \u0259h\u0259miyy\u0259ti m\u00f6vzular\u0131 \u0259traf\u0131nda m\u00fczakir\u0259l\u0259r apar\u0131l\u0131r.<\/p>\n<p><img src=\"https:\/\/img.milli.az\/2019\/11\/14\/68294dd2-56a4-4b82-ae5e-aac625b502d1.jpg\" alt=\"\" \/><\/p>\n<p>\u0130kig\u00fcnl\u00fck sammitd\u0259 &#8220;Multikulturalizm, tolerantl\u0131q v\u0259 dinl\u0259raras\u0131 h\u0259mr\u0259yliyin t\u0259\u015fviqind\u0259 Az\u0259rbaycan d\u00f6vl\u0259tinin n\u00fcmun\u0259vi rolu&#8221;, &#8220;\u015eeyx\u00fclislam Allah\u015f\u00fck\u00fcr Pa\u015fazad\u0259nin dini r\u0259hb\u0259r v\u0259 ictimai xadim kimi sivilizasiyalararas\u0131 v\u0259 dinl\u0259raras\u0131 \u0259m\u0259kda\u015fl\u0131\u011f\u0131n inki\u015faf\u0131na t\u00f6hf\u0259si&#8221;, &#8220;Dini liderl\u0259r terrorizm, t\u0259cav\u00fczkarl\u0131q, ksenofobiya, islamofobiya, antisemitizm v\u0259 xristianofobiya \u0259leyhin\u0259&#8221;, &#8220;Qad\u0131n v\u0259 u\u015faq haqlar\u0131n\u0131n qorunmas\u0131, g\u0259ncl\u0259rin maarifl\u0259ndirilm\u0259sind\u0259 dini liderl\u0259rin, d\u00f6vl\u0259t, elm v\u0259 ictimai xadiml\u0259rin birg\u0259 f\u0259aliyy\u0259tinin \u0259h\u0259miyy\u0259ti&#8221; m\u00f6vzular\u0131 \u0259traf\u0131nda m\u00fczakir\u0259l\u0259r apar\u0131l\u0131b.<\/p>\n<p>Sammitin yekunlar\u0131na dair Bak\u0131 B\u0259yannam\u0259sinin q\u0259bulu n\u0259z\u0259rd\u0259 tutulur.<\/p>\n<p>Multikulturalizm &#8211; m\u00fcxt\u0259lif xalqlar\u0131n vahid c\u0259miyy\u0259td\u0259 birg\u0259ya\u015fay\u0131\u015f\u0131 v\u0259 h\u0259mr\u0259yliyi modelidir.<\/p>\n<p>Multikulturalizm &#8211; m\u00fcxt\u0259lif m\u0259d\u0259niyy\u0259tl\u0259rin qar\u015f\u0131l\u0131ql\u0131 etimada \u0259saslanan dialoqudur.<\/p>\n<p>Multikulturalizm &#8211; dinl\u0259raras\u0131 m\u00fcnasib\u0259tl\u0259rd\u0259 tolerantl\u0131q n\u00fcmun\u0259si g\u00f6st\u0259rm\u0259k dem\u0259kdir.<\/p>\n<p>Multikulturalizm &#8211; \u00f6lk\u0259nin siyasi-m\u0259n\u0259vi z\u0259nginliyinin \u0259sas g\u00f6st\u0259ricil\u0259rind\u0259n biridir.<\/p>\n<p>B\u0259\u015f\u0259riyy\u0259t &#8220;multikulturalizm&#8221; s\u00f6z\u00fcn\u00fc icad etm\u0259s\u0259 d\u0259, h\u0259l\u0259 q\u0259dim zamanlardan multikultural h\u0259yat t\u0259rzini \u0259h\u0259miyy\u0259tli sayaraq bu yola \u00fcst\u00fcnl\u00fck verilm\u0259sinin z\u0259ruriliyini d\u0259rk edib. Ona g\u00f6r\u0259 d\u0259 \u0259n q\u0259dim zamanlardan hans\u0131 \u00f6lk\u0259l\u0259rd\u0259 multikultural h\u0259yat t\u0259rzi m\u00f6vcud olmu\u015fdursa, qorunub saxlan\u0131l\u0131b v\u0259 qiym\u0259tl\u0259ndirilibs\u0259, orada real olaraq c\u0259miyy\u0259tin sabit h\u0259yat\u0131na v\u0259 davaml\u0131 inki\u015faf\u0131na nail olunub. B\u00fct\u00fcn bunlardan is\u0259 xalqlar v\u0259 \u00f6lk\u0259l\u0259r rahatl\u0131q tapm\u0131\u015f v\u0259 inki\u015faf etm\u0259k \u00fc\u00e7\u00fcn \u015fans qazan\u0131blar. Multikultural m\u00fcnasib\u0259tl\u0259ri formala\u015fd\u0131ra bilm\u0259y\u0259n, c\u0259miyy\u0259ti tarazla\u015fd\u0131rmaqda yanl\u0131\u015fl\u0131qlara yol ver\u0259n, birt\u0259r\u0259fli m\u00fcnasib\u0259t b\u0259sl\u0259y\u0259n \u00f6lk\u0259l\u0259rd\u0259 is\u0259 yerli \u0259hali d\u0259, qon\u015fu xalqlar da \u0259n m\u00fcxt\u0259lif s\u0259viyy\u0259l\u0259rd\u0259 b\u00f6hranlarla \u00fczl\u0259\u015fib, \u0259zab-\u0259ziyy\u0259tl\u0259 qar\u015f\u0131la\u015fmal\u0131 olublar. B\u00fct\u00fcn bunlara g\u00f6r\u0259 multikulturalizm xalqlar\u0131n v\u0259 \u00f6lk\u0259l\u0259rin birg\u0259ya\u015fay\u0131\u015f\u0131n\u0131n v\u0259 davaml\u0131 inki\u015faf\u0131n\u0131n, dinc v\u0259 yana\u015f\u0131 f\u0259aliyy\u0259tinin h\u0259r\u0259k\u0259tverici q\u00fcvv\u0259sin\u0259 \u00e7evrilib.<\/p>\n<p>Tolerantl\u0131q, d\u00f6z\u00fcml\u00fcl\u00fck \u00e7ox geni\u015f anlay\u0131\u015fd\u0131r. O, h\u0259m insani m\u00fcnasib\u0259tl\u0259rin, h\u0259m insan c\u0259miyy\u0259tind\u0259 ged\u0259n prosesl\u0259rin, h\u0259m d\u0259 d\u00f6vl\u0259tl\u0259raras\u0131, mill\u0259tl\u0259raras\u0131, dinl\u0259raras\u0131 m\u00fcnasib\u0259tl\u0259rin bir \u00e7ox c\u0259h\u0259tl\u0259rin\u0259 aiddir&#8230; O, t\u0259kc\u0259 dinl\u0259rin bir-birin\u0259 d\u00f6z\u00fcml\u00fcl\u00fcy\u00fc deyil, h\u0259m d\u0259 bir-birinin ad\u0259tl\u0259rin\u0259, m\u0259n\u0259viyyat\u0131na d\u00f6z\u00fcml\u00fcl\u00fck, m\u0259d\u0259niyy\u0259tl\u0259r\u0259 d\u00f6z\u00fcml\u00fcl\u00fck dem\u0259kdir.<\/p>\n<p>\u018frazimizd\u0259 ya\u015fayan az\u0259rbaycanl\u0131 da, l\u0259zgi d\u0259, avar da, k\u00fcrd d\u0259, tal\u0131\u015f da, udin d\u0259, kum\u0131k da, ba\u015fqas\u0131 da &#8211; b\u00fct\u00fcnl\u00fckd\u0259 ham\u0131s\u0131 az\u0259rbaycanl\u0131d\u0131r.<\/p>\n<p><img src=\"https:\/\/img.milli.az\/2019\/11\/14\/295dcc0b56e8c73.jpg\" alt=\"\" \/><\/p>\n<p>Az\u0259rbaycan \u00e7oxmill\u0259tli bir d\u00f6vl\u0259tdir. Az\u0259rbaycanda m\u00fcs\u0259lmanlarla yana\u015f\u0131, ba\u015fqa dinl\u0259r\u0259 m\u0259nsub olan v\u0259t\u0259nda\u015flar da ya\u015fay\u0131r. Az\u0259rbaycan m\u00fcst\u0259qil, demokratiya prinsipl\u0259rin\u0259 m\u0259nsub olan bir d\u00f6vl\u0259t kimi \u00f6z \u0259razisind\u0259 ya\u015fayan b\u00fct\u00fcn xalqlara, b\u00fct\u00fcn mill\u0259tl\u0259r\u0259 dinind\u0259n, dilind\u0259n, irqind\u0259n, siyasi m\u0259nsubiyy\u0259tind\u0259n as\u0131l\u0131 olmayaraq azadl\u0131q, h\u00fcrriyy\u0259t imkanlar\u0131 verir.<\/p>\n<p>Multikulturalizm Az\u0259rbaycan\u0131n d\u00f6vl\u0259t siyas\u0259ti v\u0259 h\u0259yat t\u0259rzidir&#8230; Bu g\u00fcn Az\u0259rbaycan art\u0131q d\u00fcnyada tan\u0131nm\u0131\u015f multikulturalizm m\u0259rk\u0259zl\u0259rind\u0259n biridir.<\/p>\n<p>Az\u0259rbaycan h\u0259m Avropa \u015euras\u0131n\u0131n, eyni zamanda, \u0130slam \u018fm\u0259kda\u015fl\u0131q T\u0259\u015fkilat\u0131n\u0131n \u00fczv\u00fc kimi multikulturalizmi bir missiya kimi \u00f6z \u00fcz\u0259rin\u0259 g\u00f6t\u00fcr\u00fcb. Biz hesab edirik ki, multikulturalizmin m\u00fcasir d\u00fcnyada alternativi yoxdur. Multikulturalizimin alternativi yaln\u0131z ayr\u0131-se\u00e7kilik, irq\u00e7ilik, ksenofobiya, islamafobiya v\u0259 antisemitizm ola bil\u0259r.<\/p>\n<p>Az\u0259rbaycan sivilizasiyalar\u0131n, m\u0259d\u0259niyy\u0259tl\u0259rin v\u0259 dinl\u0259rin k\u0259si\u015fm\u0259sind\u0259 yerl\u0259\u015fir. Biz Avropa v\u0259 Asiya aras\u0131nda yerl\u0259\u015firik. \u018flb\u0259tt\u0259 ki, bu co\u011frafi yerl\u0259\u015fm\u0259 Az\u0259rbaycan\u0131n m\u0259d\u0259ni m\u00fcxt\u0259lifliyind\u0259 \u00f6z rolunu oynam\u0131\u015fd\u0131r. \u018fsrl\u0259r boyu b\u00fct\u00fcn m\u0259d\u0259niyy\u0259tl\u0259r, dinl\u0259r v\u0259 etnik qruplar\u0131n n\u00fcmay\u0259nd\u0259l\u0259ri Az\u0259rbaycanda s\u00fclh v\u0259 l\u0259yaq\u0259t \u015f\u0259raitind\u0259 bir ail\u0259 kimi ya\u015fay\u0131blar.<\/p>\n<p>Dinind\u0259n, dilind\u0259n, irqind\u0259n as\u0131l\u0131 olmayaraq Az\u0259rbaycan\u0131n b\u00fct\u00fcn v\u0259t\u0259nda\u015flar\u0131 eyni h\u00fcquqlara malikdirl\u0259r v\u0259 bu h\u00fcquqlar qorunmal\u0131d\u0131r.<\/p>\n<p>Az\u0259rbaycanda h\u00f6km s\u00fcr\u0259n ictimai-siyasi qurulu\u015fdan as\u0131l\u0131 olmayaraq, b\u00fct\u00fcn d\u00f6vrl\u0259rd\u0259 Az\u0259rbaycan d\u00f6z\u00fcml\u00fcl\u00fck, tolerantl\u0131q m\u0259kan\u0131 olub. Bu g\u00fcn m\u00fcst\u0259qil Az\u0259rbaycan \u00f6z siyas\u0259tini bu m\u00f6hk\u0259m t\u0259m\u0259l \u00fcz\u0259rind\u0259 qurur.<\/p>\n<p>Az\u0259rbaycan\u0131n b\u00fct\u00fcn v\u0259t\u0259nda\u015flar\u0131 dilind\u0259n, dinind\u0259n, etnik m\u0259nsubiyy\u0259tind\u0259n as\u0131l\u0131 olmayaraq, \u0259sas insan h\u00fcquq v\u0259 azadl\u0131qlar\u0131na malikdir. Q\u00fcrurverici faktd\u0131r ki, Az\u0259rbaycan d\u00fcnya \u00f6lk\u0259l\u0259ri \u00fc\u00e7\u00fcn tolerantl\u0131q \u00f6rn\u0259yi hesab olunur v\u0259 bir \u00e7ox d\u00f6vl\u0259tl\u0259r bizim t\u0259cr\u00fcb\u0259mizd\u0259n yararlanma\u011fa \u00e7al\u0131\u015f\u0131rlar.<\/p>\n<p>Bak\u0131 is\u0259 unikal \u015f\u0259h\u0259rdir. Art\u0131q uzun m\u00fcdd\u0259tdir ki, burada m\u00fcs\u0259lman m\u0259scidi v\u0259 at\u0259\u015fp\u0259r\u0259st m\u0259b\u0259di, katolok kils\u0259si v\u0259 sinaqoq, pravoslav m\u0259b\u0259di v\u0259 kirxa yana\u015f\u0131 m\u00f6vcuddur. Onlar\u0131n co\u011frafi yax\u0131nl\u0131\u011f\u0131 fakt\u0131 bel\u0259, y\u00fcks\u0259k tolerantl\u0131q \u015f\u0259raitind\u0259 birg\u0259 f\u0259aliyy\u0259tin m\u00fcmk\u00fcnl\u00fcy\u00fcn\u00fc n\u00fcmayi\u015f etdirir v\u0259 h\u0259r bir dinin \u0259sas d\u0259y\u0259rl\u0259rinin \u00fcmumb\u0259\u015f\u0259ri d\u0259y\u0259rl\u0259rl\u0259 \u00fcst-\u00fcst\u0259 d\u00fc\u015fd\u00fcy\u00fcn\u00fc t\u0259sdiq edir.<\/p>\n<p>\u00d6z m\u0259d\u0259niyy\u0259tin\u0259, \u00f6z tarixin\u0259, \u00f6z \u0259n\u0259n\u0259l\u0259rin\u0259, \u00f6z \u0259m\u0259ll\u0259rin\u0259 h\u00f6rm\u0259tl\u0259 yana\u015fan xalq, g\u0259r\u0259k eyni \u015f\u0259kild\u0259 f\u0259rqli m\u0259d\u0259niyy\u0259tl\u0259r\u0259 d\u0259, f\u0259rqli tarix\u0259 d\u0259 h\u00f6rm\u0259tl\u0259 yana\u015fs\u0131n.<\/p>\n<p>Az\u0259rbaycanda &#8211; bu q\u0259dim torpaqda h\u0259mi\u015f\u0259 m\u00fcxt\u0259lif mill\u0259tl\u0259r\u0259, m\u0259d\u0259niyy\u0259t v\u0259 \u0259n\u0259n\u0259l\u0259r\u0259 m\u0259xsus insanlar ya\u015fay\u0131blar. Onlar\u0131n h\u0259r biri \u00f6z t\u00f6hf\u0259sini vermi\u015f v\u0259 tarixd\u0259 \u00f6z izini qoyub. Bu g\u00fcn \u00f6lk\u0259mizd\u0259 xristianlar, m\u00fcs\u0259lmanlar v\u0259 y\u0259hudil\u0259r s\u00fclh v\u0259 \u0259min- amanl\u0131q \u015f\u0259raitind\u0259 ya\u015fay\u0131rlar. Tolerantl\u0131q anlay\u0131\u015f\u0131 xalq\u0131m\u0131z \u00fc\u00e7\u00fcn h\u0259r hans\u0131 nailiyy\u0259t deyil: bu, normad\u0131r, bu, h\u0259yat t\u0259rzidir, biz he\u00e7 vaxt ba\u015fqa c\u00fcr ya\u015famam\u0131\u015f\u0131q. Tolerantl\u0131q, qonaqp\u0259rv\u0259rlik, d\u00f6z\u00fcml\u00fcl\u00fck \u0259n\u0259n\u0259l\u0259ri xalq\u0131m\u0131z t\u0259r\u0259find\u0259n qay\u011f\u0131 il\u0259 qorunub saxlan\u0131l\u0131r, daha do\u011frusu, bu, Az\u0259rbaycan xalq\u0131n\u0131n \u0259n b\u00f6y\u00fck s\u0259rv\u0259tidir. Az\u0259rbaycan beyn\u0259lxalq dialoqu, m\u0259d\u0259ni dialoqu d\u0259st\u0259kl\u0259yir.<\/p>\n<p>Polietnik c\u0259miyy\u0259td\u0259 v\u0259t\u0259nda\u015f mill\u0259t\u00e7iliyi daxili birliy\u0259 malik olmu\u015f Az\u0259rbaycan c\u0259miyy\u0259tinin \u0259traf m\u00fchiti qavramas\u0131 \u00fcsuludur. M\u0259d\u0259ni v\u0259 etnik birliy\u0259 nail olmayan d\u00f6vl\u0259t tolerantl\u0131q olmadan sabitliyini t\u0259min ed\u0259 v\u0259 normal inki\u015faf ed\u0259 bilm\u0259z.<\/p>\n<p>Bu g\u00fcn Az\u0259rbaycan multikulturalizm siyas\u0259ti v\u0259 bu sah\u0259d\u0259ki u\u011furlar\u0131 il\u0259 d\u00fcnyan\u0131n bir \u00e7ox \u00f6lk\u0259l\u0259rin\u0259, o c\u00fcml\u0259d\u0259n tarix\u0259n z\u0259ngin t\u0259cr\u00fcb\u0259si il\u0259 tan\u0131nan Q\u0259rb \u00f6lk\u0259l\u0259rin\u0259 n\u00fcmun\u0259dir. Q\u0259tiyy\u0259tl\u0259 dem\u0259k olar ki, Az\u0259rbaycan multikulturalizmi \u00f6lk\u0259mizin siyasi simas\u0131n\u0131n \u0259sas cizgil\u0259rind\u0259n birin\u0259 \u00e7evrilib. Az\u0259rbaycan multikulturalizminin siyasi banisi m\u0259hz bunu ist\u0259yirdi.<\/p>\n<p>Az\u0259rbaycan tarixini, \u0259d\u0259biyyat\u0131n\u0131, m\u0259d\u0259niyy\u0259tini, az\u0259rbaycan\u00e7\u0131l\u0131q m\u0259fkur\u0259sini, tolerantl\u0131\u011f\u0131 bir yer\u0259 toplay\u0131b sisteml\u0259\u015fdirm\u0259k v\u0259 d\u00fcnyaya n\u00fcmayi\u015f etdirm\u0259k \u0259n m\u00fch\u00fcm v\u0259zif\u0259mizdir.<\/p>\n<p><img src=\"https:\/\/img.milli.az\/2019\/11\/14\/54_1510603680.jpg\" alt=\"\" \/><\/p>\n<p>Multikulturalizm d\u00fcnyada tolerantl\u0131\u011fa, d\u00f6z\u00fcml\u00fcl\u00fcy\u0259, d\u00f6vl\u0259tl\u0259raras\u0131 etibarl\u0131 m\u00fcnasib\u0259tl\u0259r\u0259 v\u0259 b\u00fct\u00f6vl\u00fckd\u0259 demokratik prinsipl\u0259rin beyn\u0259lxalq m\u00fcnasib\u0259tl\u0259rd\u0259 b\u0259rq\u0259rar olunmas\u0131na xidm\u0259t edir. M\u00fcxt\u0259lif m\u0259d\u0259niyy\u0259tl\u0259r\u0259 v\u0259 milli-dini azl\u0131qlara h\u00f6rm\u0259t Az\u0259rbaycan xalq\u0131n\u0131n milli x\u00fcsusiyy\u0259tidir. Art\u0131q d\u00fcnyada multikulturalizm sah\u0259sind\u0259 \u0259n optimal model kimi Az\u0259rbaycan n\u00fcmun\u0259si \u00f6yr\u0259nilir.<\/p>\n<p>D\u00f6z\u00fcms\u00fczl\u00fcy\u00fcn artmas\u0131, tolerantl\u0131\u011f\u0131n azalmas\u0131 v\u0259 ksenofobiyan\u0131n n\u0259l\u0259r\u0259 s\u0259b\u0259b oldu\u011funu g\u00f6rm\u0259yimiz \u00fc\u00e7\u00fcn d\u00fcnyada bir \u00e7ox \u00f6rn\u0259kl\u0259r var v\u0259 biz onlardan d\u0259rs almal\u0131y\u0131q. Az\u0259rbaycan m\u00fcxt\u0259lif mill\u0259tl\u0259r\u0259 v\u0259 dinl\u0259r\u0259 m\u0259xsus insanlar\u0131n birg\u0259 mehriban ya\u015fad\u0131\u011f\u0131 bir \u00f6lk\u0259, \u015e\u0259rql\u0259 Q\u0259rb, Q\u0259rbl\u0259 islam d\u00fcnyas\u0131 aras\u0131nda bir k\u00f6rp\u00fc olaraq m\u0259d\u0259niyy\u0259tl\u0259r v\u0259 sivilizasiyalararas\u0131 dialoqa b\u00f6y\u00fck \u00f6n\u0259m verir. Bu g\u00fcn Az\u0259rbaycan \u0259sl dialoq m\u0259kan\u0131na \u00e7evrilir. B\u00fct\u00fcn bunlar m\u0259nim \u00f6lk\u0259min b\u00fct\u00fcn dinl\u0259r\u0259 v\u0259 m\u0259d\u0259niyy\u0259tl\u0259r\u0259 y\u00fcks\u0259k ehtiram b\u0259sl\u0259m\u0259sind\u0259n x\u0259b\u0259r verir v\u0259 d\u00f6vl\u0259timiz bu istiqam\u0259td\u0259ki f\u0259aliyy\u0259tini g\u0259l\u0259c\u0259kd\u0259 d\u0259 davam etdir\u0259c\u0259kdir.<\/p>\n<p>Az\u0259rbaycan dini v\u0259 milli tolerantl\u0131q bax\u0131m\u0131ndan b\u00f6lg\u0259 d\u00f6vl\u0259tl\u0259ri aras\u0131nda liderlik edir. \u00d6lk\u0259mizin \u0259traf\u0131nda v\u0259 daxilind\u0259 dig\u0259r dinl\u0259rin da\u015f\u0131y\u0131c\u0131s\u0131 olan xeyli sayda mill\u0259tl\u0259r ya\u015fay\u0131r. Az\u0259rbaycanda b\u00fct\u00fcn dinl\u0259r\u0259 v\u0259 dig\u0259r mill\u0259tl\u0259r\u0259 m\u0259nsub olan toplumlara tarix\u0259n tolerant m\u00fcnasib\u0259t b\u0259sl\u0259nilib. Tolerantl\u0131q Az\u0259rbaycan\u0131n milli-m\u0259d\u0259ni, m\u0259n\u0259vi d\u0259y\u0259rl\u0259ri, tarixi \u0259n\u0259n\u0259l\u0259ri il\u0259 ba\u011fl\u0131 olan m\u0259s\u0259l\u0259dir. Az\u0259rbaycanda m\u00fcs\u0259lmanlarla b\u0259rab\u0259r xristianl\u0131q, iudaizm v\u0259 dig\u0259r qeyri-\u0259n\u0259n\u0259vi dinl\u0259r\u0259 m\u0259nsub xeyli sayda v\u0259t\u0259nda\u015f v\u0259 v\u0259t\u0259nda\u015fl\u0131\u011f\u0131 olmayan insanlar ya\u015fay\u0131r. Dini tolerantl\u0131q, dini d\u00f6z\u00fcml\u00fcl\u00fck m\u00fcasir sivilizasiyada insanlar\u0131n t\u0259hl\u00fck\u0259siz \u015f\u0259raitd\u0259 ya\u015famas\u0131n\u0131n \u0259n m\u00fch\u00fcm \u015f\u0259rtl\u0259ndir\u0259n biridir. Tolerantl\u0131q milli d\u00f6vl\u0259tl\u0259r \u00fc\u00e7\u00fcn \u0259n z\u0259ngin x\u0259zin\u0259 v\u0259 d\u0259y\u0259rl\u0259rd\u0259n biridir.<\/p>\n","protected":false},"excerpt":{"rendered":"<p>D\u00fcn\u0259n Bak\u0131da m\u00fcxt\u0259lif dini konfessiya v\u0259 t\u0259riq\u0259t liderl\u0259rinin, m\u00fcxt\u0259lif \u00f6lk\u0259l\u0259rin siyasi, ictimai, elm v\u0259 din xadiml\u0259rinin v\u0259 beyn\u0259lxalq t\u0259\u015fkilatlar\u0131n n\u00fcmay\u0259nd\u0259l\u0259rinin i\u015ftirak\u0131 il\u0259 D\u00fcnya dini liderl\u0259rinin II Bak\u0131 Sammiti ba\u015flan\u0131b. Prezident \u0130lham \u018fliyevin &#8220;D\u00fcnya dini liderl\u0259rinin II Bak\u0131 Sammiti&#8221;nin v\u0259 Qafqaz M\u00fcs\u0259lmanlar\u0131 \u0130dar\u0259sinin s\u0259dri \u015eeyx\u00fclislam A. Pa\u015fazad\u0259nin anadan olmas\u0131n\u0131n 70, \u015eeyx\u00fclislaml\u0131q f\u0259aliyy\u0259tinin 40 illik yubiley t\u0259dbirl\u0259rinin ke\u00e7irilm\u0259si bar\u0259d\u0259 q\u0259rarlar\u0131ndan ir\u0259li g\u0259l\u0259n Sammitd\u0259 d\u00fcnyan\u0131n 5 qit\u0259sind\u0259n 70-d\u0259n art\u0131q d\u00f6vl\u0259tin, 25 \u0259n\u0259n\u0259vi din v\u0259 dini t\u0259riq\u0259tin lider v\u0259 t\u0259msil\u00e7il\u0259ri,\u00a0 h\u0259m\u00e7inin 10-d\u0259k n\u00fcfuzlu beyn\u0259lxalq t\u0259\u015fkilat\u0131n 500-\u0259 yax\u0131n y\u00fcks\u0259k s\u0259viyy\u0259li n\u00fcmay\u0259nd\u0259si, o c\u00fcml\u0259d\u0259n, Rusiya Federasiyas\u0131&hellip;<\/p>\n","protected":false},"author":2,"featured_media":96549,"comment_status":"closed","ping_status":"closed","sticky":false,"template":"","format":"standard","meta":{"om_disable_all_campaigns":false,"_monsterinsights_skip_tracking":false,"_monsterinsights_sitenote_active":false,"_monsterinsights_sitenote_note":"","_monsterinsights_sitenote_category":0},"categories":[19],"tags":[],"aioseo_notices":[],"gutentor_comment":0,"rttpg_featured_image_url":{"full":["https:\/\/arantv.az\/wp-content\/uploads\/2019\/11\/tolerantliq_2837858765.jpg",800,600,false],"landscape":["https:\/\/arantv.az\/wp-content\/uploads\/2019\/11\/tolerantliq_2837858765.jpg",800,600,false],"portraits":["https:\/\/arantv.az\/wp-content\/uploads\/2019\/11\/tolerantliq_2837858765.jpg",800,600,false],"thumbnail":["https:\/\/arantv.az\/wp-content\/uploads\/2019\/11\/tolerantliq_2837858765-150x150.jpg",150,150,true],"medium":["https:\/\/arantv.az\/wp-content\/uploads\/2019\/11\/tolerantliq_2837858765-300x225.jpg",300,225,true],"large":["https:\/\/arantv.az\/wp-content\/uploads\/2019\/11\/tolerantliq_2837858765.jpg",640,480,false],"1536x1536":["https:\/\/arantv.az\/wp-content\/uploads\/2019\/11\/tolerantliq_2837858765.jpg",800,600,false],"2048x2048":["https:\/\/arantv.az\/wp-content\/uploads\/2019\/11\/tolerantliq_2837858765.jpg",800,600,false],"post-thumbnail":["https:\/\/arantv.az\/wp-content\/uploads\/2019\/11\/tolerantliq_2837858765-240x172.jpg",240,172,true],"advps-thumb-one":["https:\/\/arantv.az\/wp-content\/uploads\/2019\/11\/tolerantliq_2837858765.jpg",800,600,false]},"rttpg_author":{"display_name":"V\u00fcsal Rafiqo\u011flu","author_link":"https:\/\/arantv.az\/?author=2"},"rttpg_comment":0,"rttpg_category":"<a href=\"https:\/\/arantv.az\/?cat=19\" rel=\"category\">G\u00fcnd\u0259m<\/a>","rttpg_excerpt":"D\u00fcn\u0259n Bak\u0131da m\u00fcxt\u0259lif dini konfessiya v\u0259 t\u0259riq\u0259t liderl\u0259rinin, m\u00fcxt\u0259lif \u00f6lk\u0259l\u0259rin siyasi, ictimai, elm v\u0259 din xadiml\u0259rinin v\u0259 beyn\u0259lxalq t\u0259\u015fkilatlar\u0131n n\u00fcmay\u0259nd\u0259l\u0259rinin i\u015ftirak\u0131 il\u0259 D\u00fcnya dini liderl\u0259rinin II Bak\u0131 Sammiti ba\u015flan\u0131b. Prezident \u0130lham \u018fliyevin &#8220;D\u00fcnya dini liderl\u0259rinin II Bak\u0131 Sammiti&#8221;nin v\u0259 Qafqaz M\u00fcs\u0259lmanlar\u0131 \u0130dar\u0259sinin s\u0259dri \u015eeyx\u00fclislam A. Pa\u015fazad\u0259nin anadan olmas\u0131n\u0131n 70, \u015eeyx\u00fclislaml\u0131q f\u0259aliyy\u0259tinin 40 illik yubiley t\u0259dbirl\u0259rinin&hellip;","_links":{"self":[{"href":"https:\/\/arantv.az\/index.php?rest_route=\/wp\/v2\/posts\/96548"}],"collection":[{"href":"https:\/\/arantv.az\/index.php?rest_route=\/wp\/v2\/posts"}],"about":[{"href":"https:\/\/arantv.az\/index.php?rest_route=\/wp\/v2\/types\/post"}],"author":[{"embeddable":true,"href":"https:\/\/arantv.az\/index.php?rest_route=\/wp\/v2\/users\/2"}],"replies":[{"embeddable":true,"href":"https:\/\/arantv.az\/index.php?rest_route=%2Fwp%2Fv2%2Fcomments&post=96548"}],"version-history":[{"count":0,"href":"https:\/\/arantv.az\/index.php?rest_route=\/wp\/v2\/posts\/96548\/revisions"}],"wp:featuredmedia":[{"embeddable":true,"href":"https:\/\/arantv.az\/index.php?rest_route=\/wp\/v2\/media\/96549"}],"wp:attachment":[{"href":"https:\/\/arantv.az\/index.php?rest_route=%2Fwp%2Fv2%2Fmedia&parent=96548"}],"wp:term":[{"taxonomy":"category","embeddable":true,"href":"https:\/\/arantv.az\/index.php?rest_route=%2Fwp%2Fv2%2Fcategories&post=96548"},{"taxonomy":"post_tag","embeddable":true,"href":"https:\/\/arantv.az\/index.php?rest_route=%2Fwp%2Fv2%2Ftags&post=96548"}],"curies":[{"name":"wp","href":"https:\/\/api.w.org\/{rel}","templated":true}]}}