{"id":96556,"date":"2019-11-15T09:19:55","date_gmt":"2019-11-15T06:19:55","guid":{"rendered":"http:\/\/arantv.az\/?p=96556"},"modified":"2019-11-15T09:19:55","modified_gmt":"2019-11-15T06:19:55","slug":"seyx-dun%c9%99nki-ziyaf%c9%99t%c9%99-oglu-v%c9%99-n%c9%99v%c9%99si-d%c9%99-qatilib-fotolar","status":"publish","type":"post","link":"https:\/\/arantv.az\/?p=96556","title":{"rendered":"\u015eeyx d\u00fcn\u0259nki ziyaf\u0259t\u0259 o\u011flu v\u0259 n\u0259v\u0259si d\u0259 qat\u0131l\u0131b &#8211; FOTOLAR"},"content":{"rendered":"<p>X\u0259b\u0259r verdiyimiz kimi, noyabr\u0131n 14-d\u0259 Prezident \u0130lham \u018fliyevin ad\u0131ndan D\u00fcnya dini liderl\u0259rinin II Bak\u0131 Sammitinin i\u015ftirak\u00e7\u0131lar\u0131n\u0131n \u015f\u0259r\u0259fin\u0259 ziyaf\u0259t verilib.<\/p>\n<p><b>ARANTV.AZ\u00a0<\/b>unikal.org-a istinad\u0259n x\u0259b\u0259r verir ki, ziyaf\u0259td\u0259 \u0130lham \u018fliyev, birinci xan\u0131m Mehriban \u018fliyeva v\u0259 q\u0131zlar\u0131 Leyla \u018fliyeva i\u015ftirak edibl\u0259r.<\/p>\n<p>G\u00f6r\u00fc\u015fd\u0259 diqq\u0259t \u00e7\u0259k\u0259n m\u0259qam is\u0259 \u00f6lk\u0259 ba\u015f\u00e7\u0131s\u0131n\u0131n Qafqaz M\u00fcs\u0259lmanlar\u0131 \u0130dar\u0259sinin s\u0259dri \u015eeyx\u00fclislam Allah\u015f\u00fck\u00fcr Pa\u015fazad\u0259nin n\u0259v\u0259si il\u0259 g\u00f6r\u00fc\u015f\u00fc olub.<\/p>\n<p>Bel\u0259 ki, ziyaf\u0259t \u00e7\u0259r\u00e7iv\u0259sind\u0259 \u015feyxin o\u011flu M\u0259h\u0259mm\u0259d Pa\u015fazad\u0259 v\u0259 n\u0259v\u0259si \u00f6lk\u0259 ba\u015f\u00e7\u0131s\u0131 il\u0259 \u015f\u0259kil \u00e7\u0259kdiribl\u0259r.<\/p>\n<p><img class=\"imgbcodecent\" src=\"https:\/\/upload.az\/foto\/arxiv\/1573796006_neve.jpg\" alt=\"\u015eeyx d\u00fcn\u0259nki ziyaf\u0259t\u0259 o\u011flu v\u0259 n\u0259v\u0259si d\u0259 qat\u0131l\u0131b - FOTOLAR\" \/><br \/>\n<img class=\"imgbcodecent\" src=\"https:\/\/upload.az\/foto\/arxiv\/1573796034_seyx_61573796890.jpg\" alt=\"\u015eeyx d\u00fcn\u0259nki ziyaf\u0259t\u0259 o\u011flu v\u0259 n\u0259v\u0259si d\u0259 qat\u0131l\u0131b - FOTOLAR\" \/><\/p>\n","protected":false},"excerpt":{"rendered":"<p>X\u0259b\u0259r verdiyimiz kimi, noyabr\u0131n 14-d\u0259 Prezident \u0130lham \u018fliyevin ad\u0131ndan D\u00fcnya dini liderl\u0259rinin II Bak\u0131 Sammitinin i\u015ftirak\u00e7\u0131lar\u0131n\u0131n \u015f\u0259r\u0259fin\u0259 ziyaf\u0259t verilib. ARANTV.AZ\u00a0unikal.org-a istinad\u0259n x\u0259b\u0259r verir ki, ziyaf\u0259td\u0259 \u0130lham \u018fliyev, birinci xan\u0131m Mehriban \u018fliyeva v\u0259 q\u0131zlar\u0131 Leyla \u018fliyeva i\u015ftirak edibl\u0259r. G\u00f6r\u00fc\u015fd\u0259 diqq\u0259t \u00e7\u0259k\u0259n m\u0259qam is\u0259 \u00f6lk\u0259 ba\u015f\u00e7\u0131s\u0131n\u0131n Qafqaz M\u00fcs\u0259lmanlar\u0131 \u0130dar\u0259sinin s\u0259dri \u015eeyx\u00fclislam Allah\u015f\u00fck\u00fcr Pa\u015fazad\u0259nin n\u0259v\u0259si il\u0259 g\u00f6r\u00fc\u015f\u00fc olub. Bel\u0259 ki, ziyaf\u0259t \u00e7\u0259r\u00e7iv\u0259sind\u0259 \u015feyxin o\u011flu M\u0259h\u0259mm\u0259d Pa\u015fazad\u0259 v\u0259 n\u0259v\u0259si \u00f6lk\u0259 ba\u015f\u00e7\u0131s\u0131 il\u0259 \u015f\u0259kil \u00e7\u0259kdiribl\u0259r.<\/p>\n","protected":false},"author":2,"featured_media":96557,"comment_status":"closed","ping_status":"closed","sticky":false,"template":"","format":"standard","meta":{"om_disable_all_campaigns":false,"_monsterinsights_skip_tracking":false,"_monsterinsights_sitenote_active":false,"_monsterinsights_sitenote_note":"","_monsterinsights_sitenote_category":0},"categories":[4],"tags":[],"aioseo_notices":[],"gutentor_comment":0,"rttpg_featured_image_url":{"full":["https:\/\/arantv.az\/wp-content\/uploads\/2019\/11\/1573796034_seyx.jpg",637,400,false],"landscape":["https:\/\/arantv.az\/wp-content\/uploads\/2019\/11\/1573796034_seyx.jpg",637,400,false],"portraits":["https:\/\/arantv.az\/wp-content\/uploads\/2019\/11\/1573796034_seyx.jpg",637,400,false],"thumbnail":["https:\/\/arantv.az\/wp-content\/uploads\/2019\/11\/1573796034_seyx-150x150.jpg",150,150,true],"medium":["https:\/\/arantv.az\/wp-content\/uploads\/2019\/11\/1573796034_seyx-300x188.jpg",300,188,true],"large":["https:\/\/arantv.az\/wp-content\/uploads\/2019\/11\/1573796034_seyx.jpg",637,400,false],"1536x1536":["https:\/\/arantv.az\/wp-content\/uploads\/2019\/11\/1573796034_seyx.jpg",637,400,false],"2048x2048":["https:\/\/arantv.az\/wp-content\/uploads\/2019\/11\/1573796034_seyx.jpg",637,400,false],"post-thumbnail":["https:\/\/arantv.az\/wp-content\/uploads\/2019\/11\/1573796034_seyx-240x172.jpg",240,172,true],"advps-thumb-one":["https:\/\/arantv.az\/wp-content\/uploads\/2019\/11\/1573796034_seyx.jpg",637,400,false]},"rttpg_author":{"display_name":"V\u00fcsal Rafiqo\u011flu","author_link":"https:\/\/arantv.az\/?author=2"},"rttpg_comment":0,"rttpg_category":"<a href=\"https:\/\/arantv.az\/?cat=4\" rel=\"category\">Siyas\u0259t<\/a>","rttpg_excerpt":"X\u0259b\u0259r verdiyimiz kimi, noyabr\u0131n 14-d\u0259 Prezident \u0130lham \u018fliyevin ad\u0131ndan D\u00fcnya dini liderl\u0259rinin II Bak\u0131 Sammitinin i\u015ftirak\u00e7\u0131lar\u0131n\u0131n \u015f\u0259r\u0259fin\u0259 ziyaf\u0259t verilib. ARANTV.AZ\u00a0unikal.org-a istinad\u0259n x\u0259b\u0259r verir ki, ziyaf\u0259td\u0259 \u0130lham \u018fliyev, birinci xan\u0131m Mehriban \u018fliyeva v\u0259 q\u0131zlar\u0131 Leyla \u018fliyeva i\u015ftirak edibl\u0259r. G\u00f6r\u00fc\u015fd\u0259 diqq\u0259t \u00e7\u0259k\u0259n m\u0259qam is\u0259 \u00f6lk\u0259 ba\u015f\u00e7\u0131s\u0131n\u0131n Qafqaz M\u00fcs\u0259lmanlar\u0131 \u0130dar\u0259sinin s\u0259dri \u015eeyx\u00fclislam Allah\u015f\u00fck\u00fcr Pa\u015fazad\u0259nin n\u0259v\u0259si il\u0259 g\u00f6r\u00fc\u015f\u00fc olub.&hellip;","_links":{"self":[{"href":"https:\/\/arantv.az\/index.php?rest_route=\/wp\/v2\/posts\/96556"}],"collection":[{"href":"https:\/\/arantv.az\/index.php?rest_route=\/wp\/v2\/posts"}],"about":[{"href":"https:\/\/arantv.az\/index.php?rest_route=\/wp\/v2\/types\/post"}],"author":[{"embeddable":true,"href":"https:\/\/arantv.az\/index.php?rest_route=\/wp\/v2\/users\/2"}],"replies":[{"embeddable":true,"href":"https:\/\/arantv.az\/index.php?rest_route=%2Fwp%2Fv2%2Fcomments&post=96556"}],"version-history":[{"count":0,"href":"https:\/\/arantv.az\/index.php?rest_route=\/wp\/v2\/posts\/96556\/revisions"}],"wp:featuredmedia":[{"embeddable":true,"href":"https:\/\/arantv.az\/index.php?rest_route=\/wp\/v2\/media\/96557"}],"wp:attachment":[{"href":"https:\/\/arantv.az\/index.php?rest_route=%2Fwp%2Fv2%2Fmedia&parent=96556"}],"wp:term":[{"taxonomy":"category","embeddable":true,"href":"https:\/\/arantv.az\/index.php?rest_route=%2Fwp%2Fv2%2Fcategories&post=96556"},{"taxonomy":"post_tag","embeddable":true,"href":"https:\/\/arantv.az\/index.php?rest_route=%2Fwp%2Fv2%2Ftags&post=96556"}],"curies":[{"name":"wp","href":"https:\/\/api.w.org\/{rel}","templated":true}]}}