{"id":96576,"date":"2019-11-15T09:35:09","date_gmt":"2019-11-15T06:35:09","guid":{"rendered":"http:\/\/arantv.az\/?p=96576"},"modified":"2019-11-15T09:35:09","modified_gmt":"2019-11-15T06:35:09","slug":"n%c9%99siminin-yubileyi-munasib%c9%99til%c9%99-ming%c9%99cevir-b%c9%99hramt%c9%99p%c9%99-yolunun-boyuk-hiss%c9%99sind%c9%99-yasilliq-zolagi-salinacaq","status":"publish","type":"post","link":"https:\/\/arantv.az\/?p=96576","title":{"rendered":"N\u0259siminin yubileyi m\u00fcnasib\u0259til\u0259 Ming\u0259\u00e7evir-B\u0259hramt\u0259p\u0259 yolunun b\u00f6y\u00fck hiss\u0259sind\u0259 ya\u015f\u0131ll\u0131q zola\u011f\u0131 sal\u0131nacaq"},"content":{"rendered":"<p>&#8220;Birinci vitse-prezident Mehriban \u018fliyevan\u0131n dahi \u015fair \u0130mad\u0259ddin N\u0259siminin yubileyi m\u00fcnasib\u0259til\u0259 bir g\u00fcnd\u0259 650 min a\u011fac \u0259kilm\u0259si t\u0259\u015f\u0259bb\u00fcs\u00fc \u00e7\u0259r\u00e7iv\u0259sind\u0259 Ming\u0259\u00e7evir-B\u0259hramt\u0259p\u0259 magistral avtomobil yolunun b\u00f6y\u00fck hiss\u0259sind\u0259 ya\u015f\u0131ll\u0131q zola\u011f\u0131 sal\u0131nacaq&#8221;.<\/p>\n<p><strong>ARANTV.AZ<\/strong>\u00a0 x\u0259b\u0259r verir ki, bunu\u00a0<a href=\"https:\/\/az.trend.az\/\" target=\"_blank\" rel=\"noopener\">Trend<\/a>-\u0259 A\u011fcab\u0259di Rayon \u0130cra Hakimiyy\u0259tinin \u018frazi idar\u0259etm\u0259 v\u0259 yerli \u00f6z\u00fcn\u00fcidar\u0259etm\u0259 orqanlar\u0131 il\u0259 i\u015f \u015f\u00f6b\u0259sinin m\u00fcdiri Qurban Babayev deyib.<\/p>\n<p>Onun s\u00f6zl\u0259rin\u0259 g\u00f6r\u0259, A\u011fcab\u0259di rayonu \u0259razisind\u0259 yerli \u015f\u0259rait\u0259 uy\u011fun 17 min h\u0259mi\u015f\u0259ya\u015f\u0131l v\u0259 me\u015f\u0259 a\u011fac\u0131 \u0259kil\u0259c\u0259k. A\u011faclar\u0131n Ming\u0259\u00e7evir-B\u0259hramt\u0259p\u0259 magistral avtomobil yolunun A\u011fcab\u0259di rayonu \u0259razisind\u0259n ke\u00e7\u0259n 74-121 kilometrlik v\u0259 A\u011fcab\u0259di-A\u011fdam avtomobil yolunun Boyat v\u0259 Sar\u0131cal\u0131 k\u0259ndl\u0259rin\u0259 q\u0259d\u0259r olan hiss\u0259sind\u0259 \u0259kilm\u0259si n\u0259z\u0259rd\u0259 tutulur.<\/p>\n<p>Haz\u0131rda rayonda \u0259kin \u00fc\u00e7\u00fcn haz\u0131rl\u0131q i\u015fl\u0259rinin apar\u0131ld\u0131\u011f\u0131n\u0131 dey\u0259n Q.Babayev qeyd edib ki, art\u0131q a\u011faclar\u0131n \u0259kil\u0259c\u0259yi \u0259razil\u0259rd\u0259 \u015fum i\u015fl\u0259ri apar\u0131l\u0131b, arxlar \u00e7\u0259kilib, \u00e7alalar qaz\u0131l\u0131b: &#8220;N\u0259siminin 650 illik yubileyi m\u00fcnasib\u0259til\u0259 \u00f6lk\u0259mizd\u0259 650 min a\u011fac\u0131n \u0259kilm\u0259si dahi \u015fairin xatir\u0259sinin \u0259b\u0259dil\u0259\u015fdirilm\u0259si v\u0259 t\u0259bli\u011fi il\u0259 yana\u015f\u0131, h\u0259m d\u0259 ekoloji m\u00fchitin qorunmas\u0131 v\u0259 yax\u015f\u0131la\u015fd\u0131r\u0131lmas\u0131 bax\u0131m\u0131ndan olduqca \u0259h\u0259miyy\u0259tlidir. \u018fkil\u0259c\u0259k a\u011faclar, sal\u0131nacaq ba\u011flar, parklar \u00f6lk\u0259mizd\u0259 ekoloji m\u00fchitin daha da sa\u011flamla\u015fd\u0131r\u0131lmas\u0131na m\u00fcsb\u0259t t\u0259sir g\u00f6st\u0259r\u0259c\u0259k&#8221;.<\/p>\n","protected":false},"excerpt":{"rendered":"<p>&#8220;Birinci vitse-prezident Mehriban \u018fliyevan\u0131n dahi \u015fair \u0130mad\u0259ddin N\u0259siminin yubileyi m\u00fcnasib\u0259til\u0259 bir g\u00fcnd\u0259 650 min a\u011fac \u0259kilm\u0259si t\u0259\u015f\u0259bb\u00fcs\u00fc \u00e7\u0259r\u00e7iv\u0259sind\u0259 Ming\u0259\u00e7evir-B\u0259hramt\u0259p\u0259 magistral avtomobil yolunun b\u00f6y\u00fck hiss\u0259sind\u0259 ya\u015f\u0131ll\u0131q zola\u011f\u0131 sal\u0131nacaq&#8221;. ARANTV.AZ\u00a0 x\u0259b\u0259r verir ki, bunu\u00a0Trend-\u0259 A\u011fcab\u0259di Rayon \u0130cra Hakimiyy\u0259tinin \u018frazi idar\u0259etm\u0259 v\u0259 yerli \u00f6z\u00fcn\u00fcidar\u0259etm\u0259 orqanlar\u0131 il\u0259 i\u015f \u015f\u00f6b\u0259sinin m\u00fcdiri Qurban Babayev deyib. Onun s\u00f6zl\u0259rin\u0259 g\u00f6r\u0259, A\u011fcab\u0259di rayonu \u0259razisind\u0259 yerli \u015f\u0259rait\u0259 uy\u011fun 17 min h\u0259mi\u015f\u0259ya\u015f\u0131l v\u0259 me\u015f\u0259 a\u011fac\u0131 \u0259kil\u0259c\u0259k. A\u011faclar\u0131n Ming\u0259\u00e7evir-B\u0259hramt\u0259p\u0259 magistral avtomobil yolunun A\u011fcab\u0259di rayonu \u0259razisind\u0259n ke\u00e7\u0259n 74-121 kilometrlik v\u0259 A\u011fcab\u0259di-A\u011fdam avtomobil yolunun Boyat v\u0259 Sar\u0131cal\u0131 k\u0259ndl\u0259rin\u0259 q\u0259d\u0259r olan hiss\u0259sind\u0259 \u0259kilm\u0259si n\u0259z\u0259rd\u0259 tutulur.&hellip;<\/p>\n","protected":false},"author":2,"featured_media":96577,"comment_status":"closed","ping_status":"closed","sticky":false,"template":"","format":"standard","meta":{"om_disable_all_campaigns":false,"_monsterinsights_skip_tracking":false,"_monsterinsights_sitenote_active":false,"_monsterinsights_sitenote_note":"","_monsterinsights_sitenote_category":0},"categories":[1],"tags":[],"aioseo_notices":[],"gutentor_comment":0,"rttpg_featured_image_url":{"full":["https:\/\/arantv.az\/wp-content\/uploads\/2019\/11\/802436.jpg",800,600,false],"landscape":["https:\/\/arantv.az\/wp-content\/uploads\/2019\/11\/802436.jpg",800,600,false],"portraits":["https:\/\/arantv.az\/wp-content\/uploads\/2019\/11\/802436.jpg",800,600,false],"thumbnail":["https:\/\/arantv.az\/wp-content\/uploads\/2019\/11\/802436-150x150.jpg",150,150,true],"medium":["https:\/\/arantv.az\/wp-content\/uploads\/2019\/11\/802436-300x225.jpg",300,225,true],"large":["https:\/\/arantv.az\/wp-content\/uploads\/2019\/11\/802436.jpg",640,480,false],"1536x1536":["https:\/\/arantv.az\/wp-content\/uploads\/2019\/11\/802436.jpg",800,600,false],"2048x2048":["https:\/\/arantv.az\/wp-content\/uploads\/2019\/11\/802436.jpg",800,600,false],"post-thumbnail":["https:\/\/arantv.az\/wp-content\/uploads\/2019\/11\/802436-240x172.jpg",240,172,true],"advps-thumb-one":["https:\/\/arantv.az\/wp-content\/uploads\/2019\/11\/802436.jpg",800,600,false]},"rttpg_author":{"display_name":"V\u00fcsal Rafiqo\u011flu","author_link":"https:\/\/arantv.az\/?author=2"},"rttpg_comment":0,"rttpg_category":"<a href=\"https:\/\/arantv.az\/?cat=1\" rel=\"category\">C\u0259miyy\u0259t<\/a>","rttpg_excerpt":"&#8220;Birinci vitse-prezident Mehriban \u018fliyevan\u0131n dahi \u015fair \u0130mad\u0259ddin N\u0259siminin yubileyi m\u00fcnasib\u0259til\u0259 bir g\u00fcnd\u0259 650 min a\u011fac \u0259kilm\u0259si t\u0259\u015f\u0259bb\u00fcs\u00fc \u00e7\u0259r\u00e7iv\u0259sind\u0259 Ming\u0259\u00e7evir-B\u0259hramt\u0259p\u0259 magistral avtomobil yolunun b\u00f6y\u00fck hiss\u0259sind\u0259 ya\u015f\u0131ll\u0131q zola\u011f\u0131 sal\u0131nacaq&#8221;. ARANTV.AZ\u00a0 x\u0259b\u0259r verir ki, bunu\u00a0Trend-\u0259 A\u011fcab\u0259di Rayon \u0130cra Hakimiyy\u0259tinin \u018frazi idar\u0259etm\u0259 v\u0259 yerli \u00f6z\u00fcn\u00fcidar\u0259etm\u0259 orqanlar\u0131 il\u0259 i\u015f \u015f\u00f6b\u0259sinin m\u00fcdiri Qurban Babayev deyib. Onun s\u00f6zl\u0259rin\u0259 g\u00f6r\u0259, A\u011fcab\u0259di rayonu \u0259razisind\u0259&hellip;","_links":{"self":[{"href":"https:\/\/arantv.az\/index.php?rest_route=\/wp\/v2\/posts\/96576"}],"collection":[{"href":"https:\/\/arantv.az\/index.php?rest_route=\/wp\/v2\/posts"}],"about":[{"href":"https:\/\/arantv.az\/index.php?rest_route=\/wp\/v2\/types\/post"}],"author":[{"embeddable":true,"href":"https:\/\/arantv.az\/index.php?rest_route=\/wp\/v2\/users\/2"}],"replies":[{"embeddable":true,"href":"https:\/\/arantv.az\/index.php?rest_route=%2Fwp%2Fv2%2Fcomments&post=96576"}],"version-history":[{"count":0,"href":"https:\/\/arantv.az\/index.php?rest_route=\/wp\/v2\/posts\/96576\/revisions"}],"wp:featuredmedia":[{"embeddable":true,"href":"https:\/\/arantv.az\/index.php?rest_route=\/wp\/v2\/media\/96577"}],"wp:attachment":[{"href":"https:\/\/arantv.az\/index.php?rest_route=%2Fwp%2Fv2%2Fmedia&parent=96576"}],"wp:term":[{"taxonomy":"category","embeddable":true,"href":"https:\/\/arantv.az\/index.php?rest_route=%2Fwp%2Fv2%2Fcategories&post=96576"},{"taxonomy":"post_tag","embeddable":true,"href":"https:\/\/arantv.az\/index.php?rest_route=%2Fwp%2Fv2%2Ftags&post=96576"}],"curies":[{"name":"wp","href":"https:\/\/api.w.org\/{rel}","templated":true}]}}