{"id":96580,"date":"2019-11-15T09:41:14","date_gmt":"2019-11-15T06:41:14","guid":{"rendered":"http:\/\/arantv.az\/?p=96580"},"modified":"2019-11-15T09:41:14","modified_gmt":"2019-11-15T06:41:14","slug":"milli-m%c9%99clisin-novb%c9%99ti-iclasinin-vaxti-b%c9%99lli-oldu","status":"publish","type":"post","link":"https:\/\/arantv.az\/?p=96580","title":{"rendered":"Milli M\u0259clisin n\u00f6vb\u0259ti iclas\u0131n\u0131n vaxt\u0131 b\u0259lli oldu"},"content":{"rendered":"<p>Milli M\u0259clisin n\u00f6vb\u0259ti iclas\u0131 noyabr\u0131n 19-da ke\u00e7iril\u0259c\u0259k.<\/p>\n<p><b>ARANTV.AZ<\/b>-\u0131n m\u0259lumat\u0131na g\u00f6r\u0259, iclas\u0131n g\u00fcnd\u0259liyin\u0259 21 m\u0259s\u0259l\u0259 daxildir.<\/p>\n<p>\u201cM\u0259hk\u0259m\u0259 v\u0259 hakiml\u0259r haqq\u0131nda\u201d, \u201cD\u00f6vl\u0259t m\u0259hk\u0259m\u0259 ekspertizas\u0131 f\u0259aliyy\u0259ti haqq\u0131nda\u201d qanunlara d\u0259yi\u015fiklik birinci oxunu\u015fda deputatlar\u0131n m\u00fczakir\u0259sin\u0259 t\u0259qdim edil\u0259c\u0259k.<\/p>\n<p>\u0130nzibati X\u0259talar M\u0259c\u0259ll\u0259sin\u0259, \u00a0Ail\u0259 M\u0259c\u0259ll\u0259sin\u0259, M\u00fclki Prosessual M\u0259c\u0259ll\u0259y\u0259 d\u0259yi\u015fiklik layih\u0259l\u0259ri ikinci oxunu\u015fda m\u00fczakir\u0259y\u0259 \u00e7\u0131xar\u0131lacaq.Oxu.Az<\/p>\n","protected":false},"excerpt":{"rendered":"<p>Milli M\u0259clisin n\u00f6vb\u0259ti iclas\u0131 noyabr\u0131n 19-da ke\u00e7iril\u0259c\u0259k. ARANTV.AZ-\u0131n m\u0259lumat\u0131na g\u00f6r\u0259, iclas\u0131n g\u00fcnd\u0259liyin\u0259 21 m\u0259s\u0259l\u0259 daxildir. \u201cM\u0259hk\u0259m\u0259 v\u0259 hakiml\u0259r haqq\u0131nda\u201d, \u201cD\u00f6vl\u0259t m\u0259hk\u0259m\u0259 ekspertizas\u0131 f\u0259aliyy\u0259ti haqq\u0131nda\u201d qanunlara d\u0259yi\u015fiklik birinci oxunu\u015fda deputatlar\u0131n m\u00fczakir\u0259sin\u0259 t\u0259qdim edil\u0259c\u0259k. \u0130nzibati X\u0259talar M\u0259c\u0259ll\u0259sin\u0259, \u00a0Ail\u0259 M\u0259c\u0259ll\u0259sin\u0259, M\u00fclki Prosessual M\u0259c\u0259ll\u0259y\u0259 d\u0259yi\u015fiklik layih\u0259l\u0259ri ikinci oxunu\u015fda m\u00fczakir\u0259y\u0259 \u00e7\u0131xar\u0131lacaq.Oxu.Az<\/p>\n","protected":false},"author":2,"featured_media":96581,"comment_status":"closed","ping_status":"closed","sticky":false,"template":"","format":"standard","meta":{"om_disable_all_campaigns":false,"_monsterinsights_skip_tracking":false,"_monsterinsights_sitenote_active":false,"_monsterinsights_sitenote_note":"","_monsterinsights_sitenote_category":0},"categories":[19],"tags":[],"aioseo_notices":[],"gutentor_comment":0,"rttpg_featured_image_url":{"full":["https:\/\/arantv.az\/wp-content\/uploads\/2019\/11\/modern.az_661529667227_369.jpg",553,323,false],"landscape":["https:\/\/arantv.az\/wp-content\/uploads\/2019\/11\/modern.az_661529667227_369.jpg",553,323,false],"portraits":["https:\/\/arantv.az\/wp-content\/uploads\/2019\/11\/modern.az_661529667227_369.jpg",553,323,false],"thumbnail":["https:\/\/arantv.az\/wp-content\/uploads\/2019\/11\/modern.az_661529667227_369-150x150.jpg",150,150,true],"medium":["https:\/\/arantv.az\/wp-content\/uploads\/2019\/11\/modern.az_661529667227_369-300x175.jpg",300,175,true],"large":["https:\/\/arantv.az\/wp-content\/uploads\/2019\/11\/modern.az_661529667227_369.jpg",553,323,false],"1536x1536":["https:\/\/arantv.az\/wp-content\/uploads\/2019\/11\/modern.az_661529667227_369.jpg",553,323,false],"2048x2048":["https:\/\/arantv.az\/wp-content\/uploads\/2019\/11\/modern.az_661529667227_369.jpg",553,323,false],"post-thumbnail":["https:\/\/arantv.az\/wp-content\/uploads\/2019\/11\/modern.az_661529667227_369-240x172.jpg",240,172,true],"advps-thumb-one":["https:\/\/arantv.az\/wp-content\/uploads\/2019\/11\/modern.az_661529667227_369.jpg",553,323,false]},"rttpg_author":{"display_name":"V\u00fcsal Rafiqo\u011flu","author_link":"https:\/\/arantv.az\/?author=2"},"rttpg_comment":0,"rttpg_category":"<a href=\"https:\/\/arantv.az\/?cat=19\" rel=\"category\">G\u00fcnd\u0259m<\/a>","rttpg_excerpt":"Milli M\u0259clisin n\u00f6vb\u0259ti iclas\u0131 noyabr\u0131n 19-da ke\u00e7iril\u0259c\u0259k. ARANTV.AZ-\u0131n m\u0259lumat\u0131na g\u00f6r\u0259, iclas\u0131n g\u00fcnd\u0259liyin\u0259 21 m\u0259s\u0259l\u0259 daxildir. \u201cM\u0259hk\u0259m\u0259 v\u0259 hakiml\u0259r haqq\u0131nda\u201d, \u201cD\u00f6vl\u0259t m\u0259hk\u0259m\u0259 ekspertizas\u0131 f\u0259aliyy\u0259ti haqq\u0131nda\u201d qanunlara d\u0259yi\u015fiklik birinci oxunu\u015fda deputatlar\u0131n m\u00fczakir\u0259sin\u0259 t\u0259qdim edil\u0259c\u0259k. \u0130nzibati X\u0259talar M\u0259c\u0259ll\u0259sin\u0259, \u00a0Ail\u0259 M\u0259c\u0259ll\u0259sin\u0259, M\u00fclki Prosessual M\u0259c\u0259ll\u0259y\u0259 d\u0259yi\u015fiklik layih\u0259l\u0259ri ikinci oxunu\u015fda m\u00fczakir\u0259y\u0259 \u00e7\u0131xar\u0131lacaq.Oxu.Az","_links":{"self":[{"href":"https:\/\/arantv.az\/index.php?rest_route=\/wp\/v2\/posts\/96580"}],"collection":[{"href":"https:\/\/arantv.az\/index.php?rest_route=\/wp\/v2\/posts"}],"about":[{"href":"https:\/\/arantv.az\/index.php?rest_route=\/wp\/v2\/types\/post"}],"author":[{"embeddable":true,"href":"https:\/\/arantv.az\/index.php?rest_route=\/wp\/v2\/users\/2"}],"replies":[{"embeddable":true,"href":"https:\/\/arantv.az\/index.php?rest_route=%2Fwp%2Fv2%2Fcomments&post=96580"}],"version-history":[{"count":0,"href":"https:\/\/arantv.az\/index.php?rest_route=\/wp\/v2\/posts\/96580\/revisions"}],"wp:featuredmedia":[{"embeddable":true,"href":"https:\/\/arantv.az\/index.php?rest_route=\/wp\/v2\/media\/96581"}],"wp:attachment":[{"href":"https:\/\/arantv.az\/index.php?rest_route=%2Fwp%2Fv2%2Fmedia&parent=96580"}],"wp:term":[{"taxonomy":"category","embeddable":true,"href":"https:\/\/arantv.az\/index.php?rest_route=%2Fwp%2Fv2%2Fcategories&post=96580"},{"taxonomy":"post_tag","embeddable":true,"href":"https:\/\/arantv.az\/index.php?rest_route=%2Fwp%2Fv2%2Ftags&post=96580"}],"curies":[{"name":"wp","href":"https:\/\/api.w.org\/{rel}","templated":true}]}}