{"id":96584,"date":"2019-11-15T09:42:25","date_gmt":"2019-11-15T06:42:25","guid":{"rendered":"http:\/\/arantv.az\/?p=96584"},"modified":"2019-11-15T09:42:25","modified_gmt":"2019-11-15T06:42:25","slug":"futbol-uzr%c9%99-dunya-cempionlari-baki-olimpiya-stadionunda-oynaya-bil%c9%99r","status":"publish","type":"post","link":"https:\/\/arantv.az\/?p=96584","title":{"rendered":"Futbol \u00fczr\u0259 d\u00fcnya \u00e7empionlar\u0131 Bak\u0131 Olimpiya Stadionunda oynaya bil\u0259r"},"content":{"rendered":"<p>Futbol \u00fczr\u0259 2020-ci il Avropa \u00e7empionat\u0131na daha \u00fc\u00e7 komanda v\u0259siq\u0259 qazan\u0131b.<\/p>\n<p><strong>ARANTV.AZ\u00a0\u00a0<\/strong>x\u0259b\u0259r verir ki, H qrupunda T\u00fcrkiy\u0259nin ard\u0131ndan son d\u00fcnya \u00e7empionlar\u0131 Fransa, A qrupunda is\u0259 \u0130ngilt\u0259r\u0259 v\u0259 \u00c7exiya v\u0259siq\u0259 qazan\u0131b.<\/p>\n<p>A qrupunun lideri \u0130ngilt\u0259r\u0259 Monteneqronu 7:0 darmada\u011f\u0131n etm\u0259kl\u0259, \u00c7exiya is\u0259 \u0259sas r\u0259qibi Kosovo \u00fcz\u0259rind\u0259 \u0259zmkar q\u0259l\u0259b\u0259 (2:1) qazanmaqla buna nail olub.<\/p>\n<div id=\"AdviadNativeVideo0\" class=\"AdviadNativeVideo\">\n<div class=\"adviad-inboard sm-screen\">\n<div>\n<p>\u018fsas r\u0259qibl\u0259rind\u0259n olan \u0130slandiya il\u0259 qolsuz he\u00e7-he\u00e7\u0259 etm\u0259kl\u0259 T\u00fcrkiy\u0259 y\u0131\u011fmas\u0131n\u0131n Avro-2020-y\u0259 \u00e7\u0131xd\u0131\u011f\u0131n\u0131 bildirmi\u015fdik. H qrupunda Fransa Moldova \u00fcz\u0259rind\u0259 \u0259zmkar q\u0259l\u0259b\u0259 (2:1) qazanmaqla, h\u0259m liderliyi \u0259l\u0259 al\u0131b, h\u0259m d\u0259 v\u0259siq\u0259ni bir tur \u00f6nc\u0259d\u0259n t\u0259min edib.<\/p>\n<p>Xat\u0131rladaq ki, daha \u0259vv\u0259l Ukrayna, \u0130spaniya, Pol\u015fa, Bel\u00e7ika, Rusiya v\u0259 \u0130taliya millil\u0259ri iki tur \u00f6nc\u0259d\u0259n Avro-2020-y\u0259 v\u0259siq\u0259 qazan\u0131b.<\/p>\n<p>Qeyd ed\u0259k ki, 12 iyun &#8211; 12 iyul tarixl\u0259rind\u0259 ba\u015f tutacaq Avro-2020-nin d\u00f6rd oyunu Bak\u0131da ke\u00e7iril\u0259c\u0259k. \u00dc\u00e7 qrup v\u0259 bir 1\/4 final mat\u00e7\u0131 Bak\u0131 Olimpiya Stadionunda ba\u015f tutacaq. \u0130ngilt\u0259r\u0259 ev sahibl\u0259rind\u0259n biri oldu\u011fundan, qrup oyunlar\u0131n\u0131 Londonda ke\u00e7ir\u0259c\u0259k. Fransa millisinin is\u0259 hans\u0131 qrupda yer alaca\u011f\u0131 bilinmir.\u00a0Oxu.Az<\/p>\n<\/div>\n<\/div>\n<\/div>\n","protected":false},"excerpt":{"rendered":"<p>Futbol \u00fczr\u0259 2020-ci il Avropa \u00e7empionat\u0131na daha \u00fc\u00e7 komanda v\u0259siq\u0259 qazan\u0131b. ARANTV.AZ\u00a0\u00a0x\u0259b\u0259r verir ki, H qrupunda T\u00fcrkiy\u0259nin ard\u0131ndan son d\u00fcnya \u00e7empionlar\u0131 Fransa, A qrupunda is\u0259 \u0130ngilt\u0259r\u0259 v\u0259 \u00c7exiya v\u0259siq\u0259 qazan\u0131b. A qrupunun lideri \u0130ngilt\u0259r\u0259 Monteneqronu 7:0 darmada\u011f\u0131n etm\u0259kl\u0259, \u00c7exiya is\u0259 \u0259sas r\u0259qibi Kosovo \u00fcz\u0259rind\u0259 \u0259zmkar q\u0259l\u0259b\u0259 (2:1) qazanmaqla buna nail olub. \u018fsas r\u0259qibl\u0259rind\u0259n olan \u0130slandiya il\u0259 qolsuz he\u00e7-he\u00e7\u0259 etm\u0259kl\u0259 T\u00fcrkiy\u0259 y\u0131\u011fmas\u0131n\u0131n Avro-2020-y\u0259 \u00e7\u0131xd\u0131\u011f\u0131n\u0131 bildirmi\u015fdik. H qrupunda Fransa Moldova \u00fcz\u0259rind\u0259 \u0259zmkar q\u0259l\u0259b\u0259 (2:1) qazanmaqla, h\u0259m liderliyi \u0259l\u0259 al\u0131b, h\u0259m d\u0259 v\u0259siq\u0259ni bir tur \u00f6nc\u0259d\u0259n t\u0259min edib. Xat\u0131rladaq ki, daha \u0259vv\u0259l Ukrayna,&hellip;<\/p>\n","protected":false},"author":2,"featured_media":96585,"comment_status":"closed","ping_status":"closed","sticky":false,"template":"","format":"standard","meta":{"om_disable_all_campaigns":false,"_monsterinsights_skip_tracking":false,"_monsterinsights_sitenote_active":false,"_monsterinsights_sitenote_note":"","_monsterinsights_sitenote_category":0},"categories":[6],"tags":[],"aioseo_notices":[],"gutentor_comment":0,"rttpg_featured_image_url":{"full":["https:\/\/arantv.az\/wp-content\/uploads\/2019\/11\/2373643-49371630-2560-1440.jpg",620,348,false],"landscape":["https:\/\/arantv.az\/wp-content\/uploads\/2019\/11\/2373643-49371630-2560-1440.jpg",620,348,false],"portraits":["https:\/\/arantv.az\/wp-content\/uploads\/2019\/11\/2373643-49371630-2560-1440.jpg",620,348,false],"thumbnail":["https:\/\/arantv.az\/wp-content\/uploads\/2019\/11\/2373643-49371630-2560-1440-150x150.jpg",150,150,true],"medium":["https:\/\/arantv.az\/wp-content\/uploads\/2019\/11\/2373643-49371630-2560-1440-300x168.jpg",300,168,true],"large":["https:\/\/arantv.az\/wp-content\/uploads\/2019\/11\/2373643-49371630-2560-1440.jpg",620,348,false],"1536x1536":["https:\/\/arantv.az\/wp-content\/uploads\/2019\/11\/2373643-49371630-2560-1440.jpg",620,348,false],"2048x2048":["https:\/\/arantv.az\/wp-content\/uploads\/2019\/11\/2373643-49371630-2560-1440.jpg",620,348,false],"post-thumbnail":["https:\/\/arantv.az\/wp-content\/uploads\/2019\/11\/2373643-49371630-2560-1440-240x172.jpg",240,172,true],"advps-thumb-one":["https:\/\/arantv.az\/wp-content\/uploads\/2019\/11\/2373643-49371630-2560-1440.jpg",620,348,false]},"rttpg_author":{"display_name":"V\u00fcsal Rafiqo\u011flu","author_link":"https:\/\/arantv.az\/?author=2"},"rttpg_comment":0,"rttpg_category":"<a href=\"https:\/\/arantv.az\/?cat=6\" rel=\"category\">\u0130dman<\/a>","rttpg_excerpt":"Futbol \u00fczr\u0259 2020-ci il Avropa \u00e7empionat\u0131na daha \u00fc\u00e7 komanda v\u0259siq\u0259 qazan\u0131b. ARANTV.AZ\u00a0\u00a0x\u0259b\u0259r verir ki, H qrupunda T\u00fcrkiy\u0259nin ard\u0131ndan son d\u00fcnya \u00e7empionlar\u0131 Fransa, A qrupunda is\u0259 \u0130ngilt\u0259r\u0259 v\u0259 \u00c7exiya v\u0259siq\u0259 qazan\u0131b. A qrupunun lideri \u0130ngilt\u0259r\u0259 Monteneqronu 7:0 darmada\u011f\u0131n etm\u0259kl\u0259, \u00c7exiya is\u0259 \u0259sas r\u0259qibi Kosovo \u00fcz\u0259rind\u0259 \u0259zmkar q\u0259l\u0259b\u0259 (2:1) qazanmaqla buna nail olub. \u018fsas r\u0259qibl\u0259rind\u0259n olan \u0130slandiya&hellip;","_links":{"self":[{"href":"https:\/\/arantv.az\/index.php?rest_route=\/wp\/v2\/posts\/96584"}],"collection":[{"href":"https:\/\/arantv.az\/index.php?rest_route=\/wp\/v2\/posts"}],"about":[{"href":"https:\/\/arantv.az\/index.php?rest_route=\/wp\/v2\/types\/post"}],"author":[{"embeddable":true,"href":"https:\/\/arantv.az\/index.php?rest_route=\/wp\/v2\/users\/2"}],"replies":[{"embeddable":true,"href":"https:\/\/arantv.az\/index.php?rest_route=%2Fwp%2Fv2%2Fcomments&post=96584"}],"version-history":[{"count":0,"href":"https:\/\/arantv.az\/index.php?rest_route=\/wp\/v2\/posts\/96584\/revisions"}],"wp:featuredmedia":[{"embeddable":true,"href":"https:\/\/arantv.az\/index.php?rest_route=\/wp\/v2\/media\/96585"}],"wp:attachment":[{"href":"https:\/\/arantv.az\/index.php?rest_route=%2Fwp%2Fv2%2Fmedia&parent=96584"}],"wp:term":[{"taxonomy":"category","embeddable":true,"href":"https:\/\/arantv.az\/index.php?rest_route=%2Fwp%2Fv2%2Fcategories&post=96584"},{"taxonomy":"post_tag","embeddable":true,"href":"https:\/\/arantv.az\/index.php?rest_route=%2Fwp%2Fv2%2Ftags&post=96584"}],"curies":[{"name":"wp","href":"https:\/\/api.w.org\/{rel}","templated":true}]}}