{"id":96744,"date":"2019-11-15T14:19:48","date_gmt":"2019-11-15T11:19:48","guid":{"rendered":"http:\/\/arantv.az\/?p=96744"},"modified":"2019-11-15T14:19:48","modified_gmt":"2019-11-15T11:19:48","slug":"vuqar-r%c9%99himzad%c9%99-az%c9%99rbaycan-unikal-qlobal-dialoq-v%c9%99-%c9%99m%c9%99kdasliq-m%c9%99kanina-cevrilib","status":"publish","type":"post","link":"https:\/\/arantv.az\/?p=96744","title":{"rendered":"V\u00fcqar R\u0259himzad\u0259: &#8220;Az\u0259rbaycan unikal qlobal dialoq v\u0259 \u0259m\u0259kda\u015fl\u0131q m\u0259kan\u0131na \u00e7evrilib&#8221;"},"content":{"rendered":"<p>&#8220;Az\u0259rbaycan multikulturalizmi d\u00f6vl\u0259t siyas\u0259ti kimi q\u0259bul ed\u0259n nadir d\u00f6vl\u0259tl\u0259rd\u0259ndir. \u00d6lk\u0259mizd\u0259 etnik-m\u0259d\u0259ni m\u00fcxt\u0259liflikl\u0259r multikulturalizm siyas\u0259ti vasit\u0259sil\u0259 u\u011furla, s\u0259m\u0259r\u0259li \u015f\u0259kild\u0259 t\u0259nziml\u0259nir. M\u0259hz, bunun n\u0259tic\u0259sidir ki, \u00f6lk\u0259mizd\u0259 etnik-dini z\u0259mind\u0259 he\u00e7 bir qar\u015f\u0131durma yoxdur v\u0259 Az\u0259rbaycan unikal qlobal dialoq v\u0259 \u0259m\u0259kda\u015fl\u0131q m\u0259kan\u0131na \u00e7evrilib. El\u0259 Bak\u0131da D\u00fcnya dini liderl\u0259rinin II Sammiti d\u0259 deyil\u0259nl\u0259ri t\u0259qdiql\u0259yir&#8221;.<\/p>\n<p><strong>ARANTV.AZ<\/strong>\u00a0 x\u0259b\u0259r verir ki, bunu Yeni Az\u0259rbaycan Partiyas\u0131 (YAP) Siyasi \u015euras\u0131n\u0131n \u00fczv\u00fc, &#8220;\u0130ki sahil&#8221; q\u0259zetinin ba\u015f redaktoru V\u00fcqar R\u0259himzad\u0259 deyib.<\/p>\n<p>V\u00fcqar R\u0259himzad\u0259 xat\u0131rlad\u0131b ki, bu il aprelin 11-d\u0259 D\u00fcnya dini liderl\u0259rinin II Bak\u0131 Sammitinin ke\u00e7irilm\u0259si il\u0259 \u0259laq\u0259dar T\u0259\u015fkilat Komit\u0259sinin yarad\u0131lmas\u0131 haqq\u0131nda Prezident \u0130lham \u018fliyev S\u0259r\u0259ncam imzalam\u0131\u015fd\u0131: &#8220;Az\u0259rbaycan d\u00f6vl\u0259tinin qlobal m\u00fcst\u0259vid\u0259 dinl\u0259raras\u0131 dialoqun inki\u015faf\u0131na, qar\u015f\u0131l\u0131ql\u0131 anla\u015fma v\u0259 insani h\u0259mr\u0259ylik kimi b\u0259\u015f\u0259ri d\u0259y\u0259rl\u0259rin t\u0259\u015fviqi v\u0259 t\u0259kam\u00fcl\u00fcn\u0259 \u00f6z t\u00f6hf\u0259sini verm\u0259k m\u0259ram\u0131 il\u0259 ev sahibliyi etdiyi D\u00fcnya dini liderl\u0259rinin II Bak\u0131 Sammiti Prezident \u0130lham \u018fliyevin t\u0259\u015f\u0259bb\u00fcs\u00fc il\u0259 ba\u015flanan v\u0259 h\u0259yata ke\u00e7iril\u0259n &#8220;Bak\u0131 Prosesi&#8221;, &#8220;Multikulturalizm&#8221; v\u0259 &#8220;\u0130slam H\u0259mr\u0259yliyi&#8221; ill\u0259ri \u00e7\u0259r\u00e7iv\u0259sind\u0259 t\u0259\u015fkil olunmu\u015f beyn\u0259lxalq t\u0259dbirl\u0259rin, o c\u00fcml\u0259d\u0259n D\u00fcnya dini liderl\u0259rinin I Bak\u0131 Sammitinin, habel\u0259 Bak\u0131 Beyn\u0259lxalq Dinl\u0259raras\u0131 v\u0259 Sivilizasiyalararas\u0131 \u018fm\u0259kda\u015fl\u0131q M\u0259rk\u0259zinin m\u00fcxt\u0259lif m\u0259d\u0259niyy\u0259tl\u0259r v\u0259 dinl\u0259r aras\u0131nda \u0259laq\u0259l\u0259rin geni\u015fl\u0259nm\u0259sin\u0259, qar\u015f\u0131l\u0131ql\u0131 etimad m\u00fchitinin yarad\u0131lmas\u0131 i\u015fin\u0259 t\u00f6hf\u0259l\u0259rinin m\u0259ntiqi davam\u0131d\u0131r&#8221;.<br \/>\nV\u00fcqar R\u0259himzad\u0259 bildirib ki, Az\u0259rbaycan d\u00fcnyan\u0131n \u0259sas multikulturalizm m\u0259rk\u0259zl\u0259rind\u0259n biri hesab olunur. Bu m\u0259nada \u00f6lk\u0259miz bu m\u00f6t\u0259b\u0259r t\u0259dbir\u0259 ikinci d\u0259f\u0259 ev sahibliyi edir. Bu is\u0259 bir daha onu g\u00f6st\u0259rir ki, Az\u0259rbaycan dinl\u0259raras\u0131 dialoqun inki\u015faf\u0131nda \u00f6z \u00f6n\u0259mli rolunu oynay\u0131r: &#8220;Multikulturalizmin d\u00f6vl\u0259t siyas\u0259ti olmas\u0131n\u0131n m\u00fch\u00fcm t\u0259zah\u00fcrl\u0259rind\u0259n biri \u00f6lk\u0259mizd\u0259 d\u00f6vl\u0259t-din m\u00fcnasib\u0259tl\u0259rinin y\u00fcks\u0259k s\u0259viyy\u0259d\u0259 olmas\u0131ndad\u0131r. Az\u0259rbaycanda d\u00f6vl\u0259t-din m\u00fcnasib\u0259tl\u0259rinin y\u00fcks\u0259k s\u0259viyy\u0259d\u0259 olmas\u0131 \u00f6z\u00fcn\u00fc \u00f6lk\u0259mizd\u0259 dini azadl\u0131qlar\u0131n t\u0259min edilm\u0259sind\u0259, b\u00fct\u00fcn dinl\u0259rin, dini m\u0259zh\u0259bl\u0259rin qanun qar\u015f\u0131s\u0131nda b\u0259rab\u0259r olmas\u0131nda, onlar\u0131n f\u0259aliyy\u0259tl\u0259rin\u0259 d\u00f6vl\u0259t t\u0259r\u0259find\u0259n h\u0259r c\u00fcr d\u0259st\u0259k g\u00f6st\u0259rilm\u0259sind\u0259 v\u0259 dinl\u0259raras\u0131 m\u00fcnasib\u0259tl\u0259rin qar\u015f\u0131l\u0131ql\u0131 h\u00f6rm\u0259t v\u0259 \u0259m\u0259kda\u015fl\u0131q \u0259sas\u0131nda qurulmas\u0131nda g\u00f6st\u0259rir. T\u0259sad\u00fcfi d\u0259 deyil ki, Ana Qanunumuzun 18-ci madd\u0259sinin 1-ci b\u0259ndind\u0259 g\u00f6st\u0259rilir ki, \u00f6lk\u0259mizd\u0259 &#8220;b\u00fct\u00fcn dini etiqadlar qanun qar\u015f\u0131s\u0131nda b\u0259rab\u0259rdir&#8221;. &#8220;Dini etiqad azadl\u0131\u011f\u0131 haqq\u0131nda&#8221; Az\u0259rbaycan Respublikas\u0131n\u0131n Qanununun 5-ci madd\u0259sind\u0259 is\u0259 deyilir ki, &#8220;b\u00fct\u00fcn dinl\u0259r v\u0259 dini qurumlar qanun qar\u015f\u0131s\u0131nda b\u0259rab\u0259rdir. He\u00e7 bir din v\u0259 dini qurum bar\u0259sind\u0259 dig\u0259rl\u0259rin\u0259 nisb\u0259t\u0259n h\u0259r hans\u0131 \u00fcst\u00fcnl\u00fck v\u0259 ya m\u0259hdudiyy\u0259t m\u00fc\u0259yy\u0259n edil\u0259 bilm\u0259z&#8221;.<br \/>\n&#8220;D\u00f6vl\u0259t b\u00fct\u00fcn dini qurumlar\u0131n h\u0259r birin\u0259 laz\u0131mi k\u00f6m\u0259k, o c\u00fcml\u0259d\u0259n maliyy\u0259 d\u0259st\u0259yi g\u00f6st\u0259rir. D\u00f6vl\u0259timizin b\u00fct\u00fcn dinl\u0259r\u0259 g\u00f6st\u0259rdiyi b\u0259rab\u0259r m\u00fcnasib\u0259t \u00f6z n\u00f6vb\u0259sind\u0259 dinl\u0259raras\u0131 m\u00fcnasib\u0259tl\u0259rin t\u0259kmill\u0259\u015fm\u0259sin\u0259, daha d\u0259qiq des\u0259k, bu m\u00fcnasib\u0259tl\u0259rin qar\u015f\u0131l\u0131ql\u0131 h\u00f6rm\u0259t v\u0259 \u0259m\u0259kda\u015fl\u0131q \u0259sas\u0131nda qurulmas\u0131na s\u0259b\u0259b olur&#8221; &#8211; dey\u0259n V\u00fcqar R\u0259himzad\u0259 \u0259lav\u0259 edib ki, multikulturalizmin, tolerantl\u0131\u011f\u0131n Az\u0259rbaycan\u0131n daxili siyas\u0259tin\u0259 t\u0259siri \u00f6z\u00fcn\u00fc c\u0259miyy\u0259td\u0259ki etnik, irqi, dini v\u0259 m\u0259d\u0259ni m\u00fcxt\u0259liflikl\u0259rin v\u0259 onlar\u0131n \u0259sas\u0131n\u0131 t\u0259\u015fkil ed\u0259n etnik-m\u0259d\u0259ni d\u0259y\u0259rl\u0259rin qorunmas\u0131nda \u00f6z\u00fcn\u00fc b\u00fcruz\u0259 verir. Eyni zamanda, onun \u00f6lk\u0259mizin xarici siyas\u0259tin\u0259 t\u0259siri \u00f6z\u00fcn\u00fc etnik-m\u0259d\u0259ni m\u0259nsubiyy\u0259tl\u0259rind\u0259n as\u0131l\u0131 olmayaraq b\u00fct\u00fcn \u00f6lk\u0259l\u0259rl\u0259 \u00f6lk\u0259mizin h\u0259rt\u0259r\u0259fli \u0259laq\u0259l\u0259rinin inki\u015faf\u0131nda g\u00f6st\u0259rir. Bu is\u0259 \u00f6z n\u00f6vb\u0259sind\u0259 d\u00fcnya miqyas\u0131nda m\u0259d\u0259niyy\u0259tl\u0259raras\u0131 v\u0259 sivilizasiyalararas\u0131 dialoqun inki\u015faf\u0131 \u00fc\u00e7\u00fcn m\u00fcnbit z\u0259min yarad\u0131r.<\/p>\n","protected":false},"excerpt":{"rendered":"<p>&#8220;Az\u0259rbaycan multikulturalizmi d\u00f6vl\u0259t siyas\u0259ti kimi q\u0259bul ed\u0259n nadir d\u00f6vl\u0259tl\u0259rd\u0259ndir. \u00d6lk\u0259mizd\u0259 etnik-m\u0259d\u0259ni m\u00fcxt\u0259liflikl\u0259r multikulturalizm siyas\u0259ti vasit\u0259sil\u0259 u\u011furla, s\u0259m\u0259r\u0259li \u015f\u0259kild\u0259 t\u0259nziml\u0259nir. M\u0259hz, bunun n\u0259tic\u0259sidir ki, \u00f6lk\u0259mizd\u0259 etnik-dini z\u0259mind\u0259 he\u00e7 bir qar\u015f\u0131durma yoxdur v\u0259 Az\u0259rbaycan unikal qlobal dialoq v\u0259 \u0259m\u0259kda\u015fl\u0131q m\u0259kan\u0131na \u00e7evrilib. El\u0259 Bak\u0131da D\u00fcnya dini liderl\u0259rinin II Sammiti d\u0259 deyil\u0259nl\u0259ri t\u0259qdiql\u0259yir&#8221;. ARANTV.AZ\u00a0 x\u0259b\u0259r verir ki, bunu Yeni Az\u0259rbaycan Partiyas\u0131 (YAP) Siyasi \u015euras\u0131n\u0131n \u00fczv\u00fc, &#8220;\u0130ki sahil&#8221; q\u0259zetinin ba\u015f redaktoru V\u00fcqar R\u0259himzad\u0259 deyib. V\u00fcqar R\u0259himzad\u0259 xat\u0131rlad\u0131b ki, bu il aprelin 11-d\u0259 D\u00fcnya dini liderl\u0259rinin II Bak\u0131 Sammitinin ke\u00e7irilm\u0259si il\u0259 \u0259laq\u0259dar T\u0259\u015fkilat Komit\u0259sinin yarad\u0131lmas\u0131 haqq\u0131nda&hellip;<\/p>\n","protected":false},"author":2,"featured_media":96745,"comment_status":"closed","ping_status":"closed","sticky":false,"template":"","format":"standard","meta":{"om_disable_all_campaigns":false,"_monsterinsights_skip_tracking":false,"_monsterinsights_sitenote_active":false,"_monsterinsights_sitenote_note":"","_monsterinsights_sitenote_category":0},"categories":[4],"tags":[],"aioseo_notices":[],"gutentor_comment":0,"rttpg_featured_image_url":{"full":["https:\/\/arantv.az\/wp-content\/uploads\/2019\/11\/802565.jpg",600,450,false],"landscape":["https:\/\/arantv.az\/wp-content\/uploads\/2019\/11\/802565.jpg",600,450,false],"portraits":["https:\/\/arantv.az\/wp-content\/uploads\/2019\/11\/802565.jpg",600,450,false],"thumbnail":["https:\/\/arantv.az\/wp-content\/uploads\/2019\/11\/802565-150x150.jpg",150,150,true],"medium":["https:\/\/arantv.az\/wp-content\/uploads\/2019\/11\/802565-300x225.jpg",300,225,true],"large":["https:\/\/arantv.az\/wp-content\/uploads\/2019\/11\/802565.jpg",600,450,false],"1536x1536":["https:\/\/arantv.az\/wp-content\/uploads\/2019\/11\/802565.jpg",600,450,false],"2048x2048":["https:\/\/arantv.az\/wp-content\/uploads\/2019\/11\/802565.jpg",600,450,false],"post-thumbnail":["https:\/\/arantv.az\/wp-content\/uploads\/2019\/11\/802565-240x172.jpg",240,172,true],"advps-thumb-one":["https:\/\/arantv.az\/wp-content\/uploads\/2019\/11\/802565.jpg",600,450,false]},"rttpg_author":{"display_name":"V\u00fcsal Rafiqo\u011flu","author_link":"https:\/\/arantv.az\/?author=2"},"rttpg_comment":0,"rttpg_category":"<a href=\"https:\/\/arantv.az\/?cat=4\" rel=\"category\">Siyas\u0259t<\/a>","rttpg_excerpt":"&#8220;Az\u0259rbaycan multikulturalizmi d\u00f6vl\u0259t siyas\u0259ti kimi q\u0259bul ed\u0259n nadir d\u00f6vl\u0259tl\u0259rd\u0259ndir. \u00d6lk\u0259mizd\u0259 etnik-m\u0259d\u0259ni m\u00fcxt\u0259liflikl\u0259r multikulturalizm siyas\u0259ti vasit\u0259sil\u0259 u\u011furla, s\u0259m\u0259r\u0259li \u015f\u0259kild\u0259 t\u0259nziml\u0259nir. M\u0259hz, bunun n\u0259tic\u0259sidir ki, \u00f6lk\u0259mizd\u0259 etnik-dini z\u0259mind\u0259 he\u00e7 bir qar\u015f\u0131durma yoxdur v\u0259 Az\u0259rbaycan unikal qlobal dialoq v\u0259 \u0259m\u0259kda\u015fl\u0131q m\u0259kan\u0131na \u00e7evrilib. El\u0259 Bak\u0131da D\u00fcnya dini liderl\u0259rinin II Sammiti d\u0259 deyil\u0259nl\u0259ri t\u0259qdiql\u0259yir&#8221;. ARANTV.AZ\u00a0 x\u0259b\u0259r verir ki, bunu Yeni&hellip;","_links":{"self":[{"href":"https:\/\/arantv.az\/index.php?rest_route=\/wp\/v2\/posts\/96744"}],"collection":[{"href":"https:\/\/arantv.az\/index.php?rest_route=\/wp\/v2\/posts"}],"about":[{"href":"https:\/\/arantv.az\/index.php?rest_route=\/wp\/v2\/types\/post"}],"author":[{"embeddable":true,"href":"https:\/\/arantv.az\/index.php?rest_route=\/wp\/v2\/users\/2"}],"replies":[{"embeddable":true,"href":"https:\/\/arantv.az\/index.php?rest_route=%2Fwp%2Fv2%2Fcomments&post=96744"}],"version-history":[{"count":0,"href":"https:\/\/arantv.az\/index.php?rest_route=\/wp\/v2\/posts\/96744\/revisions"}],"wp:featuredmedia":[{"embeddable":true,"href":"https:\/\/arantv.az\/index.php?rest_route=\/wp\/v2\/media\/96745"}],"wp:attachment":[{"href":"https:\/\/arantv.az\/index.php?rest_route=%2Fwp%2Fv2%2Fmedia&parent=96744"}],"wp:term":[{"taxonomy":"category","embeddable":true,"href":"https:\/\/arantv.az\/index.php?rest_route=%2Fwp%2Fv2%2Fcategories&post=96744"},{"taxonomy":"post_tag","embeddable":true,"href":"https:\/\/arantv.az\/index.php?rest_route=%2Fwp%2Fv2%2Ftags&post=96744"}],"curies":[{"name":"wp","href":"https:\/\/api.w.org\/{rel}","templated":true}]}}