{"id":96756,"date":"2019-11-15T14:36:16","date_gmt":"2019-11-15T11:36:16","guid":{"rendered":"http:\/\/arantv.az\/?p=96756"},"modified":"2019-11-15T14:36:16","modified_gmt":"2019-11-15T11:36:16","slug":"ilham-%c9%99liyev-gorus-kecirdi-foto-5","status":"publish","type":"post","link":"https:\/\/arantv.az\/?p=96756","title":{"rendered":"\u0130lham \u018fliyev g\u00f6r\u00fc\u015f ke\u00e7irdi &#8211; FOTO"},"content":{"rendered":"<p>Az\u0259rbaycan Respublikas\u0131n\u0131n Prezidenti \u0130lham \u018fliyev noyabr\u0131n 15-d\u0259 Rusiya Federasiyas\u0131n\u0131n \u015eimali Qafqaz respublikalar\u0131ndan olan bir qrup m\u00fcs\u0259lman din xadimind\u0259n ibar\u0259t n\u00fcmay\u0259nd\u0259 hey\u0259tini q\u0259bul edib.<\/p>\n<div id=\"AdviadNativeVideo0\" class=\"AdviadNativeVideo\"><\/div>\n<p>Bununla ba\u011fl\u0131\u00a0<a href=\"https:\/\/azertag.az\/xeber\/Prezident_Ilham_Aliyev_Rusiyanin_Simali_Qafqaz_respublikalarindan_olan_bir_qrup_muselman_din_xadiminden_ibaret_numayende_heyetini_qebul_edib_YENILANACAK-1355452\" target=\"_blank\" rel=\"noopener\">AZ\u018fRTAC<\/a>\u00a0m\u0259lumat yay\u0131b.<\/p>\n<div class=\"gallery\">\n<div class=\"gallery-i\"><img src=\"https:\/\/assets.oxu.az\/uploads\/W1siZiIsIjIwMTkvMTEvMTUvMTUvMTkvNDYvM2NjNWRhZmMtYzUyMy00ZDk4LWFmNjUtMWMxODlmNjM2YTQ5LzE1NzM4MTYzMDIxMjE2OTE1OTdfMTAwMHg2NjkuanBnIl0sWyJwIiwiZW5jb2RlIiwianBnIiwiLXF1YWxpdHkgODAiXSxbInAiLCJ0aHVtYiIsIjU5MHg1OTBcdTAwM2UiXV0?sha=ed2a429b225ca475\" alt=\"\" \/><\/p>\n<div class=\"gallery-i-caption\"><\/div>\n<\/div>\n<div class=\"gallery-i\"><img src=\"https:\/\/assets.oxu.az\/uploads\/W1siZiIsIjIwMTkvMTEvMTUvMTUvMTkvNDYvYmU2ZDNmYWItOTdkOS00OWI2LTk2NmItNmNhNmI3NjFmNmM0LzE1NzM4MTYzMDIxNTAxNjQwMjdfMTAwMHg2NjkuanBnIl0sWyJwIiwiZW5jb2RlIiwianBnIiwiLXF1YWxpdHkgODAiXSxbInAiLCJ0aHVtYiIsIjU5MHg1OTBcdTAwM2UiXV0?sha=a7539cbda6aac829\" alt=\"\" \/><\/p>\n<div class=\"gallery-i-caption\"><\/div>\n<\/div>\n<div class=\"gallery-i\"><img src=\"https:\/\/assets.oxu.az\/uploads\/W1siZiIsIjIwMTkvMTEvMTUvMTUvMTkvNDYvZTc0YTNlMzEtYzQ5MC00ZGViLTkwYTctMWFlOTQyOTlhM2RhLzE1NzM4MTYzMDIxODkyNDE2Nzg5XzEwMDB4NjY5LmpwZyJdLFsicCIsImVuY29kZSIsImpwZyIsIi1xdWFsaXR5IDgwIl0sWyJwIiwidGh1bWIiLCI1OTB4NTkwXHUwMDNlIl1d?sha=3f6516df21cd6e60\" alt=\"\" \/><\/p>\n<div class=\"gallery-i-caption\"><\/div>\n<\/div>\n<div class=\"gallery-i\"><img src=\"https:\/\/assets.oxu.az\/uploads\/W1siZiIsIjIwMTkvMTEvMTUvMTUvMTkvNDYvNDliNzk3YjYtOGU3ZS00ZDg0LTg4MjEtNjFmYTdkMmFlYjM4LzE1NzM4MTYzMDIyMzA4NzMzMTkzXzEwMDB4NjY5LmpwZyJdLFsicCIsImVuY29kZSIsImpwZyIsIi1xdWFsaXR5IDgwIl0sWyJwIiwidGh1bWIiLCI1OTB4NTkwXHUwMDNlIl1d?sha=0ec864807f44aaab\" alt=\"\" \/><\/p>\n<div class=\"gallery-i-caption\"><\/div>\n<\/div>\n<div class=\"gallery-i\"><img src=\"https:\/\/assets.oxu.az\/uploads\/W1siZiIsIjIwMTkvMTEvMTUvMTUvMTkvNDcvMjhlZDBjOTctNDc1ZC00YTQ3LWJjYzItY2VhMGEyNDFjZDdlLzE1NzM4MTYzMDIyNDU0NDExNTA0XzEwMDB4NjY5LmpwZyJdLFsicCIsImVuY29kZSIsImpwZyIsIi1xdWFsaXR5IDgwIl0sWyJwIiwidGh1bWIiLCI1OTB4NTkwXHUwMDNlIl1d?sha=1fbebb392260c174\" alt=\"\" \/><\/p>\n<div class=\"gallery-i-caption\"><\/div>\n<\/div>\n<div class=\"gallery-i\"><img src=\"https:\/\/assets.oxu.az\/uploads\/W1siZiIsIjIwMTkvMTEvMTUvMTUvMTkvNDcvMjE4ZTkwNzAtZThiYS00ZWNmLTkwMGQtNGE1MTZiNTkyNjQ0LzE1NzM4MTYzMDI0MjE5MTM5MzI3XzEwMDB4NjY5LmpwZyJdLFsicCIsImVuY29kZSIsImpwZyIsIi1xdWFsaXR5IDgwIl0sWyJwIiwidGh1bWIiLCI1OTB4NTkwXHUwMDNlIl1d?sha=a9f2dfebab3050e4\" alt=\"\" \/><\/p>\n<div class=\"gallery-i-caption\"><\/div>\n<\/div>\n<div class=\"gallery-i\"><img src=\"https:\/\/assets.oxu.az\/uploads\/W1siZiIsIjIwMTkvMTEvMTUvMTUvMTkvNDcvNTMwZjU3NDYtMGJhYi00YWFmLWEwNzItNzM3NGI0YTcyM2U3LzE1NzM4MTYzMDI2NTEyODUzNDNfMTAwMHg2NjkuanBnIl0sWyJwIiwiZW5jb2RlIiwianBnIiwiLXF1YWxpdHkgODAiXSxbInAiLCJ0aHVtYiIsIjU5MHg1OTBcdTAwM2UiXV0?sha=3f324a4f4808611d\" alt=\"\" \/><\/div>\n<\/div>\n","protected":false},"excerpt":{"rendered":"<p>Az\u0259rbaycan Respublikas\u0131n\u0131n Prezidenti \u0130lham \u018fliyev noyabr\u0131n 15-d\u0259 Rusiya Federasiyas\u0131n\u0131n \u015eimali Qafqaz respublikalar\u0131ndan olan bir qrup m\u00fcs\u0259lman din xadimind\u0259n ibar\u0259t n\u00fcmay\u0259nd\u0259 hey\u0259tini q\u0259bul edib. Bununla ba\u011fl\u0131\u00a0AZ\u018fRTAC\u00a0m\u0259lumat yay\u0131b.<\/p>\n","protected":false},"author":2,"featured_media":96757,"comment_status":"closed","ping_status":"closed","sticky":false,"template":"","format":"standard","meta":{"om_disable_all_campaigns":false,"_monsterinsights_skip_tracking":false,"_monsterinsights_sitenote_active":false,"_monsterinsights_sitenote_note":"","_monsterinsights_sitenote_category":0},"categories":[4],"tags":[],"aioseo_notices":[],"gutentor_comment":0,"rttpg_featured_image_url":{"full":["https:\/\/arantv.az\/wp-content\/uploads\/2019\/11\/1573816302150164027_1000x669.jpg",620,386,false],"landscape":["https:\/\/arantv.az\/wp-content\/uploads\/2019\/11\/1573816302150164027_1000x669.jpg",620,386,false],"portraits":["https:\/\/arantv.az\/wp-content\/uploads\/2019\/11\/1573816302150164027_1000x669.jpg",620,386,false],"thumbnail":["https:\/\/arantv.az\/wp-content\/uploads\/2019\/11\/1573816302150164027_1000x669-150x150.jpg",150,150,true],"medium":["https:\/\/arantv.az\/wp-content\/uploads\/2019\/11\/1573816302150164027_1000x669-300x187.jpg",300,187,true],"large":["https:\/\/arantv.az\/wp-content\/uploads\/2019\/11\/1573816302150164027_1000x669.jpg",620,386,false],"1536x1536":["https:\/\/arantv.az\/wp-content\/uploads\/2019\/11\/1573816302150164027_1000x669.jpg",620,386,false],"2048x2048":["https:\/\/arantv.az\/wp-content\/uploads\/2019\/11\/1573816302150164027_1000x669.jpg",620,386,false],"post-thumbnail":["https:\/\/arantv.az\/wp-content\/uploads\/2019\/11\/1573816302150164027_1000x669-240x172.jpg",240,172,true],"advps-thumb-one":["https:\/\/arantv.az\/wp-content\/uploads\/2019\/11\/1573816302150164027_1000x669.jpg",620,386,false]},"rttpg_author":{"display_name":"V\u00fcsal Rafiqo\u011flu","author_link":"https:\/\/arantv.az\/?author=2"},"rttpg_comment":0,"rttpg_category":"<a href=\"https:\/\/arantv.az\/?cat=4\" rel=\"category\">Siyas\u0259t<\/a>","rttpg_excerpt":"Az\u0259rbaycan Respublikas\u0131n\u0131n Prezidenti \u0130lham \u018fliyev noyabr\u0131n 15-d\u0259 Rusiya Federasiyas\u0131n\u0131n \u015eimali Qafqaz respublikalar\u0131ndan olan bir qrup m\u00fcs\u0259lman din xadimind\u0259n ibar\u0259t n\u00fcmay\u0259nd\u0259 hey\u0259tini q\u0259bul edib. Bununla ba\u011fl\u0131\u00a0AZ\u018fRTAC\u00a0m\u0259lumat yay\u0131b.","_links":{"self":[{"href":"https:\/\/arantv.az\/index.php?rest_route=\/wp\/v2\/posts\/96756"}],"collection":[{"href":"https:\/\/arantv.az\/index.php?rest_route=\/wp\/v2\/posts"}],"about":[{"href":"https:\/\/arantv.az\/index.php?rest_route=\/wp\/v2\/types\/post"}],"author":[{"embeddable":true,"href":"https:\/\/arantv.az\/index.php?rest_route=\/wp\/v2\/users\/2"}],"replies":[{"embeddable":true,"href":"https:\/\/arantv.az\/index.php?rest_route=%2Fwp%2Fv2%2Fcomments&post=96756"}],"version-history":[{"count":0,"href":"https:\/\/arantv.az\/index.php?rest_route=\/wp\/v2\/posts\/96756\/revisions"}],"wp:featuredmedia":[{"embeddable":true,"href":"https:\/\/arantv.az\/index.php?rest_route=\/wp\/v2\/media\/96757"}],"wp:attachment":[{"href":"https:\/\/arantv.az\/index.php?rest_route=%2Fwp%2Fv2%2Fmedia&parent=96756"}],"wp:term":[{"taxonomy":"category","embeddable":true,"href":"https:\/\/arantv.az\/index.php?rest_route=%2Fwp%2Fv2%2Fcategories&post=96756"},{"taxonomy":"post_tag","embeddable":true,"href":"https:\/\/arantv.az\/index.php?rest_route=%2Fwp%2Fv2%2Ftags&post=96756"}],"curies":[{"name":"wp","href":"https:\/\/api.w.org\/{rel}","templated":true}]}}