{"id":96760,"date":"2019-11-15T14:50:16","date_gmt":"2019-11-15T11:50:16","guid":{"rendered":"http:\/\/arantv.az\/?p=96760"},"modified":"2019-11-15T14:50:16","modified_gmt":"2019-11-15T11:50:16","slug":"ilham-%c9%99liyev-xalq-artistin%c9%99-ev-verdi-2","status":"publish","type":"post","link":"https:\/\/arantv.az\/?p=96760","title":{"rendered":"\u0130lham \u018fliyev Xalq artistin\u0259 ev verdi"},"content":{"rendered":"<p>Prezident \u0130lham \u018fliyev Xalq artisti Bilal \u018fliyev\u0259 m\u0259nzil\u00a0h\u0259diyy\u0259 edib.<\/p>\n<p>Bu bar\u0259d\u0259\u00a0Oxu.Az-a Xalq artisti m\u0259lumat verib.<\/p>\n<p>Bilal \u018fliyev m\u0259nzilin a\u00e7arlar\u0131n\u0131n bu g\u00fcn ona t\u0259qdim edildiyini bildirib:<\/p>\n<div id=\"AdviadNativeVideo0\" class=\"AdviadNativeVideo\"><\/div>\n<p>\u201cBu g\u00fcn m\u0259ni \u00e7a\u011f\u0131r\u0131b \u015f\u0259h\u0259rin g\u00f6z\u0259l bir yerind\u0259n \u00fc\u00e7 otaql\u0131 m\u0259nzilin a\u00e7arlar\u0131n\u0131\u00a0t\u0259qdim etdil\u0259r. H\u0259diyy\u0259y\u0259 g\u00f6r\u0259 prezidentimiz\u0259 t\u0259\u015f\u0259kk\u00fcr edir\u0259m.<\/p>\n<p>60 illik yubileyimd\u0259 m\u0259nzil \u015f\u0259raitimin yax\u015f\u0131 olmad\u0131\u011f\u0131n\u0131 n\u0259z\u0259r\u0259 alaraq, m\u0259ni, ail\u0259mi v\u0259 sev\u0259nl\u0259rimi sevindirdi. M\u0259n\u0259 g\u00f6st\u0259rdiyi etimad\u0131, \u00e7al\u0131\u015facam ki, \u00f6m\u00fcr boyu do\u011fruldum. Diqq\u0259t\u0259 g\u00f6r\u0259 t\u0259\u015f\u0259kk\u00fcr edir\u0259m\u201d.<\/p>\n<p>Qeyd ed\u0259k ki, noyabr\u0131n 18-d\u0259 \u00a0Bilal \u018fliyevin\u00a060 ya\u015f\u0131 tamam olacaq.<\/p>\n","protected":false},"excerpt":{"rendered":"<p>Prezident \u0130lham \u018fliyev Xalq artisti Bilal \u018fliyev\u0259 m\u0259nzil\u00a0h\u0259diyy\u0259 edib. Bu bar\u0259d\u0259\u00a0Oxu.Az-a Xalq artisti m\u0259lumat verib. Bilal \u018fliyev m\u0259nzilin a\u00e7arlar\u0131n\u0131n bu g\u00fcn ona t\u0259qdim edildiyini bildirib: \u201cBu g\u00fcn m\u0259ni \u00e7a\u011f\u0131r\u0131b \u015f\u0259h\u0259rin g\u00f6z\u0259l bir yerind\u0259n \u00fc\u00e7 otaql\u0131 m\u0259nzilin a\u00e7arlar\u0131n\u0131\u00a0t\u0259qdim etdil\u0259r. H\u0259diyy\u0259y\u0259 g\u00f6r\u0259 prezidentimiz\u0259 t\u0259\u015f\u0259kk\u00fcr edir\u0259m. 60 illik yubileyimd\u0259 m\u0259nzil \u015f\u0259raitimin yax\u015f\u0131 olmad\u0131\u011f\u0131n\u0131 n\u0259z\u0259r\u0259 alaraq, m\u0259ni, ail\u0259mi v\u0259 sev\u0259nl\u0259rimi sevindirdi. M\u0259n\u0259 g\u00f6st\u0259rdiyi etimad\u0131, \u00e7al\u0131\u015facam ki, \u00f6m\u00fcr boyu do\u011fruldum. Diqq\u0259t\u0259 g\u00f6r\u0259 t\u0259\u015f\u0259kk\u00fcr edir\u0259m\u201d. Qeyd ed\u0259k ki, noyabr\u0131n 18-d\u0259 \u00a0Bilal \u018fliyevin\u00a060 ya\u015f\u0131 tamam olacaq.<\/p>\n","protected":false},"author":2,"featured_media":96761,"comment_status":"closed","ping_status":"closed","sticky":false,"template":"","format":"standard","meta":{"om_disable_all_campaigns":false,"_monsterinsights_skip_tracking":false,"_monsterinsights_sitenote_active":false,"_monsterinsights_sitenote_note":"","_monsterinsights_sitenote_category":0},"categories":[4],"tags":[],"aioseo_notices":[],"gutentor_comment":0,"rttpg_featured_image_url":{"full":["https:\/\/arantv.az\/wp-content\/uploads\/2019\/11\/ilham-aliyev-3.jpg",620,443,false],"landscape":["https:\/\/arantv.az\/wp-content\/uploads\/2019\/11\/ilham-aliyev-3.jpg",620,443,false],"portraits":["https:\/\/arantv.az\/wp-content\/uploads\/2019\/11\/ilham-aliyev-3.jpg",620,443,false],"thumbnail":["https:\/\/arantv.az\/wp-content\/uploads\/2019\/11\/ilham-aliyev-3-150x150.jpg",150,150,true],"medium":["https:\/\/arantv.az\/wp-content\/uploads\/2019\/11\/ilham-aliyev-3-300x214.jpg",300,214,true],"large":["https:\/\/arantv.az\/wp-content\/uploads\/2019\/11\/ilham-aliyev-3.jpg",620,443,false],"1536x1536":["https:\/\/arantv.az\/wp-content\/uploads\/2019\/11\/ilham-aliyev-3.jpg",620,443,false],"2048x2048":["https:\/\/arantv.az\/wp-content\/uploads\/2019\/11\/ilham-aliyev-3.jpg",620,443,false],"post-thumbnail":["https:\/\/arantv.az\/wp-content\/uploads\/2019\/11\/ilham-aliyev-3-240x172.jpg",240,172,true],"advps-thumb-one":["https:\/\/arantv.az\/wp-content\/uploads\/2019\/11\/ilham-aliyev-3.jpg",620,443,false]},"rttpg_author":{"display_name":"V\u00fcsal Rafiqo\u011flu","author_link":"https:\/\/arantv.az\/?author=2"},"rttpg_comment":0,"rttpg_category":"<a href=\"https:\/\/arantv.az\/?cat=4\" rel=\"category\">Siyas\u0259t<\/a>","rttpg_excerpt":"Prezident \u0130lham \u018fliyev Xalq artisti Bilal \u018fliyev\u0259 m\u0259nzil\u00a0h\u0259diyy\u0259 edib. Bu bar\u0259d\u0259\u00a0Oxu.Az-a Xalq artisti m\u0259lumat verib. Bilal \u018fliyev m\u0259nzilin a\u00e7arlar\u0131n\u0131n bu g\u00fcn ona t\u0259qdim edildiyini bildirib: \u201cBu g\u00fcn m\u0259ni \u00e7a\u011f\u0131r\u0131b \u015f\u0259h\u0259rin g\u00f6z\u0259l bir yerind\u0259n \u00fc\u00e7 otaql\u0131 m\u0259nzilin a\u00e7arlar\u0131n\u0131\u00a0t\u0259qdim etdil\u0259r. H\u0259diyy\u0259y\u0259 g\u00f6r\u0259 prezidentimiz\u0259 t\u0259\u015f\u0259kk\u00fcr edir\u0259m. 60 illik yubileyimd\u0259 m\u0259nzil \u015f\u0259raitimin yax\u015f\u0131 olmad\u0131\u011f\u0131n\u0131 n\u0259z\u0259r\u0259 alaraq, m\u0259ni, ail\u0259mi v\u0259&hellip;","_links":{"self":[{"href":"https:\/\/arantv.az\/index.php?rest_route=\/wp\/v2\/posts\/96760"}],"collection":[{"href":"https:\/\/arantv.az\/index.php?rest_route=\/wp\/v2\/posts"}],"about":[{"href":"https:\/\/arantv.az\/index.php?rest_route=\/wp\/v2\/types\/post"}],"author":[{"embeddable":true,"href":"https:\/\/arantv.az\/index.php?rest_route=\/wp\/v2\/users\/2"}],"replies":[{"embeddable":true,"href":"https:\/\/arantv.az\/index.php?rest_route=%2Fwp%2Fv2%2Fcomments&post=96760"}],"version-history":[{"count":0,"href":"https:\/\/arantv.az\/index.php?rest_route=\/wp\/v2\/posts\/96760\/revisions"}],"wp:featuredmedia":[{"embeddable":true,"href":"https:\/\/arantv.az\/index.php?rest_route=\/wp\/v2\/media\/96761"}],"wp:attachment":[{"href":"https:\/\/arantv.az\/index.php?rest_route=%2Fwp%2Fv2%2Fmedia&parent=96760"}],"wp:term":[{"taxonomy":"category","embeddable":true,"href":"https:\/\/arantv.az\/index.php?rest_route=%2Fwp%2Fv2%2Fcategories&post=96760"},{"taxonomy":"post_tag","embeddable":true,"href":"https:\/\/arantv.az\/index.php?rest_route=%2Fwp%2Fv2%2Ftags&post=96760"}],"curies":[{"name":"wp","href":"https:\/\/api.w.org\/{rel}","templated":true}]}}