{"id":96784,"date":"2019-11-15T15:14:08","date_gmt":"2019-11-15T12:14:08","guid":{"rendered":"http:\/\/arantv.az\/?p=96784"},"modified":"2019-11-15T15:14:08","modified_gmt":"2019-11-15T12:14:08","slug":"prezident-ilham-%c9%99liyev-kaiciid-beyn%c9%99lxalq-dinl%c9%99rarasi-v%c9%99-m%c9%99d%c9%99niyy%c9%99tl%c9%99rarasi-dialoq-m%c9%99rk%c9%99zinin-bas-katibini-q%c9%99bul-edib-foto","status":"publish","type":"post","link":"https:\/\/arantv.az\/?p=96784","title":{"rendered":"Prezident \u0130lham \u018fliyev KAICIID Beyn\u0259lxalq Dinl\u0259raras\u0131 v\u0259 M\u0259d\u0259niyy\u0259tl\u0259raras\u0131 Dialoq M\u0259rk\u0259zinin Ba\u015f katibini q\u0259bul edib &#8211; FOTO"},"content":{"rendered":"<p><strong>ARANTV.AZ\u00a0<\/strong>\u00a0<a href=\"http:\/\/azertag.az\/\" target=\"_blank\" rel=\"noopener\">AZ\u018fRTAC<\/a>-a istinad\u0259n bildirir ki,\u00a0Az\u0259rbaycan Respublikas\u0131n\u0131n Prezidenti \u0130lham \u018fliyev noyabr\u0131n 15-d\u0259 KAICIID Beyn\u0259lxalq Dinl\u0259raras\u0131 v\u0259 M\u0259d\u0259niyy\u0259tl\u0259raras\u0131 Dialoq M\u0259rk\u0259zinin Ba\u015f katibi Feys\u0259l bin Muammar\u0131 q\u0259bul edib.<\/p>\n<p><em><strong>X\u0259b\u0259r yenil\u0259n\u0259c\u0259k&#8230;<\/strong><\/em><\/p>\n<h4><\/h4>\n<div class=\"article-gallery\">\n<div class=\"lSSlideOuter \">\n<div class=\"lSSlideWrapper usingCss\">\n<ul class=\"images-list lightSlider lsGrab lSSlide\">\n<li class=\"lslide active\" data-src=\"https:\/\/img.milli.az\/2019\/11\/15\/802596_01.jpg\" data-fancybox=\"802596\"><img src=\"https:\/\/img.milli.az\/2019\/11\/15\/802596_01.jpg\" alt=\"\" \/><\/li>\n<li class=\"lslide\" data-src=\"https:\/\/img.milli.az\/2019\/11\/15\/802596_02.jpg\" data-fancybox=\"802596\"><img src=\"https:\/\/img.milli.az\/2019\/11\/15\/802596_02.jpg\" alt=\"\" \/><\/li>\n<li class=\"lslide\" data-src=\"https:\/\/img.milli.az\/2019\/11\/15\/802596_03.jpg\" data-fancybox=\"802596\"><img src=\"https:\/\/img.milli.az\/2019\/11\/15\/802596_03.jpg\" alt=\"\" \/><\/li>\n<\/ul>\n<div class=\"lSAction\"><\/div>\n<\/div>\n<\/div>\n<div class=\"lSSlideOuter \">\n<div class=\"lSSlideWrapper usingCss\"><\/div>\n<\/div>\n<\/div>\n","protected":false},"excerpt":{"rendered":"<p>ARANTV.AZ\u00a0\u00a0AZ\u018fRTAC-a istinad\u0259n bildirir ki,\u00a0Az\u0259rbaycan Respublikas\u0131n\u0131n Prezidenti \u0130lham \u018fliyev noyabr\u0131n 15-d\u0259 KAICIID Beyn\u0259lxalq Dinl\u0259raras\u0131 v\u0259 M\u0259d\u0259niyy\u0259tl\u0259raras\u0131 Dialoq M\u0259rk\u0259zinin Ba\u015f katibi Feys\u0259l bin Muammar\u0131 q\u0259bul edib. X\u0259b\u0259r yenil\u0259n\u0259c\u0259k&#8230;<\/p>\n","protected":false},"author":2,"featured_media":96785,"comment_status":"closed","ping_status":"closed","sticky":false,"template":"","format":"standard","meta":{"om_disable_all_campaigns":false,"_monsterinsights_skip_tracking":false,"_monsterinsights_sitenote_active":false,"_monsterinsights_sitenote_note":"","_monsterinsights_sitenote_category":0},"categories":[4],"tags":[],"aioseo_notices":[],"gutentor_comment":0,"rttpg_featured_image_url":{"full":["https:\/\/arantv.az\/wp-content\/uploads\/2019\/11\/802596.jpg",800,600,false],"landscape":["https:\/\/arantv.az\/wp-content\/uploads\/2019\/11\/802596.jpg",800,600,false],"portraits":["https:\/\/arantv.az\/wp-content\/uploads\/2019\/11\/802596.jpg",800,600,false],"thumbnail":["https:\/\/arantv.az\/wp-content\/uploads\/2019\/11\/802596-150x150.jpg",150,150,true],"medium":["https:\/\/arantv.az\/wp-content\/uploads\/2019\/11\/802596-300x225.jpg",300,225,true],"large":["https:\/\/arantv.az\/wp-content\/uploads\/2019\/11\/802596.jpg",640,480,false],"1536x1536":["https:\/\/arantv.az\/wp-content\/uploads\/2019\/11\/802596.jpg",800,600,false],"2048x2048":["https:\/\/arantv.az\/wp-content\/uploads\/2019\/11\/802596.jpg",800,600,false],"post-thumbnail":["https:\/\/arantv.az\/wp-content\/uploads\/2019\/11\/802596-240x172.jpg",240,172,true],"advps-thumb-one":["https:\/\/arantv.az\/wp-content\/uploads\/2019\/11\/802596.jpg",800,600,false]},"rttpg_author":{"display_name":"V\u00fcsal Rafiqo\u011flu","author_link":"https:\/\/arantv.az\/?author=2"},"rttpg_comment":0,"rttpg_category":"<a href=\"https:\/\/arantv.az\/?cat=4\" rel=\"category\">Siyas\u0259t<\/a>","rttpg_excerpt":"ARANTV.AZ\u00a0\u00a0AZ\u018fRTAC-a istinad\u0259n bildirir ki,\u00a0Az\u0259rbaycan Respublikas\u0131n\u0131n Prezidenti \u0130lham \u018fliyev noyabr\u0131n 15-d\u0259 KAICIID Beyn\u0259lxalq Dinl\u0259raras\u0131 v\u0259 M\u0259d\u0259niyy\u0259tl\u0259raras\u0131 Dialoq M\u0259rk\u0259zinin Ba\u015f katibi Feys\u0259l bin Muammar\u0131 q\u0259bul edib. X\u0259b\u0259r yenil\u0259n\u0259c\u0259k&#8230;","_links":{"self":[{"href":"https:\/\/arantv.az\/index.php?rest_route=\/wp\/v2\/posts\/96784"}],"collection":[{"href":"https:\/\/arantv.az\/index.php?rest_route=\/wp\/v2\/posts"}],"about":[{"href":"https:\/\/arantv.az\/index.php?rest_route=\/wp\/v2\/types\/post"}],"author":[{"embeddable":true,"href":"https:\/\/arantv.az\/index.php?rest_route=\/wp\/v2\/users\/2"}],"replies":[{"embeddable":true,"href":"https:\/\/arantv.az\/index.php?rest_route=%2Fwp%2Fv2%2Fcomments&post=96784"}],"version-history":[{"count":0,"href":"https:\/\/arantv.az\/index.php?rest_route=\/wp\/v2\/posts\/96784\/revisions"}],"wp:featuredmedia":[{"embeddable":true,"href":"https:\/\/arantv.az\/index.php?rest_route=\/wp\/v2\/media\/96785"}],"wp:attachment":[{"href":"https:\/\/arantv.az\/index.php?rest_route=%2Fwp%2Fv2%2Fmedia&parent=96784"}],"wp:term":[{"taxonomy":"category","embeddable":true,"href":"https:\/\/arantv.az\/index.php?rest_route=%2Fwp%2Fv2%2Fcategories&post=96784"},{"taxonomy":"post_tag","embeddable":true,"href":"https:\/\/arantv.az\/index.php?rest_route=%2Fwp%2Fv2%2Ftags&post=96784"}],"curies":[{"name":"wp","href":"https:\/\/api.w.org\/{rel}","templated":true}]}}