{"id":96788,"date":"2019-11-15T15:14:52","date_gmt":"2019-11-15T12:14:52","guid":{"rendered":"http:\/\/arantv.az\/?p=96788"},"modified":"2019-11-15T15:14:52","modified_gmt":"2019-11-15T12:14:52","slug":"siyavus-novruzov-az%c9%99rbaycan-dini-konfessiyalar-arasinda-%c9%99laq%c9%99l%c9%99rin-qurulmasi-il%c9%99-sulh%c9%99-nail-olmagin-numun%c9%99sini-t%c9%99qdim-edir","status":"publish","type":"post","link":"https:\/\/arantv.az\/?p=96788","title":{"rendered":"Siyavu\u015f Novruzov: &#8220;Az\u0259rbaycan dini konfessiyalar aras\u0131nda \u0259laq\u0259l\u0259rin qurulmas\u0131 il\u0259 s\u00fclh\u0259 nail olma\u011f\u0131n n\u00fcmun\u0259sini t\u0259qdim edir&#8221;"},"content":{"rendered":"<p>&#8220;D\u00fcnya dini liderl\u0259rinin II Sammitinin Az\u0259rbaycanda ke\u00e7irilm\u0259si beyn\u0259lxalq al\u0259md\u0259 \u00f6lk\u0259miz\u0259 olan etimad\u0131n daha bir g\u00f6st\u0259ricisidir&#8221;.<\/p>\n<p><strong>ARANTV.AZ<\/strong> x\u0259b\u0259r verir ki, bunu \u00f6z\u0259l olaraq\u00a0<a href=\"https:\/\/az.trend.az\/\" target=\"_blank\" rel=\"noopener\">Trend<\/a>-\u0259 Yeni Az\u0259rbaycan Partiyas\u0131n\u0131n icra katibinin m\u00fcavini, Milli M\u0259clisin \u0130ctimai birlikl\u0259r v\u0259 dini qurumlar komit\u0259sinin s\u0259dri Siyavu\u015f Novruzov deyib.<\/p>\n<p>S.Novruzov bildirib ki, Prezident \u0130lham \u018fliyevin t\u0259dbird\u0259 i\u015ftirak\u0131 d\u00f6vl\u0259t-din m\u00fcnasib\u0259tl\u0259rind\u0259 d\u00f6vl\u0259t ba\u015f\u00e7\u0131s\u0131 t\u0259r\u0259find\u0259n bu sah\u0259y\u0259 g\u00f6st\u0259ril\u0259n diqq\u0259t v\u0259 qay\u011f\u0131n\u0131n bariz n\u00fcmun\u0259si idi:<\/p>\n<p>&#8220;Az\u0259rbaycanda qeydiyyatdan ke\u00e7mi\u015f b\u00fct\u00fcn dini icmalara eyni m\u00fcnasib\u0259t var. Az\u0259rbaycan \u00e7oxkonfessiyal\u0131, \u00e7oxmill\u0259tli bir \u00f6lk\u0259dir v\u0259 burada h\u0259r bir insan\u0131n h\u00fcquqlar\u0131 Konstitusiya il\u0259 m\u00fcdafi\u0259 olunur.<\/p>\n<p>Bu c\u00fcr m\u00f6t\u0259b\u0259r t\u0259dbirin Az\u0259rbaycanda ke\u00e7irilm\u0259si birinci hal deyil. Az\u0259rbaycan h\u0259mi\u015f\u0259 bel\u0259 t\u0259dbirl\u0259r\u0259 ev sahibliyi edir v\u0259 ayr\u0131-ayr\u0131 d\u00f6vl\u0259tl\u0259rd\u0259n g\u0259l\u0259n din xadiml\u0259ri d\u0259 m\u0259mnuniyy\u0259tl\u0259 bel\u0259 t\u0259dbirl\u0259rd\u0259 i\u015ftirak edirl\u0259r. Birincisi, t\u0259\u015fkilat\u00e7\u0131l\u0131q s\u0259viyy\u0259si \u00e7ox y\u00fcks\u0259kdir. \u0130kincisi, dinl\u0259r aras\u0131nda m\u00fcnasib\u0259tl\u0259r tam \u015f\u0259kild\u0259 d\u00fcnyaya \u00f6rn\u0259k olunacaq bir v\u0259ziyy\u0259td\u0259dir.<\/p>\n<p>O c\u00fcml\u0259d\u0259n, Az\u0259rbaycanda dini azadl\u0131qlar da y\u00fcks\u0259k s\u0259viyy\u0259d\u0259 t\u0259min olunur. Bu bax\u0131mdan da Az\u0259rbaycan n\u0259 vaxt bel\u0259 t\u0259dbir\u0259 ev sahibliyi etm\u0259k ist\u0259yirs\u0259, d\u0259rhal raz\u0131l\u0131q al\u0131r. M\u0259n bu sah\u0259 \u00fczr\u0259 ba\u015fqa \u00f6lk\u0259l\u0259rd\u0259 beyn\u0259lxalq konfranslarda i\u015ftirak etmi\u015f\u0259m v\u0259 h\u0259mi\u015f\u0259 Az\u0259rbaycan n\u00fcmun\u0259 g\u00f6st\u0259rilib&#8221;.<\/p>\n<p>Deputat vur\u011fulay\u0131b ki, Prezident t\u0259r\u0259fid\u0259n b\u00fct\u00fcn dini konfessiyalara eyni qaydada v\u0259sait ayr\u0131l\u0131r: &#8220;M\u0259scidl\u0259r\u0259, senaqoqlara, kils\u0259l\u0259r\u0259 eyni m\u00fcnasib\u0259t g\u00f6st\u0259rilir. Sammitd\u0259 ayr\u0131-ayr\u0131 b\u00f6lm\u0259l\u0259rd\u0259 apar\u0131lan m\u00fczakir\u0259l\u0259rd\u0259 Erm\u0259nistan-Az\u0259rbaycan Da\u011fl\u0131q Qaraba\u011f m\u00fcnaqi\u015f\u0259si v\u0259 onun f\u0259sadlar\u0131 haqq\u0131nda dan\u0131\u015f\u0131ld\u0131. Eyni zamanda, c\u0259nab Prezident \u0130lham \u018fliyev Sammitd\u0259 \u00e7\u0131x\u0131\u015f\u0131 zaman qeyd etdi ki, Az\u0259rbaycan\u0131n i\u015f\u011fal olunmu\u015f \u0259razil\u0259rind\u0259 b\u00fct\u00fcn m\u0259d\u0259ni v\u0259 dini abid\u0259l\u0259ri, ziyar\u0259tgahlar\u0131 da\u011f\u0131d\u0131l\u0131b.<\/p>\n<p>H\u0259m\u00e7inin, Az\u0259rbaycan\u0131n muzeyl\u0259ri v\u0259 m\u00fcxt\u0259lif m\u0259d\u0259ni s\u0259rv\u0259tl\u0259ri erm\u0259ni barbarlar\u0131 t\u0259r\u0259find\u0259n da\u011f\u0131d\u0131l\u0131b. B\u00fct\u00fcn bunlar bir daha onu g\u00f6st\u0259rir ki, erm\u0259nil\u0259r Az\u0259rbaycana qar\u015f\u0131 t\u0259kc\u0259 i\u015f\u011fal\u00e7\u0131l\u0131q, etnik t\u0259mizl\u0259m\u0259 deyil, eyni zamanda dini ayr\u0131-se\u00e7kilik siyas\u0259ti d\u0259 apar\u0131rlar. Bu bax\u0131mdan, bel\u0259 t\u0259dbirl\u0259rin \u0259h\u0259miyy\u0259ti b\u00f6y\u00fckd\u00fcr. D\u00fcnyan\u0131n g\u00f6z\u00fc Az\u0259rbaycandad\u0131r. D\u00fcnyada ara qar\u0131\u015fd\u0131rma\u011f\u0131n yollar\u0131ndan biri d\u0259 dini konfessiyalar aras\u0131nda g\u0259rginlik yaratmaqd\u0131r. Lakin Az\u0259rbaycan h\u0259min \u00f6lk\u0259l\u0259rd\u0259n f\u0259rqli olaraq dini konfessiyalar aras\u0131nda \u0259laq\u0259l\u0259rin qurulmas\u0131 il\u0259 s\u00fclh\u0259 nail olma\u011f\u0131n n\u00fcmun\u0259sini t\u0259qdim edir&#8221;.<\/p>\n<p>Qeyd ed\u0259k ki, Az\u0259rbaycan Respublikas\u0131n\u0131n Prezidenti \u0130lham \u018fliyevin 11 aprel 2019-cu il tarixli s\u0259r\u0259ncam\u0131 il\u0259 bu ilin 14-15 noyabr tarixl\u0259rind\u0259 \u015eeyx\u00fclislam Allah\u015f\u00fck\u00fcr Pa\u015fazad\u0259nin anadan olmas\u0131n\u0131n 70 illiyi il\u0259 ba\u011fl\u0131 yubiley t\u0259dbirl\u0259ri \u00e7\u0259r\u00e7iv\u0259sind\u0259 D\u00fcnya dini liderl\u0259rinin II Bak\u0131 Sammitinin ke\u00e7irilm\u0259sin\u0259 q\u0259rar verilib. Sammit\u0259 d\u00fcnyan\u0131n 56 \u00f6lk\u0259sind\u0259n 500-\u0259 yax\u0131n i\u015ftirak\u00e7\u0131 qat\u0131l\u0131b.<\/p>\n<p>\u0130kig\u00fcnl\u00fck Sammitd\u0259 &#8220;Multikulturalizm, tolerantl\u0131q v\u0259 dinl\u0259raras\u0131 h\u0259mr\u0259yliyin t\u0259\u015fviqind\u0259 Az\u0259rbaycan d\u00f6vl\u0259tinin n\u00fcmun\u0259vi rolu&#8221;, &#8220;\u015eeyx\u00fclislam Allah\u015f\u00fck\u00fcr Pa\u015fazad\u0259nin dini r\u0259hb\u0259r v\u0259 ictimai xadim kimi sivilizasiyalararas\u0131 v\u0259 dinl\u0259raras\u0131 \u0259m\u0259kda\u015fl\u0131\u011f\u0131n inki\u015faf\u0131na t\u00f6hf\u0259si&#8221;, &#8220;Dini liderl\u0259r terrorizm, t\u0259cav\u00fczkarl\u0131q, ksenofobiya, islamofobiya, antisemitizm v\u0259 xristianofobiya \u0259leyhin\u0259&#8221;, &#8220;Qad\u0131n v\u0259 u\u015faq haqlar\u0131n\u0131n qorunmas\u0131, g\u0259ncl\u0259rin maarifl\u0259ndirilm\u0259sind\u0259 dini liderl\u0259rin, d\u00f6vl\u0259t, elm v\u0259 ictimai xadiml\u0259rin birg\u0259 f\u0259aliyy\u0259tinin \u0259h\u0259miyy\u0259ti&#8221; m\u00f6vzular\u0131 \u0259traf\u0131nda m\u00fczakir\u0259l\u0259r apar\u0131l\u0131b.<\/p>\n<p>Sammitin yekunlar\u0131na dair Bak\u0131 B\u0259yannam\u0259si q\u0259bul olunub.<\/p>\n","protected":false},"excerpt":{"rendered":"<p>&#8220;D\u00fcnya dini liderl\u0259rinin II Sammitinin Az\u0259rbaycanda ke\u00e7irilm\u0259si beyn\u0259lxalq al\u0259md\u0259 \u00f6lk\u0259miz\u0259 olan etimad\u0131n daha bir g\u00f6st\u0259ricisidir&#8221;. ARANTV.AZ x\u0259b\u0259r verir ki, bunu \u00f6z\u0259l olaraq\u00a0Trend-\u0259 Yeni Az\u0259rbaycan Partiyas\u0131n\u0131n icra katibinin m\u00fcavini, Milli M\u0259clisin \u0130ctimai birlikl\u0259r v\u0259 dini qurumlar komit\u0259sinin s\u0259dri Siyavu\u015f Novruzov deyib. S.Novruzov bildirib ki, Prezident \u0130lham \u018fliyevin t\u0259dbird\u0259 i\u015ftirak\u0131 d\u00f6vl\u0259t-din m\u00fcnasib\u0259tl\u0259rind\u0259 d\u00f6vl\u0259t ba\u015f\u00e7\u0131s\u0131 t\u0259r\u0259find\u0259n bu sah\u0259y\u0259 g\u00f6st\u0259ril\u0259n diqq\u0259t v\u0259 qay\u011f\u0131n\u0131n bariz n\u00fcmun\u0259si idi: &#8220;Az\u0259rbaycanda qeydiyyatdan ke\u00e7mi\u015f b\u00fct\u00fcn dini icmalara eyni m\u00fcnasib\u0259t var. Az\u0259rbaycan \u00e7oxkonfessiyal\u0131, \u00e7oxmill\u0259tli bir \u00f6lk\u0259dir v\u0259 burada h\u0259r bir insan\u0131n h\u00fcquqlar\u0131 Konstitusiya il\u0259 m\u00fcdafi\u0259 olunur. Bu c\u00fcr m\u00f6t\u0259b\u0259r t\u0259dbirin&hellip;<\/p>\n","protected":false},"author":2,"featured_media":96789,"comment_status":"closed","ping_status":"closed","sticky":false,"template":"","format":"standard","meta":{"om_disable_all_campaigns":false,"_monsterinsights_skip_tracking":false,"_monsterinsights_sitenote_active":false,"_monsterinsights_sitenote_note":"","_monsterinsights_sitenote_category":0},"categories":[4],"tags":[],"aioseo_notices":[],"gutentor_comment":0,"rttpg_featured_image_url":{"full":["https:\/\/arantv.az\/wp-content\/uploads\/2019\/11\/802593.jpg",800,600,false],"landscape":["https:\/\/arantv.az\/wp-content\/uploads\/2019\/11\/802593.jpg",800,600,false],"portraits":["https:\/\/arantv.az\/wp-content\/uploads\/2019\/11\/802593.jpg",800,600,false],"thumbnail":["https:\/\/arantv.az\/wp-content\/uploads\/2019\/11\/802593-150x150.jpg",150,150,true],"medium":["https:\/\/arantv.az\/wp-content\/uploads\/2019\/11\/802593-300x225.jpg",300,225,true],"large":["https:\/\/arantv.az\/wp-content\/uploads\/2019\/11\/802593.jpg",640,480,false],"1536x1536":["https:\/\/arantv.az\/wp-content\/uploads\/2019\/11\/802593.jpg",800,600,false],"2048x2048":["https:\/\/arantv.az\/wp-content\/uploads\/2019\/11\/802593.jpg",800,600,false],"post-thumbnail":["https:\/\/arantv.az\/wp-content\/uploads\/2019\/11\/802593-240x172.jpg",240,172,true],"advps-thumb-one":["https:\/\/arantv.az\/wp-content\/uploads\/2019\/11\/802593.jpg",800,600,false]},"rttpg_author":{"display_name":"V\u00fcsal Rafiqo\u011flu","author_link":"https:\/\/arantv.az\/?author=2"},"rttpg_comment":0,"rttpg_category":"<a href=\"https:\/\/arantv.az\/?cat=4\" rel=\"category\">Siyas\u0259t<\/a>","rttpg_excerpt":"&#8220;D\u00fcnya dini liderl\u0259rinin II Sammitinin Az\u0259rbaycanda ke\u00e7irilm\u0259si beyn\u0259lxalq al\u0259md\u0259 \u00f6lk\u0259miz\u0259 olan etimad\u0131n daha bir g\u00f6st\u0259ricisidir&#8221;. ARANTV.AZ x\u0259b\u0259r verir ki, bunu \u00f6z\u0259l olaraq\u00a0Trend-\u0259 Yeni Az\u0259rbaycan Partiyas\u0131n\u0131n icra katibinin m\u00fcavini, Milli M\u0259clisin \u0130ctimai birlikl\u0259r v\u0259 dini qurumlar komit\u0259sinin s\u0259dri Siyavu\u015f Novruzov deyib. S.Novruzov bildirib ki, Prezident \u0130lham \u018fliyevin t\u0259dbird\u0259 i\u015ftirak\u0131 d\u00f6vl\u0259t-din m\u00fcnasib\u0259tl\u0259rind\u0259 d\u00f6vl\u0259t ba\u015f\u00e7\u0131s\u0131 t\u0259r\u0259find\u0259n bu sah\u0259y\u0259&hellip;","_links":{"self":[{"href":"https:\/\/arantv.az\/index.php?rest_route=\/wp\/v2\/posts\/96788"}],"collection":[{"href":"https:\/\/arantv.az\/index.php?rest_route=\/wp\/v2\/posts"}],"about":[{"href":"https:\/\/arantv.az\/index.php?rest_route=\/wp\/v2\/types\/post"}],"author":[{"embeddable":true,"href":"https:\/\/arantv.az\/index.php?rest_route=\/wp\/v2\/users\/2"}],"replies":[{"embeddable":true,"href":"https:\/\/arantv.az\/index.php?rest_route=%2Fwp%2Fv2%2Fcomments&post=96788"}],"version-history":[{"count":0,"href":"https:\/\/arantv.az\/index.php?rest_route=\/wp\/v2\/posts\/96788\/revisions"}],"wp:featuredmedia":[{"embeddable":true,"href":"https:\/\/arantv.az\/index.php?rest_route=\/wp\/v2\/media\/96789"}],"wp:attachment":[{"href":"https:\/\/arantv.az\/index.php?rest_route=%2Fwp%2Fv2%2Fmedia&parent=96788"}],"wp:term":[{"taxonomy":"category","embeddable":true,"href":"https:\/\/arantv.az\/index.php?rest_route=%2Fwp%2Fv2%2Fcategories&post=96788"},{"taxonomy":"post_tag","embeddable":true,"href":"https:\/\/arantv.az\/index.php?rest_route=%2Fwp%2Fv2%2Ftags&post=96788"}],"curies":[{"name":"wp","href":"https:\/\/api.w.org\/{rel}","templated":true}]}}