{"id":96800,"date":"2019-11-15T15:30:58","date_gmt":"2019-11-15T12:30:58","guid":{"rendered":"http:\/\/arantv.az\/?p=96800"},"modified":"2019-11-15T15:30:58","modified_gmt":"2019-11-15T12:30:58","slug":"icra-bascisi-s%c9%99hid-ail%c9%99sinin-evind%c9%99-oldu-foto","status":"publish","type":"post","link":"https:\/\/arantv.az\/?p=96800","title":{"rendered":"\u0130cra ba\u015f\u00e7\u0131s\u0131 \u015f\u0259hid ail\u0259sinin evind\u0259 oldu &#8211; FOTO"},"content":{"rendered":"<div class=\"row\">\n<div class=\"post single\">\n<div class=\"post_content page_margin_top_section clearfix\">\n<div class=\"content_box\">\n<div class=\"text\">\n<p><strong>S\u0259bail rayonun Bay\u0131l ya\u015fay\u0131\u015f sah\u0259si, G.\u018fliyev k\u00fc\u00e7\u0259si, ev 2 \u00fcnvan\u0131nda S\u0259bail Rayon \u0130cra Hakimiyy\u0259tinin ba\u015f\u00e7\u0131s\u0131 V\u00fcqar Zeynalov 1994-c\u00fc ilin fevral ay\u0131nda F\u00fczuli rayonu \u0259razisind\u0259 ged\u0259n d\u00f6y\u00fc\u015fl\u0259rd\u0259 \u015f\u0259hid olmu\u015f Nuriyev N\u00fcr\u0259ddin Azad o\u011flunun ail\u0259 \u00fczvl\u0259ri il\u0259 g\u00f6r\u00fc\u015f\u00fcb.<\/strong><\/p>\n<p><strong>ARANTV.AZ<\/strong>\u00a0 x\u0259b\u0259r verir ki, g\u00f6r\u00fc\u015fd\u0259 S\u0259bail R\u0130H ba\u015f\u00e7\u0131s\u0131 V\u00fcqar Zeynalov \u015f\u0259hid ail\u0259l\u0259rinin v\u0259 m\u00fcharib\u0259 \u0259lill\u0259rinin sosial m\u00fcdafi\u0259sinin g\u00fccl\u0259ndirilm\u0259sinin v\u0259 rifah hal\u0131n\u0131n yax\u015f\u0131la\u015fd\u0131r\u0131lmas\u0131n\u0131n Az\u0259rbaycan Respublikas\u0131n\u0131n Prezidenti c\u0259nab \u0130lham \u018fliyevin sosial siyas\u0259tinin \u0259sas istiqam\u0259tl\u0259rind\u0259n biri oldu\u011funu bildirmi\u015fdir: \u201c\u00dcmumiyy\u0259tl\u0259, \u015f\u0259hid ail\u0259l\u0259rin\u0259 d\u00f6vl\u0259t qay\u011f\u0131s\u0131n\u0131n g\u00f6st\u0259rilm\u0259si Az\u0259rbaycan\u0131n daxili siyas\u0259tind\u0259 prioritetdir. Bu, \u00dcmummilli liderimiz Heyd\u0259r \u018fliyevin m\u00fc\u0259yy\u0259nl\u0259\u015fdirdiyi siyasi-m\u0259n\u0259vi yoldur. \u00dcmummilli liderimiz Heyd\u0259r \u018fliyevin siyas\u0259tind\u0259 \u015f\u0259hid ail\u0259l\u0259rin\u0259 d\u00f6vl\u0259t qay\u011f\u0131s\u0131 x\u00fcsusi yer tutmu\u015fdur. Haz\u0131rda Az\u0259rbaycan Respublikas\u0131n\u0131n Prezidenti c\u0259nab \u0130lham \u018fliyev t\u0259r\u0259find\u0259n bu siyas\u0259t u\u011furla davam etdirilir. 2003-c\u00fc ild\u0259n indiy\u0259 q\u0259d\u0259r bu istiqam\u0259td\u0259 g\u00f6r\u00fcl\u0259n i\u015fl\u0259r bunu s\u00fcbut edir. Bilirsiniz ki, \u00f6t\u0259n il ke\u00e7irilmi\u015f prezident se\u00e7kil\u0259rind\u0259n sonra d\u00f6vl\u0259t ba\u015f\u00e7\u0131s\u0131 \u0130lham \u018fliyevin imzalad\u0131\u011f\u0131 ilk F\u0259rman \u015f\u0259hid ail\u0259l\u0259ri il\u0259 ba\u011fl\u0131 oldu. Y\u0259ni, Prezident \u0130lham \u018fliyevin r\u0259hb\u0259rliyi il\u0259 \u00f6lk\u0259mizd\u0259 \u015f\u0259hid ail\u0259l\u0259rin\u0259 h\u0259rt\u0259r\u0259fli diqq\u0259t v\u0259 qay\u011f\u0131 g\u00f6st\u0259rilir. \u0130ndiy\u0259 q\u0259d\u0259r 7 min\u0259 q\u0259d\u0259r \u015f\u0259hid ail\u0259si m\u0259nzill\u0259 t\u0259min olunub. \u015e\u0259hid \u00f6vladlar\u0131n\u0131n t\u0259hsil haqlar\u0131 d\u00f6vl\u0259t t\u0259r\u0259find\u0259n \u00f6d\u0259nilir, \u015f\u0259hid ail\u0259l\u0259rin\u0259 g\u00fcz\u0259\u015ftli ipoteka kreditl\u0259ri, torpaq sah\u0259l\u0259ri, onlara m\u00fcavin\u0259t, pensiya il\u0259 yana\u015f\u0131 Prezident t\u0259qa\u00fcd\u00fc verilir. Eyni zamanda, \u015f\u0259hid ad\u0131n\u0131n \u0259b\u0259dil\u0259\u015fdirilm\u0259si il\u0259 ba\u011fl\u0131 add\u0131mlar at\u0131l\u0131r\u201d.<\/p>\n<p>\u015e\u0259hidin ail\u0259 \u00fczvl\u0259ri Az\u0259rbaycan Respublikas\u0131n\u0131n Prezidenti c\u0259nab \u0130lham \u018fliyevin \u015f\u0259hid ail\u0259l\u0259ri v\u0259 m\u00fcharib\u0259 \u0259lill\u0259rinin rifah hal\u0131n\u0131n yax\u015f\u0131la\u015fd\u0131r\u0131lmas\u0131 m\u0259qs\u0259dil\u0259 imzalad\u0131\u011f\u0131 f\u0259rman v\u0259 s\u0259r\u0259ncamlardan m\u0259mnunluq ifad\u0259 etdikl\u0259rini, bu kateqoriyadan olan v\u0259t\u0259nda\u015flara g\u00f6st\u0259ril\u0259n diqq\u0259t v\u0259 qay\u011f\u0131ya g\u00f6r\u0259 \u00f6lk\u0259 ba\u015f\u00e7\u0131m\u0131za v\u0259 Birinci vitse-prezidentimiz xan\u0131m Mehriban \u018fliyevaya minn\u0259tdarl\u0131qlar\u0131n\u0131 bildirib, d\u00f6vl\u0259timizin ba\u015f\u00e7\u0131s\u0131n\u0131n h\u0259yata ke\u00e7irdiyi siyasi kursa birm\u0259nal\u0131 d\u0259st\u0259k verdikl\u0259rini vur\u011fulay\u0131b.Publika.az<\/p>\n<\/div>\n<\/div>\n<\/div>\n<div class=\"social_like\">\n<div>\n<div class=\"fb-like fb_iframe_widget\" data-href=\"\" data-layout=\"button_count\" data-action=\"recommend\" data-size=\"small\" data-show-faces=\"false\" data-share=\"false\"><\/div>\n<\/div>\n<div><\/div>\n<\/div>\n<\/div>\n<\/div>\n<div class=\"row page_margin_top\">\n<div id=\"news_media_gallery\" class=\"eagle-gallery img600 in as1\">\n<div class=\"eagle-medium-wrap\">\n<div class=\"scale-ico\"><\/div>\n<p><a class=\"eagle-view-medium-img\"><img src=\"https:\/\/publika.az\/storage\/2019\/11\/15\/01_741.jpg\" alt=\"\" \/><\/a><\/div>\n<div class=\"owl-carousel mini-slider\">\n<div class=\"owl-wrapper-outer\">\n<div class=\"owl-wrapper\">\n<div class=\"owl-item\"><img src=\"https:\/\/publika.az\/storage\/2019\/11\/15\/250x250f\/02_404.jpg\" alt=\"\" data-medium-img=\"https:\/\/publika.az\/storage\/2019\/11\/15\/02_404.jpg\" data-big-img=\"https:\/\/publika.az\/storage\/2019\/11\/15\/02_404.jpg\" data-title=\"\" \/><\/div>\n<div class=\"owl-item active\"><\/div>\n<\/div>\n<\/div>\n<\/div>\n<\/div>\n<\/div>\n","protected":false},"excerpt":{"rendered":"<p>S\u0259bail rayonun Bay\u0131l ya\u015fay\u0131\u015f sah\u0259si, G.\u018fliyev k\u00fc\u00e7\u0259si, ev 2 \u00fcnvan\u0131nda S\u0259bail Rayon \u0130cra Hakimiyy\u0259tinin ba\u015f\u00e7\u0131s\u0131 V\u00fcqar Zeynalov 1994-c\u00fc ilin fevral ay\u0131nda F\u00fczuli rayonu \u0259razisind\u0259 ged\u0259n d\u00f6y\u00fc\u015fl\u0259rd\u0259 \u015f\u0259hid olmu\u015f Nuriyev N\u00fcr\u0259ddin Azad o\u011flunun ail\u0259 \u00fczvl\u0259ri il\u0259 g\u00f6r\u00fc\u015f\u00fcb. ARANTV.AZ\u00a0 x\u0259b\u0259r verir ki, g\u00f6r\u00fc\u015fd\u0259 S\u0259bail R\u0130H ba\u015f\u00e7\u0131s\u0131 V\u00fcqar Zeynalov \u015f\u0259hid ail\u0259l\u0259rinin v\u0259 m\u00fcharib\u0259 \u0259lill\u0259rinin sosial m\u00fcdafi\u0259sinin g\u00fccl\u0259ndirilm\u0259sinin v\u0259 rifah hal\u0131n\u0131n yax\u015f\u0131la\u015fd\u0131r\u0131lmas\u0131n\u0131n Az\u0259rbaycan Respublikas\u0131n\u0131n Prezidenti c\u0259nab \u0130lham \u018fliyevin sosial siyas\u0259tinin \u0259sas istiqam\u0259tl\u0259rind\u0259n biri oldu\u011funu bildirmi\u015fdir: \u201c\u00dcmumiyy\u0259tl\u0259, \u015f\u0259hid ail\u0259l\u0259rin\u0259 d\u00f6vl\u0259t qay\u011f\u0131s\u0131n\u0131n g\u00f6st\u0259rilm\u0259si Az\u0259rbaycan\u0131n daxili siyas\u0259tind\u0259 prioritetdir. Bu, \u00dcmummilli liderimiz Heyd\u0259r \u018fliyevin m\u00fc\u0259yy\u0259nl\u0259\u015fdirdiyi siyasi-m\u0259n\u0259vi yoldur. \u00dcmummilli&hellip;<\/p>\n","protected":false},"author":2,"featured_media":96801,"comment_status":"closed","ping_status":"closed","sticky":false,"template":"","format":"standard","meta":{"om_disable_all_campaigns":false,"_monsterinsights_skip_tracking":false,"_monsterinsights_sitenote_active":false,"_monsterinsights_sitenote_note":"","_monsterinsights_sitenote_category":0},"categories":[1],"tags":[],"aioseo_notices":[],"gutentor_comment":0,"rttpg_featured_image_url":{"full":["https:\/\/arantv.az\/wp-content\/uploads\/2019\/11\/01_741.jpg",800,450,false],"landscape":["https:\/\/arantv.az\/wp-content\/uploads\/2019\/11\/01_741.jpg",800,450,false],"portraits":["https:\/\/arantv.az\/wp-content\/uploads\/2019\/11\/01_741.jpg",800,450,false],"thumbnail":["https:\/\/arantv.az\/wp-content\/uploads\/2019\/11\/01_741-150x150.jpg",150,150,true],"medium":["https:\/\/arantv.az\/wp-content\/uploads\/2019\/11\/01_741-300x169.jpg",300,169,true],"large":["https:\/\/arantv.az\/wp-content\/uploads\/2019\/11\/01_741.jpg",640,360,false],"1536x1536":["https:\/\/arantv.az\/wp-content\/uploads\/2019\/11\/01_741.jpg",800,450,false],"2048x2048":["https:\/\/arantv.az\/wp-content\/uploads\/2019\/11\/01_741.jpg",800,450,false],"post-thumbnail":["https:\/\/arantv.az\/wp-content\/uploads\/2019\/11\/01_741-240x172.jpg",240,172,true],"advps-thumb-one":["https:\/\/arantv.az\/wp-content\/uploads\/2019\/11\/01_741.jpg",800,450,false]},"rttpg_author":{"display_name":"V\u00fcsal Rafiqo\u011flu","author_link":"https:\/\/arantv.az\/?author=2"},"rttpg_comment":0,"rttpg_category":"<a href=\"https:\/\/arantv.az\/?cat=1\" rel=\"category\">C\u0259miyy\u0259t<\/a>","rttpg_excerpt":"S\u0259bail rayonun Bay\u0131l ya\u015fay\u0131\u015f sah\u0259si, G.\u018fliyev k\u00fc\u00e7\u0259si, ev 2 \u00fcnvan\u0131nda S\u0259bail Rayon \u0130cra Hakimiyy\u0259tinin ba\u015f\u00e7\u0131s\u0131 V\u00fcqar Zeynalov 1994-c\u00fc ilin fevral ay\u0131nda F\u00fczuli rayonu \u0259razisind\u0259 ged\u0259n d\u00f6y\u00fc\u015fl\u0259rd\u0259 \u015f\u0259hid olmu\u015f Nuriyev N\u00fcr\u0259ddin Azad o\u011flunun ail\u0259 \u00fczvl\u0259ri il\u0259 g\u00f6r\u00fc\u015f\u00fcb. ARANTV.AZ\u00a0 x\u0259b\u0259r verir ki, g\u00f6r\u00fc\u015fd\u0259 S\u0259bail R\u0130H ba\u015f\u00e7\u0131s\u0131 V\u00fcqar Zeynalov \u015f\u0259hid ail\u0259l\u0259rinin v\u0259 m\u00fcharib\u0259 \u0259lill\u0259rinin sosial m\u00fcdafi\u0259sinin g\u00fccl\u0259ndirilm\u0259sinin v\u0259&hellip;","_links":{"self":[{"href":"https:\/\/arantv.az\/index.php?rest_route=\/wp\/v2\/posts\/96800"}],"collection":[{"href":"https:\/\/arantv.az\/index.php?rest_route=\/wp\/v2\/posts"}],"about":[{"href":"https:\/\/arantv.az\/index.php?rest_route=\/wp\/v2\/types\/post"}],"author":[{"embeddable":true,"href":"https:\/\/arantv.az\/index.php?rest_route=\/wp\/v2\/users\/2"}],"replies":[{"embeddable":true,"href":"https:\/\/arantv.az\/index.php?rest_route=%2Fwp%2Fv2%2Fcomments&post=96800"}],"version-history":[{"count":0,"href":"https:\/\/arantv.az\/index.php?rest_route=\/wp\/v2\/posts\/96800\/revisions"}],"wp:featuredmedia":[{"embeddable":true,"href":"https:\/\/arantv.az\/index.php?rest_route=\/wp\/v2\/media\/96801"}],"wp:attachment":[{"href":"https:\/\/arantv.az\/index.php?rest_route=%2Fwp%2Fv2%2Fmedia&parent=96800"}],"wp:term":[{"taxonomy":"category","embeddable":true,"href":"https:\/\/arantv.az\/index.php?rest_route=%2Fwp%2Fv2%2Fcategories&post=96800"},{"taxonomy":"post_tag","embeddable":true,"href":"https:\/\/arantv.az\/index.php?rest_route=%2Fwp%2Fv2%2Ftags&post=96800"}],"curies":[{"name":"wp","href":"https:\/\/api.w.org\/{rel}","templated":true}]}}