{"id":96804,"date":"2019-11-15T15:32:07","date_gmt":"2019-11-15T12:32:07","guid":{"rendered":"http:\/\/arantv.az\/?p=96804"},"modified":"2019-11-15T15:32:07","modified_gmt":"2019-11-15T12:32:07","slug":"prezident-feys%c9%99l-bin-muammarla-gorusdu-foto","status":"publish","type":"post","link":"https:\/\/arantv.az\/?p=96804","title":{"rendered":"Prezident Feys\u0259l bin Muammarla g\u00f6r\u00fc\u015fd\u00fc &#8211; FOTO"},"content":{"rendered":"<p>Az\u0259rbaycan Respublikas\u0131n\u0131n Prezidenti \u0130lham \u018fliyev noyabr\u0131n 15-d\u0259 KAICIID Beyn\u0259lxalq Dinl\u0259raras\u0131 v\u0259 M\u0259d\u0259niyy\u0259tl\u0259raras\u0131 Dialoq M\u0259rk\u0259zinin Ba\u015f katibi Feys\u0259l bin Muammar\u0131 q\u0259bul edib.<\/p>\n<div id=\"AdviadNativeVideo0\" class=\"AdviadNativeVideo\"><\/div>\n<p>Bununla ba\u011fl\u0131\u00a0<a href=\"https:\/\/azertag.az\/xeber\/Prezident_Ilham_Aliyev_KAICIID_Beynelxalq_Dinlerarasi_ve_Medeniyyetlerarasi_Dialoq_Merkezinin_Bas_katibini_qebul_edib_YENILANACAK-1355513\" target=\"_blank\" rel=\"noopener\">AZ\u018fRTAC<\/a>\u00a0m\u0259lumat yay\u0131b.<\/p>\n<div class=\"gallery\">\n<div class=\"gallery-i\"><img src=\"https:\/\/assets.oxu.az\/uploads\/W1siZiIsIjIwMTkvMTEvMTUvMTYvMTcvNDkvYzM0Zjk4ZTUtNzdiMC00Njk4LWEwY2YtZDRjNDVmMzNhYWVlLzE1NzM4MjAwNjQyMTkzODk5NzNfMTAwMHg2NjkuanBnIl0sWyJwIiwiZW5jb2RlIiwianBnIiwiLXF1YWxpdHkgODAiXSxbInAiLCJ0aHVtYiIsIjU5MHg1OTBcdTAwM2UiXV0?sha=fa6c2a1cf11911b5\" alt=\"\" \/><\/p>\n<div class=\"gallery-i-caption\"><\/div>\n<\/div>\n<div class=\"gallery-i\"><img src=\"https:\/\/assets.oxu.az\/uploads\/W1siZiIsIjIwMTkvMTEvMTUvMTYvMTcvNTIvY2EwYTE1MzctYmQyZi00MTgxLTgzMmMtMjYxODg4ZTNmM2NlLzE1NzM4MjAwNjQyOTEyNTQ2MzI0XzEwMDB4NjY5LmpwZyJdLFsicCIsImVuY29kZSIsImpwZyIsIi1xdWFsaXR5IDgwIl0sWyJwIiwidGh1bWIiLCI1OTB4NTkwXHUwMDNlIl1d?sha=b8d1aab3d992ddb3\" alt=\"\" \/><\/div>\n<\/div>\n","protected":false},"excerpt":{"rendered":"<p>Az\u0259rbaycan Respublikas\u0131n\u0131n Prezidenti \u0130lham \u018fliyev noyabr\u0131n 15-d\u0259 KAICIID Beyn\u0259lxalq Dinl\u0259raras\u0131 v\u0259 M\u0259d\u0259niyy\u0259tl\u0259raras\u0131 Dialoq M\u0259rk\u0259zinin Ba\u015f katibi Feys\u0259l bin Muammar\u0131 q\u0259bul edib. Bununla ba\u011fl\u0131\u00a0AZ\u018fRTAC\u00a0m\u0259lumat yay\u0131b.<\/p>\n","protected":false},"author":2,"featured_media":96805,"comment_status":"closed","ping_status":"closed","sticky":false,"template":"","format":"standard","meta":{"om_disable_all_campaigns":false,"_monsterinsights_skip_tracking":false,"_monsterinsights_sitenote_active":false,"_monsterinsights_sitenote_note":"","_monsterinsights_sitenote_category":0},"categories":[4],"tags":[],"aioseo_notices":[],"gutentor_comment":0,"rttpg_featured_image_url":{"full":["https:\/\/arantv.az\/wp-content\/uploads\/2019\/11\/15738200642327730674_1000x669.jpg",620,400,false],"landscape":["https:\/\/arantv.az\/wp-content\/uploads\/2019\/11\/15738200642327730674_1000x669.jpg",620,400,false],"portraits":["https:\/\/arantv.az\/wp-content\/uploads\/2019\/11\/15738200642327730674_1000x669.jpg",620,400,false],"thumbnail":["https:\/\/arantv.az\/wp-content\/uploads\/2019\/11\/15738200642327730674_1000x669-150x150.jpg",150,150,true],"medium":["https:\/\/arantv.az\/wp-content\/uploads\/2019\/11\/15738200642327730674_1000x669-300x194.jpg",300,194,true],"large":["https:\/\/arantv.az\/wp-content\/uploads\/2019\/11\/15738200642327730674_1000x669.jpg",620,400,false],"1536x1536":["https:\/\/arantv.az\/wp-content\/uploads\/2019\/11\/15738200642327730674_1000x669.jpg",620,400,false],"2048x2048":["https:\/\/arantv.az\/wp-content\/uploads\/2019\/11\/15738200642327730674_1000x669.jpg",620,400,false],"post-thumbnail":["https:\/\/arantv.az\/wp-content\/uploads\/2019\/11\/15738200642327730674_1000x669-240x172.jpg",240,172,true],"advps-thumb-one":["https:\/\/arantv.az\/wp-content\/uploads\/2019\/11\/15738200642327730674_1000x669.jpg",620,400,false]},"rttpg_author":{"display_name":"V\u00fcsal Rafiqo\u011flu","author_link":"https:\/\/arantv.az\/?author=2"},"rttpg_comment":0,"rttpg_category":"<a href=\"https:\/\/arantv.az\/?cat=4\" rel=\"category\">Siyas\u0259t<\/a>","rttpg_excerpt":"Az\u0259rbaycan Respublikas\u0131n\u0131n Prezidenti \u0130lham \u018fliyev noyabr\u0131n 15-d\u0259 KAICIID Beyn\u0259lxalq Dinl\u0259raras\u0131 v\u0259 M\u0259d\u0259niyy\u0259tl\u0259raras\u0131 Dialoq M\u0259rk\u0259zinin Ba\u015f katibi Feys\u0259l bin Muammar\u0131 q\u0259bul edib. Bununla ba\u011fl\u0131\u00a0AZ\u018fRTAC\u00a0m\u0259lumat yay\u0131b.","_links":{"self":[{"href":"https:\/\/arantv.az\/index.php?rest_route=\/wp\/v2\/posts\/96804"}],"collection":[{"href":"https:\/\/arantv.az\/index.php?rest_route=\/wp\/v2\/posts"}],"about":[{"href":"https:\/\/arantv.az\/index.php?rest_route=\/wp\/v2\/types\/post"}],"author":[{"embeddable":true,"href":"https:\/\/arantv.az\/index.php?rest_route=\/wp\/v2\/users\/2"}],"replies":[{"embeddable":true,"href":"https:\/\/arantv.az\/index.php?rest_route=%2Fwp%2Fv2%2Fcomments&post=96804"}],"version-history":[{"count":0,"href":"https:\/\/arantv.az\/index.php?rest_route=\/wp\/v2\/posts\/96804\/revisions"}],"wp:featuredmedia":[{"embeddable":true,"href":"https:\/\/arantv.az\/index.php?rest_route=\/wp\/v2\/media\/96805"}],"wp:attachment":[{"href":"https:\/\/arantv.az\/index.php?rest_route=%2Fwp%2Fv2%2Fmedia&parent=96804"}],"wp:term":[{"taxonomy":"category","embeddable":true,"href":"https:\/\/arantv.az\/index.php?rest_route=%2Fwp%2Fv2%2Fcategories&post=96804"},{"taxonomy":"post_tag","embeddable":true,"href":"https:\/\/arantv.az\/index.php?rest_route=%2Fwp%2Fv2%2Ftags&post=96804"}],"curies":[{"name":"wp","href":"https:\/\/api.w.org\/{rel}","templated":true}]}}