{"id":96808,"date":"2019-11-15T15:43:49","date_gmt":"2019-11-15T12:43:49","guid":{"rendered":"http:\/\/arantv.az\/?p=96808"},"modified":"2019-11-15T15:43:49","modified_gmt":"2019-11-15T12:43:49","slug":"erm%c9%99nistanda-t%c9%99svis-az%c9%99rbaycan-%c9%99m%c9%99liyyatlara-baslaya-qarsimiza-s%c9%99n%c9%99d-qoyula-bil%c9%99r","status":"publish","type":"post","link":"https:\/\/arantv.az\/?p=96808","title":{"rendered":"Erm\u0259nistanda t\u0259\u015fvi\u015f: \u201cAz\u0259rbaycan \u0259m\u0259liyyatlara ba\u015flaya, qar\u015f\u0131m\u0131za s\u0259n\u0259d qoyula bil\u0259r\u201d"},"content":{"rendered":"<p>Erm\u0259nistan\u0131n yeni hakimiyy\u0259tinin ziddiyy\u0259tli a\u00e7\u0131qlamalar\u0131 il\u0259 Qaraba\u011fla ba\u011fl\u0131 dan\u0131\u015f\u0131qlar prosesi\u00a0dalana dir\u0259nib.<\/p>\n<p><strong>ARANTV.AZ-<\/strong>\u0131n m\u0259lumat\u0131na g\u00f6r\u0259, bunu Erm\u0259nistan\u0131n ke\u00e7mi\u015f Milli T\u0259hl\u00fck\u0259sizlik naziri David \u015eahnazaryan deyib.<\/p>\n<p>O bildirib ki, bu g\u00fcn beyn\u0259lxalq ictimaiyy\u0259t Az\u0259rbaycanla eyni, Erm\u0259nistanla is\u0259 f\u0259rqli m\u00f6vqed\u0259n \u00e7\u0131x\u0131\u015f edir.<\/p>\n<div id=\"AdviadNativeVideo0\" class=\"AdviadNativeVideo\"><\/div>\n<p>\u201cBunu iki d\u0259f\u0259 Rusiyan\u0131n Xarici \u0130\u015fl\u0259r naziri Sergey Lavrov da deyib\u201d, &#8211; dey\u0259 D.\u015eahnazaryan \u0259lav\u0259 edib.<\/p>\n<p>Ke\u00e7mi\u015f nazir s\u00f6yl\u0259yib ki, m\u00f6vcud v\u0259ziyy\u0259t Erm\u0259nistan \u00fc\u00e7\u00fcn t\u0259hdiddir. D.\u015eahnazaryan Az\u0259rbaycan\u0131n h\u0259rbi \u0259m\u0259liyyatlar ke\u00e7ir\u0259c\u0259yind\u0259n d\u0259 narahatl\u0131\u011f\u0131n\u0131 gizl\u0259tm\u0259yib.<\/p>\n<p>\u201cAz\u0259rbaycan\u0131n g\u0259l\u0259c\u0259k h\u0259rbi \u0259m\u0259liyyatlar\u0131 \u0259sasland\u0131rmas\u0131 \u00fc\u00e7\u00fcn art\u0131q ciddi arqumentl\u0259r \u0259ld\u0259 edib. B\u00fct\u00fcn bunlar ona g\u0259tirib \u00e7\u0131xara bil\u0259r ki, h\u0259r hans\u0131 beyn\u0259lxalq t\u0259dbird\u0259 dan\u0131\u015f\u0131qlar masas\u0131nda bizim \u00fc\u00e7\u00fcn q\u0259buledilm\u0259z s\u0259n\u0259d qoyula bil\u0259r. Yax\u0131n zamanlarda Bratislavada bel\u0259 bir c\u0259hdin realla\u015fd\u0131r\u0131lmas\u0131 m\u00fcmk\u00fcnd\u00fcr\u201d.<\/p>\n<p>Qeyd ed\u0259k ki, bu ilin dekabr\u0131n \u0259vv\u0259lind\u0259 Bratislavada Az\u0259rbaycan v\u0259 Erm\u0259nistan Xarici \u0130\u015fl\u0259r nazirl\u0259rinin g\u00f6r\u00fc\u015f\u00fc g\u00f6zl\u0259nilir.Oxu.Az<\/p>\n","protected":false},"excerpt":{"rendered":"<p>Erm\u0259nistan\u0131n yeni hakimiyy\u0259tinin ziddiyy\u0259tli a\u00e7\u0131qlamalar\u0131 il\u0259 Qaraba\u011fla ba\u011fl\u0131 dan\u0131\u015f\u0131qlar prosesi\u00a0dalana dir\u0259nib. ARANTV.AZ-\u0131n m\u0259lumat\u0131na g\u00f6r\u0259, bunu Erm\u0259nistan\u0131n ke\u00e7mi\u015f Milli T\u0259hl\u00fck\u0259sizlik naziri David \u015eahnazaryan deyib. O bildirib ki, bu g\u00fcn beyn\u0259lxalq ictimaiyy\u0259t Az\u0259rbaycanla eyni, Erm\u0259nistanla is\u0259 f\u0259rqli m\u00f6vqed\u0259n \u00e7\u0131x\u0131\u015f edir. \u201cBunu iki d\u0259f\u0259 Rusiyan\u0131n Xarici \u0130\u015fl\u0259r naziri Sergey Lavrov da deyib\u201d, &#8211; dey\u0259 D.\u015eahnazaryan \u0259lav\u0259 edib. Ke\u00e7mi\u015f nazir s\u00f6yl\u0259yib ki, m\u00f6vcud v\u0259ziyy\u0259t Erm\u0259nistan \u00fc\u00e7\u00fcn t\u0259hdiddir. D.\u015eahnazaryan Az\u0259rbaycan\u0131n h\u0259rbi \u0259m\u0259liyyatlar ke\u00e7ir\u0259c\u0259yind\u0259n d\u0259 narahatl\u0131\u011f\u0131n\u0131 gizl\u0259tm\u0259yib. \u201cAz\u0259rbaycan\u0131n g\u0259l\u0259c\u0259k h\u0259rbi \u0259m\u0259liyyatlar\u0131 \u0259sasland\u0131rmas\u0131 \u00fc\u00e7\u00fcn art\u0131q ciddi arqumentl\u0259r \u0259ld\u0259 edib. B\u00fct\u00fcn bunlar ona g\u0259tirib \u00e7\u0131xara bil\u0259r ki, h\u0259r&hellip;<\/p>\n","protected":false},"author":2,"featured_media":96809,"comment_status":"closed","ping_status":"closed","sticky":false,"template":"","format":"standard","meta":{"om_disable_all_campaigns":false,"_monsterinsights_skip_tracking":false,"_monsterinsights_sitenote_active":false,"_monsterinsights_sitenote_note":"","_monsterinsights_sitenote_category":0},"categories":[1],"tags":[],"aioseo_notices":[],"gutentor_comment":0,"rttpg_featured_image_url":{"full":["https:\/\/arantv.az\/wp-content\/uploads\/2019\/11\/ee715daa155498438648135996610787078.jpg",620,343,false],"landscape":["https:\/\/arantv.az\/wp-content\/uploads\/2019\/11\/ee715daa155498438648135996610787078.jpg",620,343,false],"portraits":["https:\/\/arantv.az\/wp-content\/uploads\/2019\/11\/ee715daa155498438648135996610787078.jpg",620,343,false],"thumbnail":["https:\/\/arantv.az\/wp-content\/uploads\/2019\/11\/ee715daa155498438648135996610787078-150x150.jpg",150,150,true],"medium":["https:\/\/arantv.az\/wp-content\/uploads\/2019\/11\/ee715daa155498438648135996610787078-300x166.jpg",300,166,true],"large":["https:\/\/arantv.az\/wp-content\/uploads\/2019\/11\/ee715daa155498438648135996610787078.jpg",620,343,false],"1536x1536":["https:\/\/arantv.az\/wp-content\/uploads\/2019\/11\/ee715daa155498438648135996610787078.jpg",620,343,false],"2048x2048":["https:\/\/arantv.az\/wp-content\/uploads\/2019\/11\/ee715daa155498438648135996610787078.jpg",620,343,false],"post-thumbnail":["https:\/\/arantv.az\/wp-content\/uploads\/2019\/11\/ee715daa155498438648135996610787078-240x172.jpg",240,172,true],"advps-thumb-one":["https:\/\/arantv.az\/wp-content\/uploads\/2019\/11\/ee715daa155498438648135996610787078.jpg",620,343,false]},"rttpg_author":{"display_name":"V\u00fcsal Rafiqo\u011flu","author_link":"https:\/\/arantv.az\/?author=2"},"rttpg_comment":0,"rttpg_category":"<a href=\"https:\/\/arantv.az\/?cat=1\" rel=\"category\">C\u0259miyy\u0259t<\/a>","rttpg_excerpt":"Erm\u0259nistan\u0131n yeni hakimiyy\u0259tinin ziddiyy\u0259tli a\u00e7\u0131qlamalar\u0131 il\u0259 Qaraba\u011fla ba\u011fl\u0131 dan\u0131\u015f\u0131qlar prosesi\u00a0dalana dir\u0259nib. ARANTV.AZ-\u0131n m\u0259lumat\u0131na g\u00f6r\u0259, bunu Erm\u0259nistan\u0131n ke\u00e7mi\u015f Milli T\u0259hl\u00fck\u0259sizlik naziri David \u015eahnazaryan deyib. O bildirib ki, bu g\u00fcn beyn\u0259lxalq ictimaiyy\u0259t Az\u0259rbaycanla eyni, Erm\u0259nistanla is\u0259 f\u0259rqli m\u00f6vqed\u0259n \u00e7\u0131x\u0131\u015f edir. \u201cBunu iki d\u0259f\u0259 Rusiyan\u0131n Xarici \u0130\u015fl\u0259r naziri Sergey Lavrov da deyib\u201d, &#8211; dey\u0259 D.\u015eahnazaryan \u0259lav\u0259 edib. Ke\u00e7mi\u015f&hellip;","_links":{"self":[{"href":"https:\/\/arantv.az\/index.php?rest_route=\/wp\/v2\/posts\/96808"}],"collection":[{"href":"https:\/\/arantv.az\/index.php?rest_route=\/wp\/v2\/posts"}],"about":[{"href":"https:\/\/arantv.az\/index.php?rest_route=\/wp\/v2\/types\/post"}],"author":[{"embeddable":true,"href":"https:\/\/arantv.az\/index.php?rest_route=\/wp\/v2\/users\/2"}],"replies":[{"embeddable":true,"href":"https:\/\/arantv.az\/index.php?rest_route=%2Fwp%2Fv2%2Fcomments&post=96808"}],"version-history":[{"count":0,"href":"https:\/\/arantv.az\/index.php?rest_route=\/wp\/v2\/posts\/96808\/revisions"}],"wp:featuredmedia":[{"embeddable":true,"href":"https:\/\/arantv.az\/index.php?rest_route=\/wp\/v2\/media\/96809"}],"wp:attachment":[{"href":"https:\/\/arantv.az\/index.php?rest_route=%2Fwp%2Fv2%2Fmedia&parent=96808"}],"wp:term":[{"taxonomy":"category","embeddable":true,"href":"https:\/\/arantv.az\/index.php?rest_route=%2Fwp%2Fv2%2Fcategories&post=96808"},{"taxonomy":"post_tag","embeddable":true,"href":"https:\/\/arantv.az\/index.php?rest_route=%2Fwp%2Fv2%2Ftags&post=96808"}],"curies":[{"name":"wp","href":"https:\/\/api.w.org\/{rel}","templated":true}]}}