{"id":96841,"date":"2019-11-15T16:26:26","date_gmt":"2019-11-15T13:26:26","guid":{"rendered":"http:\/\/arantv.az\/?p=96841"},"modified":"2019-11-15T16:26:26","modified_gmt":"2019-11-15T13:26:26","slug":"iki-q%c9%99zada-iki-n%c9%99f%c9%99r-oldu","status":"publish","type":"post","link":"https:\/\/arantv.az\/?p=96841","title":{"rendered":"\u0130ki q\u0259zada iki n\u0259f\u0259r \u00f6ld\u00fc"},"content":{"rendered":"<p>\u00d6t\u0259n gec\u0259 piyada \u00f6l\u00fcm\u00fc il\u0259 n\u0259tic\u0259l\u0259n\u0259n iki\u00a0yol-n\u0259qliyyat hadis\u0259si ba\u015f verib.<\/p>\n<p><b>ARANTV.AZ\u00a0<\/b>x\u0259b\u0259r verir ki, yol q\u0259zalar\u0131 paytaxt\u0131n N\u0259rimanov v\u0259 Suraxan\u0131 rayonlar\u0131nda qeyd\u0259 al\u0131n\u0131b.<\/p>\n<p>Bel\u0259 ki, g\u00fcnorta saatlar\u0131nda N\u0259rimanov rayonu, A.Nem\u0259tulla k\u00fc\u00e7\u0259si yax\u0131nl\u0131\u011f\u0131nda,\u00a0Bak\u0131 \u015f\u0259h\u0259r sakini, 1989-cu il t\u0259\u0259v\u0259ll\u00fcdl\u00fc Kamal Akif o\u011flu Al\u0131yev \u201cOpel\u201d markal\u0131 avtomobill\u0259 piyada ke\u00e7idind\u0259 1991-ci il t\u0259v\u0259ll\u00fcdl\u00fc Cavad Ya\u015far o\u011flu \u0130badovu vurub.<\/p>\n<div id=\"AdviadNativeVideo0\" class=\"AdviadNativeVideo\"><\/div>\n<p>N\u0259tic\u0259d\u0259, piyada C.\u0130badov ald\u0131\u011f\u0131 a\u011f\u0131r x\u0259sar\u0259tl\u0259rd\u0259n hadis\u0259 yerind\u0259 \u00f6l\u00fcb.<\/p>\n<p>Bir ba\u015fqa hadis\u0259 is\u0259 paytaxt\u0131n Suraxan\u0131 rayonu, H\u00f6vsan q\u0259s\u0259b\u0259sind\u0259 ba\u015f verib. Bak\u0131 \u015f\u0259h\u0259r sakini, 1990-c\u0131 il t\u0259v\u0259ll\u00fcdl\u00fc Orxan Ras\u0259t o\u011flu M\u0259mm\u0259dov \u201cDaewoo\u201d markal\u0131 avtomobill\u0259 1995-ci il t\u0259v\u0259ll\u00fcdl\u00fc Sahil Vidadi o\u011flu Qaybal\u0131yevi v\u0259 1985-ci il t\u0259v\u0259ll\u00fcdl\u00fc X\u0259yyam Z\u00fcl\u00fcmxan o\u011flu H\u00fcmb\u0259tovu vurub.<\/p>\n<p>Yaral\u0131lar 3 sayl\u0131 \u015e\u0259h\u0259r Klinik X\u0259st\u0259xanas\u0131na apar\u0131l\u0131b. X.H\u00fcmb\u0259tovun h\u0259yat\u0131n\u0131 xilas etm\u0259k m\u00fcmk\u00fcn olmay\u0131b. S.Qaybal\u0131yevin is\u0259 v\u0259ziyy\u0259ti q\u0259na\u0259tb\u0259x\u015f olaraq qiym\u0259tl\u0259ndirilib.Oxu.Az<\/p>\n","protected":false},"excerpt":{"rendered":"<p>\u00d6t\u0259n gec\u0259 piyada \u00f6l\u00fcm\u00fc il\u0259 n\u0259tic\u0259l\u0259n\u0259n iki\u00a0yol-n\u0259qliyyat hadis\u0259si ba\u015f verib. ARANTV.AZ\u00a0x\u0259b\u0259r verir ki, yol q\u0259zalar\u0131 paytaxt\u0131n N\u0259rimanov v\u0259 Suraxan\u0131 rayonlar\u0131nda qeyd\u0259 al\u0131n\u0131b. Bel\u0259 ki, g\u00fcnorta saatlar\u0131nda N\u0259rimanov rayonu, A.Nem\u0259tulla k\u00fc\u00e7\u0259si yax\u0131nl\u0131\u011f\u0131nda,\u00a0Bak\u0131 \u015f\u0259h\u0259r sakini, 1989-cu il t\u0259\u0259v\u0259ll\u00fcdl\u00fc Kamal Akif o\u011flu Al\u0131yev \u201cOpel\u201d markal\u0131 avtomobill\u0259 piyada ke\u00e7idind\u0259 1991-ci il t\u0259v\u0259ll\u00fcdl\u00fc Cavad Ya\u015far o\u011flu \u0130badovu vurub. N\u0259tic\u0259d\u0259, piyada C.\u0130badov ald\u0131\u011f\u0131 a\u011f\u0131r x\u0259sar\u0259tl\u0259rd\u0259n hadis\u0259 yerind\u0259 \u00f6l\u00fcb. Bir ba\u015fqa hadis\u0259 is\u0259 paytaxt\u0131n Suraxan\u0131 rayonu, H\u00f6vsan q\u0259s\u0259b\u0259sind\u0259 ba\u015f verib. Bak\u0131 \u015f\u0259h\u0259r sakini, 1990-c\u0131 il t\u0259v\u0259ll\u00fcdl\u00fc Orxan Ras\u0259t o\u011flu M\u0259mm\u0259dov \u201cDaewoo\u201d markal\u0131 avtomobill\u0259 1995-ci il t\u0259v\u0259ll\u00fcdl\u00fc Sahil&hellip;<\/p>\n","protected":false},"author":2,"featured_media":96842,"comment_status":"closed","ping_status":"closed","sticky":false,"template":"","format":"standard","meta":{"om_disable_all_campaigns":false,"_monsterinsights_skip_tracking":false,"_monsterinsights_sitenote_active":false,"_monsterinsights_sitenote_note":"","_monsterinsights_sitenote_category":0},"categories":[5],"tags":[],"aioseo_notices":[],"gutentor_comment":0,"rttpg_featured_image_url":{"full":["https:\/\/arantv.az\/wp-content\/uploads\/2019\/11\/yuyup.jpg",620,359,false],"landscape":["https:\/\/arantv.az\/wp-content\/uploads\/2019\/11\/yuyup.jpg",620,359,false],"portraits":["https:\/\/arantv.az\/wp-content\/uploads\/2019\/11\/yuyup.jpg",620,359,false],"thumbnail":["https:\/\/arantv.az\/wp-content\/uploads\/2019\/11\/yuyup-150x150.jpg",150,150,true],"medium":["https:\/\/arantv.az\/wp-content\/uploads\/2019\/11\/yuyup-300x174.jpg",300,174,true],"large":["https:\/\/arantv.az\/wp-content\/uploads\/2019\/11\/yuyup.jpg",620,359,false],"1536x1536":["https:\/\/arantv.az\/wp-content\/uploads\/2019\/11\/yuyup.jpg",620,359,false],"2048x2048":["https:\/\/arantv.az\/wp-content\/uploads\/2019\/11\/yuyup.jpg",620,359,false],"post-thumbnail":["https:\/\/arantv.az\/wp-content\/uploads\/2019\/11\/yuyup-240x172.jpg",240,172,true],"advps-thumb-one":["https:\/\/arantv.az\/wp-content\/uploads\/2019\/11\/yuyup.jpg",620,359,false]},"rttpg_author":{"display_name":"V\u00fcsal Rafiqo\u011flu","author_link":"https:\/\/arantv.az\/?author=2"},"rttpg_comment":0,"rttpg_category":"<a href=\"https:\/\/arantv.az\/?cat=5\" rel=\"category\">Hadis\u0259<\/a>","rttpg_excerpt":"\u00d6t\u0259n gec\u0259 piyada \u00f6l\u00fcm\u00fc il\u0259 n\u0259tic\u0259l\u0259n\u0259n iki\u00a0yol-n\u0259qliyyat hadis\u0259si ba\u015f verib. ARANTV.AZ\u00a0x\u0259b\u0259r verir ki, yol q\u0259zalar\u0131 paytaxt\u0131n N\u0259rimanov v\u0259 Suraxan\u0131 rayonlar\u0131nda qeyd\u0259 al\u0131n\u0131b. Bel\u0259 ki, g\u00fcnorta saatlar\u0131nda N\u0259rimanov rayonu, A.Nem\u0259tulla k\u00fc\u00e7\u0259si yax\u0131nl\u0131\u011f\u0131nda,\u00a0Bak\u0131 \u015f\u0259h\u0259r sakini, 1989-cu il t\u0259\u0259v\u0259ll\u00fcdl\u00fc Kamal Akif o\u011flu Al\u0131yev \u201cOpel\u201d markal\u0131 avtomobill\u0259 piyada ke\u00e7idind\u0259 1991-ci il t\u0259v\u0259ll\u00fcdl\u00fc Cavad Ya\u015far o\u011flu \u0130badovu vurub. N\u0259tic\u0259d\u0259, piyada&hellip;","_links":{"self":[{"href":"https:\/\/arantv.az\/index.php?rest_route=\/wp\/v2\/posts\/96841"}],"collection":[{"href":"https:\/\/arantv.az\/index.php?rest_route=\/wp\/v2\/posts"}],"about":[{"href":"https:\/\/arantv.az\/index.php?rest_route=\/wp\/v2\/types\/post"}],"author":[{"embeddable":true,"href":"https:\/\/arantv.az\/index.php?rest_route=\/wp\/v2\/users\/2"}],"replies":[{"embeddable":true,"href":"https:\/\/arantv.az\/index.php?rest_route=%2Fwp%2Fv2%2Fcomments&post=96841"}],"version-history":[{"count":0,"href":"https:\/\/arantv.az\/index.php?rest_route=\/wp\/v2\/posts\/96841\/revisions"}],"wp:featuredmedia":[{"embeddable":true,"href":"https:\/\/arantv.az\/index.php?rest_route=\/wp\/v2\/media\/96842"}],"wp:attachment":[{"href":"https:\/\/arantv.az\/index.php?rest_route=%2Fwp%2Fv2%2Fmedia&parent=96841"}],"wp:term":[{"taxonomy":"category","embeddable":true,"href":"https:\/\/arantv.az\/index.php?rest_route=%2Fwp%2Fv2%2Fcategories&post=96841"},{"taxonomy":"post_tag","embeddable":true,"href":"https:\/\/arantv.az\/index.php?rest_route=%2Fwp%2Fv2%2Ftags&post=96841"}],"curies":[{"name":"wp","href":"https:\/\/api.w.org\/{rel}","templated":true}]}}