{"id":96845,"date":"2019-11-15T16:27:31","date_gmt":"2019-11-15T13:27:31","guid":{"rendered":"http:\/\/arantv.az\/?p=96845"},"modified":"2019-11-15T16:27:31","modified_gmt":"2019-11-15T13:27:31","slug":"samaxida-bas-vermis-t%c9%99bii-f%c9%99lak%c9%99tin-n%c9%99tic%c9%99l%c9%99rinin-aradan-qaldirilmasi-ucun-3-milyon-manat-ayrilib","status":"publish","type":"post","link":"https:\/\/arantv.az\/?p=96845","title":{"rendered":"\u015eamax\u0131da ba\u015f vermi\u015f t\u0259bii f\u0259lak\u0259tin n\u0259tic\u0259l\u0259rinin aradan qald\u0131r\u0131lmas\u0131 \u00fc\u00e7\u00fcn 3 milyon manat ayr\u0131l\u0131b"},"content":{"rendered":"<p>Prezident \u0130lham \u018fliyev \u015eamax\u0131 rayonunda ba\u015f vermi\u015f t\u0259bii f\u0259lak\u0259tin n\u0259tic\u0259l\u0259rinin aradan qald\u0131r\u0131lmas\u0131 i\u015fl\u0259rinin davam etdirilm\u0259si il\u0259 ba\u011fl\u0131 \u0259lav\u0259 t\u0259dbirl\u0259r haqq\u0131nda s\u0259r\u0259ncam imzalay\u0131b.<\/p>\n<p><strong>ARANTV.AZ\u00a0\u00a0<\/strong><a href=\"https:\/\/azertag.az\/\" target=\"_blank\" rel=\"noopener\">AZ\u018fRTAC<\/a>-a istinad\u0259n x\u0259b\u0259r verir ki, s\u0259r\u0259ncamda deyilir:<\/p>\n<p>&#8220;Az\u0259rbaycan Respublikas\u0131 Konstitusiyas\u0131n\u0131n 109-cu madd\u0259sinin 32-ci b\u0259ndini r\u0259hb\u0259r tutaraq, t\u0259bii f\u0259lak\u0259tin n\u0259tic\u0259l\u0259rinin aradan qald\u0131r\u0131lmas\u0131 i\u015fl\u0259rinin davam etdirilm\u0259si m\u0259qs\u0259dil\u0259 q\u0259rara al\u0131ram:<\/p>\n<p>1. Z\u0259lz\u0259l\u0259 n\u0259tic\u0259sind\u0259 \u015eamax\u0131 rayonunda ya\u015fay\u0131\u015f evl\u0259rin\u0259 d\u0259ymi\u015f ziyan\u0131n aradan qald\u0131r\u0131lmas\u0131 i\u015fl\u0259rinin davam etdirilm\u0259si m\u0259qs\u0259dil\u0259 h\u0259min evl\u0259rin t\u0259miri \u00fc\u00e7\u00fcn Az\u0259rbaycan Respublikas\u0131n\u0131n 2019-cu il d\u00f6vl\u0259t b\u00fcdc\u0259sind\u0259 n\u0259z\u0259rd\u0259 tutulmu\u015f Az\u0259rbaycan Respublikas\u0131 Prezidentinin ehtiyat fondundan \u015eamax\u0131 Rayon \u0130cra Hakimiyy\u0259tin\u0259 3,0 (\u00fc\u00e7) milyon manat ayr\u0131ls\u0131n.<\/p>\n<p>2. Az\u0259rbaycan Respublikas\u0131n\u0131n Maliyy\u0259 Nazirliyi bu S\u0259r\u0259ncam\u0131n 1-ci hiss\u0259sind\u0259 g\u00f6st\u0259ril\u0259n m\u0259bl\u0259\u011fd\u0259 maliyy\u0259l\u0259\u015fm\u0259ni t\u0259min etsin.<\/p>\n<p>3. Az\u0259rbaycan Respublikas\u0131n\u0131n Nazirl\u0259r Kabineti bu S\u0259r\u0259ncamdan ir\u0259li g\u0259l\u0259n m\u0259s\u0259l\u0259l\u0259ri h\u0259ll etsin&#8221;.<\/p>\n","protected":false},"excerpt":{"rendered":"<p>Prezident \u0130lham \u018fliyev \u015eamax\u0131 rayonunda ba\u015f vermi\u015f t\u0259bii f\u0259lak\u0259tin n\u0259tic\u0259l\u0259rinin aradan qald\u0131r\u0131lmas\u0131 i\u015fl\u0259rinin davam etdirilm\u0259si il\u0259 ba\u011fl\u0131 \u0259lav\u0259 t\u0259dbirl\u0259r haqq\u0131nda s\u0259r\u0259ncam imzalay\u0131b. ARANTV.AZ\u00a0\u00a0AZ\u018fRTAC-a istinad\u0259n x\u0259b\u0259r verir ki, s\u0259r\u0259ncamda deyilir: &#8220;Az\u0259rbaycan Respublikas\u0131 Konstitusiyas\u0131n\u0131n 109-cu madd\u0259sinin 32-ci b\u0259ndini r\u0259hb\u0259r tutaraq, t\u0259bii f\u0259lak\u0259tin n\u0259tic\u0259l\u0259rinin aradan qald\u0131r\u0131lmas\u0131 i\u015fl\u0259rinin davam etdirilm\u0259si m\u0259qs\u0259dil\u0259 q\u0259rara al\u0131ram: 1. Z\u0259lz\u0259l\u0259 n\u0259tic\u0259sind\u0259 \u015eamax\u0131 rayonunda ya\u015fay\u0131\u015f evl\u0259rin\u0259 d\u0259ymi\u015f ziyan\u0131n aradan qald\u0131r\u0131lmas\u0131 i\u015fl\u0259rinin davam etdirilm\u0259si m\u0259qs\u0259dil\u0259 h\u0259min evl\u0259rin t\u0259miri \u00fc\u00e7\u00fcn Az\u0259rbaycan Respublikas\u0131n\u0131n 2019-cu il d\u00f6vl\u0259t b\u00fcdc\u0259sind\u0259 n\u0259z\u0259rd\u0259 tutulmu\u015f Az\u0259rbaycan Respublikas\u0131 Prezidentinin ehtiyat fondundan \u015eamax\u0131 Rayon \u0130cra Hakimiyy\u0259tin\u0259 3,0 (\u00fc\u00e7) milyon manat ayr\u0131ls\u0131n.&hellip;<\/p>\n","protected":false},"author":2,"featured_media":96846,"comment_status":"closed","ping_status":"closed","sticky":false,"template":"","format":"standard","meta":{"om_disable_all_campaigns":false,"_monsterinsights_skip_tracking":false,"_monsterinsights_sitenote_active":false,"_monsterinsights_sitenote_note":"","_monsterinsights_sitenote_category":0},"categories":[4],"tags":[],"aioseo_notices":[],"gutentor_comment":0,"rttpg_featured_image_url":{"full":["https:\/\/arantv.az\/wp-content\/uploads\/2019\/11\/2018_ilham_aliyev_03-3.jpg",1200,900,false],"landscape":["https:\/\/arantv.az\/wp-content\/uploads\/2019\/11\/2018_ilham_aliyev_03-3.jpg",1200,900,false],"portraits":["https:\/\/arantv.az\/wp-content\/uploads\/2019\/11\/2018_ilham_aliyev_03-3.jpg",1200,900,false],"thumbnail":["https:\/\/arantv.az\/wp-content\/uploads\/2019\/11\/2018_ilham_aliyev_03-3-150x150.jpg",150,150,true],"medium":["https:\/\/arantv.az\/wp-content\/uploads\/2019\/11\/2018_ilham_aliyev_03-3-300x225.jpg",300,225,true],"large":["https:\/\/arantv.az\/wp-content\/uploads\/2019\/11\/2018_ilham_aliyev_03-3-1024x768.jpg",640,480,true],"1536x1536":["https:\/\/arantv.az\/wp-content\/uploads\/2019\/11\/2018_ilham_aliyev_03-3.jpg",1200,900,false],"2048x2048":["https:\/\/arantv.az\/wp-content\/uploads\/2019\/11\/2018_ilham_aliyev_03-3.jpg",1200,900,false],"post-thumbnail":["https:\/\/arantv.az\/wp-content\/uploads\/2019\/11\/2018_ilham_aliyev_03-3-240x172.jpg",240,172,true],"advps-thumb-one":["https:\/\/arantv.az\/wp-content\/uploads\/2019\/11\/2018_ilham_aliyev_03-3-1200x620.jpg",1200,620,true]},"rttpg_author":{"display_name":"V\u00fcsal Rafiqo\u011flu","author_link":"https:\/\/arantv.az\/?author=2"},"rttpg_comment":0,"rttpg_category":"<a href=\"https:\/\/arantv.az\/?cat=4\" rel=\"category\">Siyas\u0259t<\/a>","rttpg_excerpt":"Prezident \u0130lham \u018fliyev \u015eamax\u0131 rayonunda ba\u015f vermi\u015f t\u0259bii f\u0259lak\u0259tin n\u0259tic\u0259l\u0259rinin aradan qald\u0131r\u0131lmas\u0131 i\u015fl\u0259rinin davam etdirilm\u0259si il\u0259 ba\u011fl\u0131 \u0259lav\u0259 t\u0259dbirl\u0259r haqq\u0131nda s\u0259r\u0259ncam imzalay\u0131b. ARANTV.AZ\u00a0\u00a0AZ\u018fRTAC-a istinad\u0259n x\u0259b\u0259r verir ki, s\u0259r\u0259ncamda deyilir: &#8220;Az\u0259rbaycan Respublikas\u0131 Konstitusiyas\u0131n\u0131n 109-cu madd\u0259sinin 32-ci b\u0259ndini r\u0259hb\u0259r tutaraq, t\u0259bii f\u0259lak\u0259tin n\u0259tic\u0259l\u0259rinin aradan qald\u0131r\u0131lmas\u0131 i\u015fl\u0259rinin davam etdirilm\u0259si m\u0259qs\u0259dil\u0259 q\u0259rara al\u0131ram: 1. Z\u0259lz\u0259l\u0259 n\u0259tic\u0259sind\u0259 \u015eamax\u0131 rayonunda ya\u015fay\u0131\u015f&hellip;","_links":{"self":[{"href":"https:\/\/arantv.az\/index.php?rest_route=\/wp\/v2\/posts\/96845"}],"collection":[{"href":"https:\/\/arantv.az\/index.php?rest_route=\/wp\/v2\/posts"}],"about":[{"href":"https:\/\/arantv.az\/index.php?rest_route=\/wp\/v2\/types\/post"}],"author":[{"embeddable":true,"href":"https:\/\/arantv.az\/index.php?rest_route=\/wp\/v2\/users\/2"}],"replies":[{"embeddable":true,"href":"https:\/\/arantv.az\/index.php?rest_route=%2Fwp%2Fv2%2Fcomments&post=96845"}],"version-history":[{"count":0,"href":"https:\/\/arantv.az\/index.php?rest_route=\/wp\/v2\/posts\/96845\/revisions"}],"wp:featuredmedia":[{"embeddable":true,"href":"https:\/\/arantv.az\/index.php?rest_route=\/wp\/v2\/media\/96846"}],"wp:attachment":[{"href":"https:\/\/arantv.az\/index.php?rest_route=%2Fwp%2Fv2%2Fmedia&parent=96845"}],"wp:term":[{"taxonomy":"category","embeddable":true,"href":"https:\/\/arantv.az\/index.php?rest_route=%2Fwp%2Fv2%2Fcategories&post=96845"},{"taxonomy":"post_tag","embeddable":true,"href":"https:\/\/arantv.az\/index.php?rest_route=%2Fwp%2Fv2%2Ftags&post=96845"}],"curies":[{"name":"wp","href":"https:\/\/api.w.org\/{rel}","templated":true}]}}