{"id":96859,"date":"2019-11-16T08:18:51","date_gmt":"2019-11-16T05:18:51","guid":{"rendered":"http:\/\/arantv.az\/?p=96859"},"modified":"2019-11-16T08:18:51","modified_gmt":"2019-11-16T05:18:51","slug":"seyx-%c9%99bdul-televiziyalari-b%c9%99rbad-gun%c9%99-qoyanlarin-adlari-aciqlanmali-v%c9%99-onlar-c%c9%99zalandirilmalidirlar","status":"publish","type":"post","link":"https:\/\/arantv.az\/?p=96859","title":{"rendered":"\u015eeyx \u018fbd\u00fcl: Televiziyalar\u0131 b\u0259rbad g\u00fcn\u0259 qoyanlar\u0131n adlar\u0131 a\u00e7\u0131qlanmal\u0131 v\u0259 onlar c\u0259zaland\u0131r\u0131lmal\u0131d\u0131rlar"},"content":{"rendered":"<p>B\u0259z\u0259n telekanallar ifrat g\u00fcl\u00fc\u015f yaratmaq \u00fc\u00e7\u00fcn h\u0259ddind\u0259n art\u0131q \u015fi\u015firtm\u0259l\u0259r\u0259 yol verirl\u0259r, aktyorlar s\u00fcnilik edirl\u0259r. Seriallar c\u0259miyy\u0259t\u0259 normal mesajlar \u00e7atd\u0131rmal\u0131d\u0131r. T\u0259\u0259ss\u00fcf ki, yerli seriallar g\u0259nc n\u0259slin t\u0259rbiy\u0259sini pozur.<\/p>\n<p><b>ARANTV.AZ\u00a0<\/b>x\u0259b\u0259r verir ki, bunu APA-ya Milli Televiziya v\u0259 Radio \u015euras\u0131n\u0131n (MRT\u015e) s\u0259dri Nu\u015fir\u0259van M\u0259h\u0259rr\u0259mli bildirib.<\/p>\n<p>\u201cBizim iradlar\u0131m\u0131zdan sonra telekanal r\u0259hb\u0259rl\u0259ri m\u00fc\u0259yy\u0259n add\u0131mlar atma\u011fa \u00e7al\u0131\u015f\u0131rlar. Amma \u00e7ox t\u0259\u0259ss\u00fcf ki, teleseriallarda \u00f6lk\u0259d\u0259 h\u0259yat t\u0259rzi eyb\u0259c\u0259r formada g\u00f6st\u0259rilir. Sanki Az\u0259rbaycan ail\u0259si ancaq bel\u0259 olmal\u0131d\u0131r.\u00a0G\u0259nc n\u0259sil h\u0259min seriallara baxanda d\u00fc\u015f\u00fcn\u00fcr ki, Az\u0259rbaycan ki\u015fisi v\u0259 qad\u0131n\u0131 el\u0259 bu c\u00fcrd\u00fcr. G\u00fcl\u00fc\u015f namin\u0259 bel\u0259 \u015feyl\u0259r etm\u0259k olmaz!\u201d, &#8211; dey\u0259 s\u0259dr bildirib.<\/p>\n<p>M\u0259s\u0259l\u0259 il\u0259 ba\u011fl\u0131\u00a0Oxu.Az-a dan\u0131\u015fan M\u0259\u015fhur rejissor, Xalq artisti \u018fbd\u00fcl Mahmudov \u015fura s\u0259drinin dedikl\u0259ri il\u0259 raz\u0131la\u015fd\u0131\u011f\u0131n\u0131 bildirib:<\/p>\n<p>\u201c\u00d6z\u0259l kanallar\u0131n arxas\u0131nda duranlar kiml\u0259rdir? H\u0259min kanallarda bizim tariximizi, m\u0259n\u0259viyyat\u0131m\u0131z\u0131, \u0259xlaq\u0131m\u0131z\u0131 bil\u0259r\u0259kd\u0259n v\u0259 bilm\u0259y\u0259r\u0259kd\u0259n bizi bu g\u00fcn\u0259 qoyanlar kiml\u0259rdir? Televiziyalar\u0131n r\u0259hb\u0259rl\u0259ri, t\u0259yin olunan \u015furalar, eyb\u0259c\u0259rl\u0259r \u015feyl\u0259ri \u00e7\u0259k\u0259nl\u0259r, i\u015ftirak\u00e7\u0131lar, oxuyanlar, oynayanlar\u0131n ham\u0131s\u0131 b\u0259llidir.<\/p>\n<p>\u00c7in alimi Kanfutsi deyir ki, qaranl\u0131q otaqda qara pi\u015fik axtarmaq olmaz.\u00a0Sad\u0259c\u0259, Nu\u015fir\u0259van m\u00fc\u0259llimin kiml\u0259r\u0259s\u0259 g\u00fcc\u00fc \u00e7atm\u0131r. Ona g\u00f6r\u0259 d\u0259 art\u0131q Prezident \u0130lham \u018fliyev s\u0259viyy\u0259sind\u0259 b\u00f6y\u00fck kampaniya ba\u015flad\u0131b.<\/p>\n<p>Son vaxtlar g\u00f6r\u00fcr\u00fck ki, \u00f6lk\u0259d\u0259 kadr islahatlar\u0131 apar\u0131l\u0131r. Bu s\u0259b\u0259bd\u0259n \u00e7ox insanlar\u0131n \u201ck\u00fcrk\u00fcn\u0259 bir\u0259 d\u00fc\u015f\u00fcb\u201d. Ona g\u00f6r\u0259 d\u0259 prezidentin bu i\u015fl\u0259rl\u0259 ba\u011fl\u0131 ciddi s\u0259r\u0259ncamlar ver\u0259c\u0259yini bilirl\u0259r. Kiml\u0259rs\u0259 ciddi \u015f\u0259kild\u0259 c\u0259zalanacaq. Bu s\u0259b\u0259bd\u0259n ham\u0131 h\u0259r \u015feyi \u00f6z \u00fcst\u00fcnd\u0259n at\u0131r. Amma konkret adlar \u00e7\u0259km\u0259k laz\u0131md\u0131r\u201d.<\/p>\n<p>\u018fbd\u00fcl Mahmudov layiq olmayan \u015f\u0259xsl\u0259rin Xalq artisti ad\u0131n\u0131 almas\u0131na m\u00fcnasib\u0259t bildirib:<\/p>\n<p>\u201cBird\u0259n-bir\u0259 he\u00e7 bir aidiyy\u0259ti\u00a0olmayan \u015f\u0259xsl\u0259r\u0259 Xalq artisti ad\u0131 verildiyi zaman v\u0259\u00a0xalq\u0131n fikri \u00f6yr\u0259nilm\u0259y\u0259nd\u0259 bel\u0259 olacaqd\u0131. Xalq\u0131n ortaq d\u0259y\u0259ri, tarixi milli, m\u0259n\u0259vi k\u00f6k\u00fc-soyu var. He\u00e7 k\u0259s\u0259 icaz\u0259 verilmir ki, \u00f6z \u015f\u0259xsi i\u015fi \u00fc\u00e7\u00fcn bu y\u00f6nd\u0259 alver el\u0259sin. Bu cinay\u0259tdir.<\/p>\n<p>T\u0259k seriallar deyil, ham\u0131s\u0131 biab\u0131r\u00e7\u0131l\u0131qd\u0131r. Art\u0131q Prezident \u0130lham \u018fliyev d\u0259 kadr islahatlar\u0131 zaman\u0131 ke\u00e7irdiyi q\u0259bullarda qanunlar\u0131n yerl\u0259rd\u0259 icra olunmad\u0131\u011f\u0131 il\u0259 ba\u011fl\u0131 onda m\u0259lumatlar\u0131n oldu\u011funu diqq\u0259t\u0259 \u00e7atd\u0131r\u0131r.<\/p>\n<p>\u00dcmumiyy\u0259tl\u0259, adlar deyilm\u0259li v\u0259 onlar\u0131n c\u0259zas\u0131 verilm\u0259lidir. Bu m\u0259s\u0259l\u0259l\u0259rl\u0259 ba\u011fl\u0131 a\u011fsaqqallar v\u0259 ya ziyal\u0131lar \u015furas\u0131 yaratmaq laz\u0131md\u0131r. Bel\u0259 davam ed\u0259 bilm\u0259z. Biab\u0131r\u00e7\u0131l\u0131q v\u0259 r\u00fcsvay\u00e7\u0131l\u0131qd\u0131r\u201d.<\/p>\n","protected":false},"excerpt":{"rendered":"<p>B\u0259z\u0259n telekanallar ifrat g\u00fcl\u00fc\u015f yaratmaq \u00fc\u00e7\u00fcn h\u0259ddind\u0259n art\u0131q \u015fi\u015firtm\u0259l\u0259r\u0259 yol verirl\u0259r, aktyorlar s\u00fcnilik edirl\u0259r. Seriallar c\u0259miyy\u0259t\u0259 normal mesajlar \u00e7atd\u0131rmal\u0131d\u0131r. T\u0259\u0259ss\u00fcf ki, yerli seriallar g\u0259nc n\u0259slin t\u0259rbiy\u0259sini pozur. ARANTV.AZ\u00a0x\u0259b\u0259r verir ki, bunu APA-ya Milli Televiziya v\u0259 Radio \u015euras\u0131n\u0131n (MRT\u015e) s\u0259dri Nu\u015fir\u0259van M\u0259h\u0259rr\u0259mli bildirib. \u201cBizim iradlar\u0131m\u0131zdan sonra telekanal r\u0259hb\u0259rl\u0259ri m\u00fc\u0259yy\u0259n add\u0131mlar atma\u011fa \u00e7al\u0131\u015f\u0131rlar. Amma \u00e7ox t\u0259\u0259ss\u00fcf ki, teleseriallarda \u00f6lk\u0259d\u0259 h\u0259yat t\u0259rzi eyb\u0259c\u0259r formada g\u00f6st\u0259rilir. Sanki Az\u0259rbaycan ail\u0259si ancaq bel\u0259 olmal\u0131d\u0131r.\u00a0G\u0259nc n\u0259sil h\u0259min seriallara baxanda d\u00fc\u015f\u00fcn\u00fcr ki, Az\u0259rbaycan ki\u015fisi v\u0259 qad\u0131n\u0131 el\u0259 bu c\u00fcrd\u00fcr. G\u00fcl\u00fc\u015f namin\u0259 bel\u0259 \u015feyl\u0259r etm\u0259k olmaz!\u201d, &#8211; dey\u0259 s\u0259dr&hellip;<\/p>\n","protected":false},"author":2,"featured_media":96860,"comment_status":"closed","ping_status":"closed","sticky":false,"template":"","format":"standard","meta":{"om_disable_all_campaigns":false,"_monsterinsights_skip_tracking":false,"_monsterinsights_sitenote_active":false,"_monsterinsights_sitenote_note":"","_monsterinsights_sitenote_category":0},"categories":[1],"tags":[],"aioseo_notices":[],"gutentor_comment":0,"rttpg_featured_image_url":{"full":["https:\/\/arantv.az\/wp-content\/uploads\/2019\/11\/1540971267_0001.jpg",620,389,false],"landscape":["https:\/\/arantv.az\/wp-content\/uploads\/2019\/11\/1540971267_0001.jpg",620,389,false],"portraits":["https:\/\/arantv.az\/wp-content\/uploads\/2019\/11\/1540971267_0001.jpg",620,389,false],"thumbnail":["https:\/\/arantv.az\/wp-content\/uploads\/2019\/11\/1540971267_0001-150x150.jpg",150,150,true],"medium":["https:\/\/arantv.az\/wp-content\/uploads\/2019\/11\/1540971267_0001-300x188.jpg",300,188,true],"large":["https:\/\/arantv.az\/wp-content\/uploads\/2019\/11\/1540971267_0001.jpg",620,389,false],"1536x1536":["https:\/\/arantv.az\/wp-content\/uploads\/2019\/11\/1540971267_0001.jpg",620,389,false],"2048x2048":["https:\/\/arantv.az\/wp-content\/uploads\/2019\/11\/1540971267_0001.jpg",620,389,false],"post-thumbnail":["https:\/\/arantv.az\/wp-content\/uploads\/2019\/11\/1540971267_0001-240x172.jpg",240,172,true],"advps-thumb-one":["https:\/\/arantv.az\/wp-content\/uploads\/2019\/11\/1540971267_0001.jpg",620,389,false]},"rttpg_author":{"display_name":"V\u00fcsal Rafiqo\u011flu","author_link":"https:\/\/arantv.az\/?author=2"},"rttpg_comment":0,"rttpg_category":"<a href=\"https:\/\/arantv.az\/?cat=1\" rel=\"category\">C\u0259miyy\u0259t<\/a>","rttpg_excerpt":"B\u0259z\u0259n telekanallar ifrat g\u00fcl\u00fc\u015f yaratmaq \u00fc\u00e7\u00fcn h\u0259ddind\u0259n art\u0131q \u015fi\u015firtm\u0259l\u0259r\u0259 yol verirl\u0259r, aktyorlar s\u00fcnilik edirl\u0259r. Seriallar c\u0259miyy\u0259t\u0259 normal mesajlar \u00e7atd\u0131rmal\u0131d\u0131r. T\u0259\u0259ss\u00fcf ki, yerli seriallar g\u0259nc n\u0259slin t\u0259rbiy\u0259sini pozur. ARANTV.AZ\u00a0x\u0259b\u0259r verir ki, bunu APA-ya Milli Televiziya v\u0259 Radio \u015euras\u0131n\u0131n (MRT\u015e) s\u0259dri Nu\u015fir\u0259van M\u0259h\u0259rr\u0259mli bildirib. \u201cBizim iradlar\u0131m\u0131zdan sonra telekanal r\u0259hb\u0259rl\u0259ri m\u00fc\u0259yy\u0259n add\u0131mlar atma\u011fa \u00e7al\u0131\u015f\u0131rlar. Amma \u00e7ox t\u0259\u0259ss\u00fcf ki,&hellip;","_links":{"self":[{"href":"https:\/\/arantv.az\/index.php?rest_route=\/wp\/v2\/posts\/96859"}],"collection":[{"href":"https:\/\/arantv.az\/index.php?rest_route=\/wp\/v2\/posts"}],"about":[{"href":"https:\/\/arantv.az\/index.php?rest_route=\/wp\/v2\/types\/post"}],"author":[{"embeddable":true,"href":"https:\/\/arantv.az\/index.php?rest_route=\/wp\/v2\/users\/2"}],"replies":[{"embeddable":true,"href":"https:\/\/arantv.az\/index.php?rest_route=%2Fwp%2Fv2%2Fcomments&post=96859"}],"version-history":[{"count":0,"href":"https:\/\/arantv.az\/index.php?rest_route=\/wp\/v2\/posts\/96859\/revisions"}],"wp:featuredmedia":[{"embeddable":true,"href":"https:\/\/arantv.az\/index.php?rest_route=\/wp\/v2\/media\/96860"}],"wp:attachment":[{"href":"https:\/\/arantv.az\/index.php?rest_route=%2Fwp%2Fv2%2Fmedia&parent=96859"}],"wp:term":[{"taxonomy":"category","embeddable":true,"href":"https:\/\/arantv.az\/index.php?rest_route=%2Fwp%2Fv2%2Fcategories&post=96859"},{"taxonomy":"post_tag","embeddable":true,"href":"https:\/\/arantv.az\/index.php?rest_route=%2Fwp%2Fv2%2Ftags&post=96859"}],"curies":[{"name":"wp","href":"https:\/\/api.w.org\/{rel}","templated":true}]}}