{"id":96865,"date":"2019-11-16T08:39:37","date_gmt":"2019-11-16T05:39:37","guid":{"rendered":"http:\/\/arantv.az\/?p=96865"},"modified":"2019-11-16T08:39:37","modified_gmt":"2019-11-16T05:39:37","slug":"mehriban-%c9%99liyevadan-maksim-qalkinin-yaradiciliq-axsami-il%c9%99-bagli-paylasim-foto","status":"publish","type":"post","link":"https:\/\/arantv.az\/?p=96865","title":{"rendered":"Mehriban \u018fliyevadan Maksim Qalkinin yarad\u0131c\u0131l\u0131q ax\u015fam\u0131 il\u0259 ba\u011fl\u0131 payla\u015f\u0131m &#8211; FOTO"},"content":{"rendered":"<p>Az\u0259rbaycan Respublikas\u0131n\u0131n Birinci vitse-prezidenti Mehriban \u018fliyeva noyabr\u0131n 15-d\u0259 Heyd\u0259r \u018fliyev M\u0259rk\u0259zind\u0259 Rusiyan\u0131n tan\u0131nm\u0131\u015f yumoristi, teleapar\u0131c\u0131, \u015foumen v\u0259 m\u00fc\u011f\u0259nni Maksim Qalkinin yarad\u0131c\u0131l\u0131q ax\u015fam\u0131n\u0131n ke\u00e7irilm\u0259si il\u0259 ba\u011fl\u0131 payla\u015f\u0131mlar edib.<\/p>\n<p>Payla\u015f\u0131mlarda Prezident \u0130lham \u018fliyev, Birinci vitse-prezident Mehriban \u018fliyeva v\u0259 q\u0131zlar\u0131 Leyla \u018fliyevan\u0131n Maksin Qalkinin yarad\u0131c\u0131l\u0131q ax\u015fam\u0131ndak\u0131 i\u015ftiraklar\u0131ndan fotolar \u0259ks olunub.<\/p>\n<div id=\"AdviadNativeVideo0\" class=\"AdviadNativeVideo\"><\/div>\n<div><iframe loading=\"lazy\" id=\"instagram-embed-0\" class=\"instagram-media instagram-media-rendered\" src=\"https:\/\/www.instagram.com\/p\/B45sM9UASD4\/embed\/captioned\/?cr=1&amp;v=12&amp;wp=540&amp;rd=https%3A%2F%2Foxu.az&amp;rp=%2Fpolitics%2F343328#%7B%22ci%22%3A0%2C%22os%22%3A9425.625000000025%2C%22ls%22%3A3743.965000000003%2C%22le%22%3A5152.86500000002%7D\" width=\"300\" height=\"707\" frameborder=\"0\" scrolling=\"no\" allowfullscreen=\"allowfullscreen\" data-instgrm-payload-id=\"instagram-media-payload-0\" data-mce-fragment=\"1\"><\/iframe><\/div>\n<p>&nbsp;<\/p>\n<div><iframe loading=\"lazy\" id=\"instagram-embed-1\" class=\"instagram-media instagram-media-rendered\" src=\"https:\/\/www.instagram.com\/p\/B45sPBEgtNo\/embed\/captioned\/?cr=1&amp;v=12&amp;wp=540&amp;rd=https%3A%2F%2Foxu.az&amp;rp=%2Fpolitics%2F343328#%7B%22ci%22%3A1%2C%22os%22%3A9432.32999999998%2C%22ls%22%3A3743.965000000003%2C%22le%22%3A5152.86500000002%7D\" width=\"300\" height=\"707\" frameborder=\"0\" scrolling=\"no\" allowfullscreen=\"allowfullscreen\" data-instgrm-payload-id=\"instagram-media-payload-1\" data-mce-fragment=\"1\"><\/iframe><\/div>\n<p>&nbsp;<\/p>\n","protected":false},"excerpt":{"rendered":"<p>Az\u0259rbaycan Respublikas\u0131n\u0131n Birinci vitse-prezidenti Mehriban \u018fliyeva noyabr\u0131n 15-d\u0259 Heyd\u0259r \u018fliyev M\u0259rk\u0259zind\u0259 Rusiyan\u0131n tan\u0131nm\u0131\u015f yumoristi, teleapar\u0131c\u0131, \u015foumen v\u0259 m\u00fc\u011f\u0259nni Maksim Qalkinin yarad\u0131c\u0131l\u0131q ax\u015fam\u0131n\u0131n ke\u00e7irilm\u0259si il\u0259 ba\u011fl\u0131 payla\u015f\u0131mlar edib. Payla\u015f\u0131mlarda Prezident \u0130lham \u018fliyev, Birinci vitse-prezident Mehriban \u018fliyeva v\u0259 q\u0131zlar\u0131 Leyla \u018fliyevan\u0131n Maksin Qalkinin yarad\u0131c\u0131l\u0131q ax\u015fam\u0131ndak\u0131 i\u015ftiraklar\u0131ndan fotolar \u0259ks olunub. &nbsp; &nbsp;<\/p>\n","protected":false},"author":2,"featured_media":96866,"comment_status":"closed","ping_status":"closed","sticky":false,"template":"","format":"standard","meta":{"om_disable_all_campaigns":false,"_monsterinsights_skip_tracking":false,"_monsterinsights_sitenote_active":false,"_monsterinsights_sitenote_note":"","_monsterinsights_sitenote_category":0},"categories":[4],"tags":[],"aioseo_notices":[],"gutentor_comment":0,"rttpg_featured_image_url":{"full":["https:\/\/arantv.az\/wp-content\/uploads\/2019\/11\/15738512471663822456_1000x669.jpg",590,392,false],"landscape":["https:\/\/arantv.az\/wp-content\/uploads\/2019\/11\/15738512471663822456_1000x669.jpg",590,392,false],"portraits":["https:\/\/arantv.az\/wp-content\/uploads\/2019\/11\/15738512471663822456_1000x669.jpg",590,392,false],"thumbnail":["https:\/\/arantv.az\/wp-content\/uploads\/2019\/11\/15738512471663822456_1000x669-150x150.jpg",150,150,true],"medium":["https:\/\/arantv.az\/wp-content\/uploads\/2019\/11\/15738512471663822456_1000x669-300x199.jpg",300,199,true],"large":["https:\/\/arantv.az\/wp-content\/uploads\/2019\/11\/15738512471663822456_1000x669.jpg",590,392,false],"1536x1536":["https:\/\/arantv.az\/wp-content\/uploads\/2019\/11\/15738512471663822456_1000x669.jpg",590,392,false],"2048x2048":["https:\/\/arantv.az\/wp-content\/uploads\/2019\/11\/15738512471663822456_1000x669.jpg",590,392,false],"post-thumbnail":["https:\/\/arantv.az\/wp-content\/uploads\/2019\/11\/15738512471663822456_1000x669-240x172.jpg",240,172,true],"advps-thumb-one":["https:\/\/arantv.az\/wp-content\/uploads\/2019\/11\/15738512471663822456_1000x669.jpg",590,392,false]},"rttpg_author":{"display_name":"V\u00fcsal Rafiqo\u011flu","author_link":"https:\/\/arantv.az\/?author=2"},"rttpg_comment":0,"rttpg_category":"<a href=\"https:\/\/arantv.az\/?cat=4\" rel=\"category\">Siyas\u0259t<\/a>","rttpg_excerpt":"Az\u0259rbaycan Respublikas\u0131n\u0131n Birinci vitse-prezidenti Mehriban \u018fliyeva noyabr\u0131n 15-d\u0259 Heyd\u0259r \u018fliyev M\u0259rk\u0259zind\u0259 Rusiyan\u0131n tan\u0131nm\u0131\u015f yumoristi, teleapar\u0131c\u0131, \u015foumen v\u0259 m\u00fc\u011f\u0259nni Maksim Qalkinin yarad\u0131c\u0131l\u0131q ax\u015fam\u0131n\u0131n ke\u00e7irilm\u0259si il\u0259 ba\u011fl\u0131 payla\u015f\u0131mlar edib. Payla\u015f\u0131mlarda Prezident \u0130lham \u018fliyev, Birinci vitse-prezident Mehriban \u018fliyeva v\u0259 q\u0131zlar\u0131 Leyla \u018fliyevan\u0131n Maksin Qalkinin yarad\u0131c\u0131l\u0131q ax\u015fam\u0131ndak\u0131 i\u015ftiraklar\u0131ndan fotolar \u0259ks olunub. &nbsp; &nbsp;","_links":{"self":[{"href":"https:\/\/arantv.az\/index.php?rest_route=\/wp\/v2\/posts\/96865"}],"collection":[{"href":"https:\/\/arantv.az\/index.php?rest_route=\/wp\/v2\/posts"}],"about":[{"href":"https:\/\/arantv.az\/index.php?rest_route=\/wp\/v2\/types\/post"}],"author":[{"embeddable":true,"href":"https:\/\/arantv.az\/index.php?rest_route=\/wp\/v2\/users\/2"}],"replies":[{"embeddable":true,"href":"https:\/\/arantv.az\/index.php?rest_route=%2Fwp%2Fv2%2Fcomments&post=96865"}],"version-history":[{"count":0,"href":"https:\/\/arantv.az\/index.php?rest_route=\/wp\/v2\/posts\/96865\/revisions"}],"wp:featuredmedia":[{"embeddable":true,"href":"https:\/\/arantv.az\/index.php?rest_route=\/wp\/v2\/media\/96866"}],"wp:attachment":[{"href":"https:\/\/arantv.az\/index.php?rest_route=%2Fwp%2Fv2%2Fmedia&parent=96865"}],"wp:term":[{"taxonomy":"category","embeddable":true,"href":"https:\/\/arantv.az\/index.php?rest_route=%2Fwp%2Fv2%2Fcategories&post=96865"},{"taxonomy":"post_tag","embeddable":true,"href":"https:\/\/arantv.az\/index.php?rest_route=%2Fwp%2Fv2%2Ftags&post=96865"}],"curies":[{"name":"wp","href":"https:\/\/api.w.org\/{rel}","templated":true}]}}