{"id":96873,"date":"2019-11-16T08:41:41","date_gmt":"2019-11-16T05:41:41","guid":{"rendered":"http:\/\/arantv.az\/?p=96873"},"modified":"2019-11-16T08:41:41","modified_gmt":"2019-11-16T05:41:41","slug":"vilay%c9%99t-eyvazovdan-yeni-t%c9%99yinat-13","status":"publish","type":"post","link":"https:\/\/arantv.az\/?p=96873","title":{"rendered":"Vilay\u0259t Eyvazovdan yeni &#8211; T\u018fY\u0130NAT"},"content":{"rendered":"<p>Daxili i\u015fl\u0259r orqanlar\u0131nda kadr d\u0259yi\u015fikliyi ba\u015f tutub.<\/p>\n<p><b>ARANTV.AZ<\/b>-\u0131n m\u0259lumat\u0131na g\u00f6r\u0259, bu bar\u0259d\u0259 m\u00fcvafiq \u0259mri Daxili \u0130\u015fl\u0259r naziri, general-polkovnik Vilay\u0259t Eyvazov imzalay\u0131b.<\/p>\n<p>\u018fmr\u0259 \u0259sas\u0259n, T\u0259rxan \u018fhm\u0259dov Bak\u0131 \u015e\u0259h\u0259r Ba\u015f Polis \u0130dar\u0259sinin Cinay\u0259t-Axtar\u0131\u015f \u0130dar\u0259sin\u0259 yeni r\u0259is t\u0259yin olunub.<\/p>\n<div id=\"AdviadNativeVideo0\" class=\"AdviadNativeVideo\"><\/div>\n<p>O, bundan \u0259vv\u0259l S\u0259bail rayonu 39-cu Polis B\u00f6lm\u0259sinin r\u0259isi i\u015fl\u0259yib.<\/p>\n<p>M\u0259lumat\u00a0D\u0130N-in m\u0259tbuat xidm\u0259tind\u0259n sayt\u0131m\u0131za t\u0259sdiq edilib.<\/p>\n<p>Qeyd ed\u0259k ki, B\u015eBP\u0130-nin \u0130dar\u0259sinin Cinay\u0259t-Axtar\u0131\u015f \u0130dar\u0259sinin r\u0259isi, polkovnik \u018flaslan A\u011fayev d\u00fcn\u0259n \u0130nterpolun Milli M\u0259rk\u0259zi B\u00fcrosunun r\u0259isi t\u0259yin edilib.Oxu.Az<\/p>\n","protected":false},"excerpt":{"rendered":"<p>Daxili i\u015fl\u0259r orqanlar\u0131nda kadr d\u0259yi\u015fikliyi ba\u015f tutub. ARANTV.AZ-\u0131n m\u0259lumat\u0131na g\u00f6r\u0259, bu bar\u0259d\u0259 m\u00fcvafiq \u0259mri Daxili \u0130\u015fl\u0259r naziri, general-polkovnik Vilay\u0259t Eyvazov imzalay\u0131b. \u018fmr\u0259 \u0259sas\u0259n, T\u0259rxan \u018fhm\u0259dov Bak\u0131 \u015e\u0259h\u0259r Ba\u015f Polis \u0130dar\u0259sinin Cinay\u0259t-Axtar\u0131\u015f \u0130dar\u0259sin\u0259 yeni r\u0259is t\u0259yin olunub. O, bundan \u0259vv\u0259l S\u0259bail rayonu 39-cu Polis B\u00f6lm\u0259sinin r\u0259isi i\u015fl\u0259yib. M\u0259lumat\u00a0D\u0130N-in m\u0259tbuat xidm\u0259tind\u0259n sayt\u0131m\u0131za t\u0259sdiq edilib. Qeyd ed\u0259k ki, B\u015eBP\u0130-nin \u0130dar\u0259sinin Cinay\u0259t-Axtar\u0131\u015f \u0130dar\u0259sinin r\u0259isi, polkovnik \u018flaslan A\u011fayev d\u00fcn\u0259n \u0130nterpolun Milli M\u0259rk\u0259zi B\u00fcrosunun r\u0259isi t\u0259yin edilib.Oxu.Az<\/p>\n","protected":false},"author":2,"featured_media":96874,"comment_status":"closed","ping_status":"closed","sticky":false,"template":"","format":"standard","meta":{"om_disable_all_campaigns":false,"_monsterinsights_skip_tracking":false,"_monsterinsights_sitenote_active":false,"_monsterinsights_sitenote_note":"","_monsterinsights_sitenote_category":0},"categories":[1],"tags":[],"aioseo_notices":[],"gutentor_comment":0,"rttpg_featured_image_url":{"full":["https:\/\/arantv.az\/wp-content\/uploads\/2019\/11\/vilayet.jpg",600,400,false],"landscape":["https:\/\/arantv.az\/wp-content\/uploads\/2019\/11\/vilayet.jpg",600,400,false],"portraits":["https:\/\/arantv.az\/wp-content\/uploads\/2019\/11\/vilayet.jpg",600,400,false],"thumbnail":["https:\/\/arantv.az\/wp-content\/uploads\/2019\/11\/vilayet-150x150.jpg",150,150,true],"medium":["https:\/\/arantv.az\/wp-content\/uploads\/2019\/11\/vilayet-300x200.jpg",300,200,true],"large":["https:\/\/arantv.az\/wp-content\/uploads\/2019\/11\/vilayet.jpg",600,400,false],"1536x1536":["https:\/\/arantv.az\/wp-content\/uploads\/2019\/11\/vilayet.jpg",600,400,false],"2048x2048":["https:\/\/arantv.az\/wp-content\/uploads\/2019\/11\/vilayet.jpg",600,400,false],"post-thumbnail":["https:\/\/arantv.az\/wp-content\/uploads\/2019\/11\/vilayet-240x172.jpg",240,172,true],"advps-thumb-one":["https:\/\/arantv.az\/wp-content\/uploads\/2019\/11\/vilayet.jpg",600,400,false]},"rttpg_author":{"display_name":"V\u00fcsal Rafiqo\u011flu","author_link":"https:\/\/arantv.az\/?author=2"},"rttpg_comment":0,"rttpg_category":"<a href=\"https:\/\/arantv.az\/?cat=1\" rel=\"category\">C\u0259miyy\u0259t<\/a>","rttpg_excerpt":"Daxili i\u015fl\u0259r orqanlar\u0131nda kadr d\u0259yi\u015fikliyi ba\u015f tutub. ARANTV.AZ-\u0131n m\u0259lumat\u0131na g\u00f6r\u0259, bu bar\u0259d\u0259 m\u00fcvafiq \u0259mri Daxili \u0130\u015fl\u0259r naziri, general-polkovnik Vilay\u0259t Eyvazov imzalay\u0131b. \u018fmr\u0259 \u0259sas\u0259n, T\u0259rxan \u018fhm\u0259dov Bak\u0131 \u015e\u0259h\u0259r Ba\u015f Polis \u0130dar\u0259sinin Cinay\u0259t-Axtar\u0131\u015f \u0130dar\u0259sin\u0259 yeni r\u0259is t\u0259yin olunub. O, bundan \u0259vv\u0259l S\u0259bail rayonu 39-cu Polis B\u00f6lm\u0259sinin r\u0259isi i\u015fl\u0259yib. M\u0259lumat\u00a0D\u0130N-in m\u0259tbuat xidm\u0259tind\u0259n sayt\u0131m\u0131za t\u0259sdiq edilib. Qeyd ed\u0259k ki,&hellip;","_links":{"self":[{"href":"https:\/\/arantv.az\/index.php?rest_route=\/wp\/v2\/posts\/96873"}],"collection":[{"href":"https:\/\/arantv.az\/index.php?rest_route=\/wp\/v2\/posts"}],"about":[{"href":"https:\/\/arantv.az\/index.php?rest_route=\/wp\/v2\/types\/post"}],"author":[{"embeddable":true,"href":"https:\/\/arantv.az\/index.php?rest_route=\/wp\/v2\/users\/2"}],"replies":[{"embeddable":true,"href":"https:\/\/arantv.az\/index.php?rest_route=%2Fwp%2Fv2%2Fcomments&post=96873"}],"version-history":[{"count":0,"href":"https:\/\/arantv.az\/index.php?rest_route=\/wp\/v2\/posts\/96873\/revisions"}],"wp:featuredmedia":[{"embeddable":true,"href":"https:\/\/arantv.az\/index.php?rest_route=\/wp\/v2\/media\/96874"}],"wp:attachment":[{"href":"https:\/\/arantv.az\/index.php?rest_route=%2Fwp%2Fv2%2Fmedia&parent=96873"}],"wp:term":[{"taxonomy":"category","embeddable":true,"href":"https:\/\/arantv.az\/index.php?rest_route=%2Fwp%2Fv2%2Fcategories&post=96873"},{"taxonomy":"post_tag","embeddable":true,"href":"https:\/\/arantv.az\/index.php?rest_route=%2Fwp%2Fv2%2Ftags&post=96873"}],"curies":[{"name":"wp","href":"https:\/\/api.w.org\/{rel}","templated":true}]}}