{"id":96898,"date":"2019-11-16T08:50:52","date_gmt":"2019-11-16T05:50:52","guid":{"rendered":"http:\/\/arantv.az\/?p=96898"},"modified":"2019-11-16T08:50:52","modified_gmt":"2019-11-16T05:50:52","slug":"bu-gund%c9%99n-m%c9%99kt%c9%99blil%c9%99rin-payiz-t%c9%99tili-baslayir","status":"publish","type":"post","link":"https:\/\/arantv.az\/?p=96898","title":{"rendered":"Bu g\u00fcnd\u0259n m\u0259kt\u0259blil\u0259rin pay\u0131z t\u0259tili ba\u015flay\u0131r"},"content":{"rendered":"<p><strong>Bu g\u00fcnd\u0259n Az\u0259rbaycan\u0131n orta m\u0259kt\u0259bl\u0259rind\u0259 pay\u0131z t\u0259tili ba\u015flay\u0131r.<\/strong><\/p>\n<p><b>ARANTV.AZ\u00a0<\/b>x\u0259b\u0259r verir ki, 2019-2020-ci t\u0259dris ilinin 5 g\u00fcnl\u00fck t\u0259tili 16-20 noyabr tarixl\u0259rini \u0259hat\u0259 ed\u0259c\u0259k.<\/p>\n<p>Noyabr\u0131n 21-d\u0259 d\u0259rs olacaq.<\/p>\n<p>T\u0259dris ilinin 5 g\u00fcnl\u00fck q\u0131\u015f t\u0259tili is\u0259 2020-ci ilin yanvar\u0131n 27-d\u0259 ba\u015flayacaq v\u0259 31-d\u0259 bit\u0259c\u0259k.<\/p>\n<p>Qeyd ed\u0259k ki, \u00fcmumi t\u0259hsil m\u00fc\u0259ssis\u0259l\u0259rind\u0259 d\u0259rsl\u0259r sentyabr\u0131n 15-d\u0259 ba\u015flay\u0131b v\u0259 iyunun 14-d\u0259 ba\u015fa \u00e7atacaq. T\u0259dris ilinin birinci yar\u0131mili 15 sentyabr &#8211; 26 yanvar, ikinci yar\u0131mili 1 fevral &#8211; 14 iyunu \u0259hat\u0259 edir.Publika.az<\/p>\n","protected":false},"excerpt":{"rendered":"<p>Bu g\u00fcnd\u0259n Az\u0259rbaycan\u0131n orta m\u0259kt\u0259bl\u0259rind\u0259 pay\u0131z t\u0259tili ba\u015flay\u0131r. ARANTV.AZ\u00a0x\u0259b\u0259r verir ki, 2019-2020-ci t\u0259dris ilinin 5 g\u00fcnl\u00fck t\u0259tili 16-20 noyabr tarixl\u0259rini \u0259hat\u0259 ed\u0259c\u0259k. Noyabr\u0131n 21-d\u0259 d\u0259rs olacaq. T\u0259dris ilinin 5 g\u00fcnl\u00fck q\u0131\u015f t\u0259tili is\u0259 2020-ci ilin yanvar\u0131n 27-d\u0259 ba\u015flayacaq v\u0259 31-d\u0259 bit\u0259c\u0259k. Qeyd ed\u0259k ki, \u00fcmumi t\u0259hsil m\u00fc\u0259ssis\u0259l\u0259rind\u0259 d\u0259rsl\u0259r sentyabr\u0131n 15-d\u0259 ba\u015flay\u0131b v\u0259 iyunun 14-d\u0259 ba\u015fa \u00e7atacaq. T\u0259dris ilinin birinci yar\u0131mili 15 sentyabr &#8211; 26 yanvar, ikinci yar\u0131mili 1 fevral &#8211; 14 iyunu \u0259hat\u0259 edir.Publika.az<\/p>\n","protected":false},"author":2,"featured_media":96899,"comment_status":"closed","ping_status":"closed","sticky":false,"template":"","format":"standard","meta":{"om_disable_all_campaigns":false,"_monsterinsights_skip_tracking":false,"_monsterinsights_sitenote_active":false,"_monsterinsights_sitenote_note":"","_monsterinsights_sitenote_category":0},"categories":[23],"tags":[],"aioseo_notices":[],"gutentor_comment":0,"rttpg_featured_image_url":{"full":["https:\/\/arantv.az\/wp-content\/uploads\/2019\/11\/1fc68ed7-e764-4e0d-bb3b-44e99c27bc85.jpg",800,450,false],"landscape":["https:\/\/arantv.az\/wp-content\/uploads\/2019\/11\/1fc68ed7-e764-4e0d-bb3b-44e99c27bc85.jpg",800,450,false],"portraits":["https:\/\/arantv.az\/wp-content\/uploads\/2019\/11\/1fc68ed7-e764-4e0d-bb3b-44e99c27bc85.jpg",800,450,false],"thumbnail":["https:\/\/arantv.az\/wp-content\/uploads\/2019\/11\/1fc68ed7-e764-4e0d-bb3b-44e99c27bc85-150x150.jpg",150,150,true],"medium":["https:\/\/arantv.az\/wp-content\/uploads\/2019\/11\/1fc68ed7-e764-4e0d-bb3b-44e99c27bc85-300x169.jpg",300,169,true],"large":["https:\/\/arantv.az\/wp-content\/uploads\/2019\/11\/1fc68ed7-e764-4e0d-bb3b-44e99c27bc85.jpg",640,360,false],"1536x1536":["https:\/\/arantv.az\/wp-content\/uploads\/2019\/11\/1fc68ed7-e764-4e0d-bb3b-44e99c27bc85.jpg",800,450,false],"2048x2048":["https:\/\/arantv.az\/wp-content\/uploads\/2019\/11\/1fc68ed7-e764-4e0d-bb3b-44e99c27bc85.jpg",800,450,false],"post-thumbnail":["https:\/\/arantv.az\/wp-content\/uploads\/2019\/11\/1fc68ed7-e764-4e0d-bb3b-44e99c27bc85-240x172.jpg",240,172,true],"advps-thumb-one":["https:\/\/arantv.az\/wp-content\/uploads\/2019\/11\/1fc68ed7-e764-4e0d-bb3b-44e99c27bc85.jpg",800,450,false]},"rttpg_author":{"display_name":"V\u00fcsal Rafiqo\u011flu","author_link":"https:\/\/arantv.az\/?author=2"},"rttpg_comment":0,"rttpg_category":"<a href=\"https:\/\/arantv.az\/?cat=23\" rel=\"category\">T\u0259hsil<\/a>","rttpg_excerpt":"Bu g\u00fcnd\u0259n Az\u0259rbaycan\u0131n orta m\u0259kt\u0259bl\u0259rind\u0259 pay\u0131z t\u0259tili ba\u015flay\u0131r. ARANTV.AZ\u00a0x\u0259b\u0259r verir ki, 2019-2020-ci t\u0259dris ilinin 5 g\u00fcnl\u00fck t\u0259tili 16-20 noyabr tarixl\u0259rini \u0259hat\u0259 ed\u0259c\u0259k. Noyabr\u0131n 21-d\u0259 d\u0259rs olacaq. T\u0259dris ilinin 5 g\u00fcnl\u00fck q\u0131\u015f t\u0259tili is\u0259 2020-ci ilin yanvar\u0131n 27-d\u0259 ba\u015flayacaq v\u0259 31-d\u0259 bit\u0259c\u0259k. Qeyd ed\u0259k ki, \u00fcmumi t\u0259hsil m\u00fc\u0259ssis\u0259l\u0259rind\u0259 d\u0259rsl\u0259r sentyabr\u0131n 15-d\u0259 ba\u015flay\u0131b v\u0259 iyunun 14-d\u0259 ba\u015fa&hellip;","_links":{"self":[{"href":"https:\/\/arantv.az\/index.php?rest_route=\/wp\/v2\/posts\/96898"}],"collection":[{"href":"https:\/\/arantv.az\/index.php?rest_route=\/wp\/v2\/posts"}],"about":[{"href":"https:\/\/arantv.az\/index.php?rest_route=\/wp\/v2\/types\/post"}],"author":[{"embeddable":true,"href":"https:\/\/arantv.az\/index.php?rest_route=\/wp\/v2\/users\/2"}],"replies":[{"embeddable":true,"href":"https:\/\/arantv.az\/index.php?rest_route=%2Fwp%2Fv2%2Fcomments&post=96898"}],"version-history":[{"count":0,"href":"https:\/\/arantv.az\/index.php?rest_route=\/wp\/v2\/posts\/96898\/revisions"}],"wp:featuredmedia":[{"embeddable":true,"href":"https:\/\/arantv.az\/index.php?rest_route=\/wp\/v2\/media\/96899"}],"wp:attachment":[{"href":"https:\/\/arantv.az\/index.php?rest_route=%2Fwp%2Fv2%2Fmedia&parent=96898"}],"wp:term":[{"taxonomy":"category","embeddable":true,"href":"https:\/\/arantv.az\/index.php?rest_route=%2Fwp%2Fv2%2Fcategories&post=96898"},{"taxonomy":"post_tag","embeddable":true,"href":"https:\/\/arantv.az\/index.php?rest_route=%2Fwp%2Fv2%2Ftags&post=96898"}],"curies":[{"name":"wp","href":"https:\/\/api.w.org\/{rel}","templated":true}]}}