{"id":96906,"date":"2019-11-16T08:54:54","date_gmt":"2019-11-16T05:54:54","guid":{"rendered":"http:\/\/arantv.az\/?p=96906"},"modified":"2019-11-16T08:54:54","modified_gmt":"2019-11-16T05:54:54","slug":"meyit-%c9%99ti-v%c9%99-insan-qanindan-kolbasa-qida-ucun-yararlidir-aliml%c9%99rd%c9%99n-t%c9%99klif","status":"publish","type":"post","link":"https:\/\/arantv.az\/?p=96906","title":{"rendered":"Meyit \u0259ti v\u0259 insan qan\u0131ndan kolbasa qida \u00fc\u00e7\u00fcn yararl\u0131d\u0131r \u2013Aliml\u0259rd\u0259n t\u0259klif"},"content":{"rendered":"<div>Oktyabr ay\u0131nda Stokholmda ke\u00e7iril\u0259n elmi konfransda \u0130sve\u00e7 aliml\u0259ri d\u00fcnyan\u0131 \u015foka salan t\u0259klifl\u0259 \u00e7\u0131x\u0131\u015f etdil\u0259r v\u0259 bir \u00e7ox aliml\u0259r onlar\u0131 d\u0259st\u0259kl\u0259yir. Onlar elmi t\u0259dqiqatlarla s\u00fcbut edibl\u0259r ki, insan meyiti \u0259ti v\u0259 qan\u0131 qida \u00fc\u00e7\u00fcn yararl\u0131d\u0131r, yeyil\u0259 bil\u0259r, he\u00e7 bir z\u0259r\u0259ri yoxdur.<\/div>\n<div><\/div>\n<div><strong>ARANTV.AZ\u00a0<\/strong> x\u0259b\u0259r verir ki, professor Maqnus hesab edir ki, qlobal istil\u0259\u015fm\u0259 d\u00f6vr\u00fcnd\u0259 insanl\u0131\u011f\u0131 meyitl\u0259rd\u0259n al\u0131nm\u0131\u015f \u0259tl\u0259 xilas etm\u0259k olar. Bunun haniball\u0131qla \u0259laq\u0259si yoxdur. Bu tamam ba\u015fqa m\u0259s\u0259l\u0259dir. \u0130nsanlar he\u00e7 meyitin \u00f6z\u00fcn\u00fc g\u00f6rm\u0259y\u0259c\u0259k. \u018ft dig\u0259r \u0259td\u0259n g\u00f6r\u00fcn\u00fc\u015f\u00fc dad\u0131 il\u0259 f\u0259rql\u0259nm\u0259y\u0259c\u0259k.<\/div>\n<div>Art\u0131q Rusiyan\u0131n m\u0259\u015fhur h\u0259kim teleapar\u0131c\u0131s\u0131 Mal\u0131\u015feva da bu fikrin t\u0259r\u0259fdar\u0131 oldu\u011funu bildirib.<\/div>\n<div><\/div>\n<div>\u0130spaniyal\u0131 Teruel Raul is\u0259 insan qan\u0131ndan kolbasa icad edib. Bel\u0259 ki, h\u0259r bir insan \u00f6z qan\u0131ndan 40 ml g\u00f6t\u00fcrm\u0259kl\u0259 bu kolbasan\u0131 haz\u0131rlaya bil\u0259r.<\/div>\n<div>&#8220;Bu kolbasan\u0131 dadanlar etiraf edib ki, o \u00e7ox dadl\u0131d\u0131r. Hesab edir\u0259m ki, insanlar da canl\u0131 oldu\u011fu \u00fc\u00e7\u00fcn, bu kolbasa heyv\u0259n t\u0259rkibli hesab olunmal\u0131d\u0131r. \u00c7\u00fcnki qan qand\u0131r. Kolbasada heyvan \u0259ti istifad\u0259 edilm\u0259diyi \u00fc\u00e7\u00fcn onu vegeterianlar da yey\u0259 bil\u0259r\u201d.<\/div>\n<div><\/div>\n<div>Raul \u00f6z\u00fc me\u015f\u0259d\u0259 odun\u00e7udur. \u00c7oxdand\u0131r qandan qida d\u00fcz\u0259ltm\u0259k bar\u0259d\u0259 d\u00fc\u015f\u00fcn\u00fcr. O deyir ki, h\u0259r insan \u00f6z qan\u0131ndan olan kolbasan\u0131 yey\u0259 bil\u0259r. Bu h\u0259m sa\u011flaml\u0131q \u00fc\u00e7\u00fcn vacibdir, h\u0259m d\u0259 haniball\u0131q deyil.<\/div>\n<div><\/div>\n<div><\/div>\n<div><img src=\"https:\/\/www.medicina.az\/file\/pic\/xeber\/2019-11\/1573835487_9796619f9w.jpg\" \/><\/div>\n<div><\/div>\n<div>Medicina.az<\/div>\n","protected":false},"excerpt":{"rendered":"<p>Oktyabr ay\u0131nda Stokholmda ke\u00e7iril\u0259n elmi konfransda \u0130sve\u00e7 aliml\u0259ri d\u00fcnyan\u0131 \u015foka salan t\u0259klifl\u0259 \u00e7\u0131x\u0131\u015f etdil\u0259r v\u0259 bir \u00e7ox aliml\u0259r onlar\u0131 d\u0259st\u0259kl\u0259yir. Onlar elmi t\u0259dqiqatlarla s\u00fcbut edibl\u0259r ki, insan meyiti \u0259ti v\u0259 qan\u0131 qida \u00fc\u00e7\u00fcn yararl\u0131d\u0131r, yeyil\u0259 bil\u0259r, he\u00e7 bir z\u0259r\u0259ri yoxdur. ARANTV.AZ\u00a0 x\u0259b\u0259r verir ki, professor Maqnus hesab edir ki, qlobal istil\u0259\u015fm\u0259 d\u00f6vr\u00fcnd\u0259 insanl\u0131\u011f\u0131 meyitl\u0259rd\u0259n al\u0131nm\u0131\u015f \u0259tl\u0259 xilas etm\u0259k olar. Bunun haniball\u0131qla \u0259laq\u0259si yoxdur. Bu tamam ba\u015fqa m\u0259s\u0259l\u0259dir. \u0130nsanlar he\u00e7 meyitin \u00f6z\u00fcn\u00fc g\u00f6rm\u0259y\u0259c\u0259k. \u018ft dig\u0259r \u0259td\u0259n g\u00f6r\u00fcn\u00fc\u015f\u00fc dad\u0131 il\u0259 f\u0259rql\u0259nm\u0259y\u0259c\u0259k. Art\u0131q Rusiyan\u0131n m\u0259\u015fhur h\u0259kim teleapar\u0131c\u0131s\u0131 Mal\u0131\u015feva da bu fikrin t\u0259r\u0259fdar\u0131 oldu\u011funu&hellip;<\/p>\n","protected":false},"author":2,"featured_media":96907,"comment_status":"closed","ping_status":"closed","sticky":false,"template":"","format":"standard","meta":{"om_disable_all_campaigns":false,"_monsterinsights_skip_tracking":false,"_monsterinsights_sitenote_active":false,"_monsterinsights_sitenote_note":"","_monsterinsights_sitenote_category":0},"categories":[1],"tags":[],"aioseo_notices":[],"gutentor_comment":0,"rttpg_featured_image_url":{"full":["https:\/\/arantv.az\/wp-content\/uploads\/2019\/11\/1573835543_viande-in-vitro-min.jpg",800,500,false],"landscape":["https:\/\/arantv.az\/wp-content\/uploads\/2019\/11\/1573835543_viande-in-vitro-min.jpg",800,500,false],"portraits":["https:\/\/arantv.az\/wp-content\/uploads\/2019\/11\/1573835543_viande-in-vitro-min.jpg",800,500,false],"thumbnail":["https:\/\/arantv.az\/wp-content\/uploads\/2019\/11\/1573835543_viande-in-vitro-min-150x150.jpg",150,150,true],"medium":["https:\/\/arantv.az\/wp-content\/uploads\/2019\/11\/1573835543_viande-in-vitro-min-300x188.jpg",300,188,true],"large":["https:\/\/arantv.az\/wp-content\/uploads\/2019\/11\/1573835543_viande-in-vitro-min.jpg",640,400,false],"1536x1536":["https:\/\/arantv.az\/wp-content\/uploads\/2019\/11\/1573835543_viande-in-vitro-min.jpg",800,500,false],"2048x2048":["https:\/\/arantv.az\/wp-content\/uploads\/2019\/11\/1573835543_viande-in-vitro-min.jpg",800,500,false],"post-thumbnail":["https:\/\/arantv.az\/wp-content\/uploads\/2019\/11\/1573835543_viande-in-vitro-min-240x172.jpg",240,172,true],"advps-thumb-one":["https:\/\/arantv.az\/wp-content\/uploads\/2019\/11\/1573835543_viande-in-vitro-min.jpg",800,500,false]},"rttpg_author":{"display_name":"V\u00fcsal Rafiqo\u011flu","author_link":"https:\/\/arantv.az\/?author=2"},"rttpg_comment":0,"rttpg_category":"<a href=\"https:\/\/arantv.az\/?cat=1\" rel=\"category\">C\u0259miyy\u0259t<\/a>","rttpg_excerpt":"Oktyabr ay\u0131nda Stokholmda ke\u00e7iril\u0259n elmi konfransda \u0130sve\u00e7 aliml\u0259ri d\u00fcnyan\u0131 \u015foka salan t\u0259klifl\u0259 \u00e7\u0131x\u0131\u015f etdil\u0259r v\u0259 bir \u00e7ox aliml\u0259r onlar\u0131 d\u0259st\u0259kl\u0259yir. Onlar elmi t\u0259dqiqatlarla s\u00fcbut edibl\u0259r ki, insan meyiti \u0259ti v\u0259 qan\u0131 qida \u00fc\u00e7\u00fcn yararl\u0131d\u0131r, yeyil\u0259 bil\u0259r, he\u00e7 bir z\u0259r\u0259ri yoxdur. ARANTV.AZ\u00a0 x\u0259b\u0259r verir ki, professor Maqnus hesab edir ki, qlobal istil\u0259\u015fm\u0259 d\u00f6vr\u00fcnd\u0259 insanl\u0131\u011f\u0131 meyitl\u0259rd\u0259n al\u0131nm\u0131\u015f&hellip;","_links":{"self":[{"href":"https:\/\/arantv.az\/index.php?rest_route=\/wp\/v2\/posts\/96906"}],"collection":[{"href":"https:\/\/arantv.az\/index.php?rest_route=\/wp\/v2\/posts"}],"about":[{"href":"https:\/\/arantv.az\/index.php?rest_route=\/wp\/v2\/types\/post"}],"author":[{"embeddable":true,"href":"https:\/\/arantv.az\/index.php?rest_route=\/wp\/v2\/users\/2"}],"replies":[{"embeddable":true,"href":"https:\/\/arantv.az\/index.php?rest_route=%2Fwp%2Fv2%2Fcomments&post=96906"}],"version-history":[{"count":0,"href":"https:\/\/arantv.az\/index.php?rest_route=\/wp\/v2\/posts\/96906\/revisions"}],"wp:featuredmedia":[{"embeddable":true,"href":"https:\/\/arantv.az\/index.php?rest_route=\/wp\/v2\/media\/96907"}],"wp:attachment":[{"href":"https:\/\/arantv.az\/index.php?rest_route=%2Fwp%2Fv2%2Fmedia&parent=96906"}],"wp:term":[{"taxonomy":"category","embeddable":true,"href":"https:\/\/arantv.az\/index.php?rest_route=%2Fwp%2Fv2%2Fcategories&post=96906"},{"taxonomy":"post_tag","embeddable":true,"href":"https:\/\/arantv.az\/index.php?rest_route=%2Fwp%2Fv2%2Ftags&post=96906"}],"curies":[{"name":"wp","href":"https:\/\/api.w.org\/{rel}","templated":true}]}}