{"id":96975,"date":"2019-11-16T10:12:44","date_gmt":"2019-11-16T07:12:44","guid":{"rendered":"http:\/\/arantv.az\/?p=96975"},"modified":"2019-11-16T10:12:44","modified_gmt":"2019-11-16T07:12:44","slug":"deputat-az%c9%99rbaycan-v%c9%99-rusiya-prezidentl%c9%99rinin-birg%c9%99-s%c9%99yl%c9%99ri-il%c9%99-h%c9%99r-iki-olk%c9%99-mehriban-qonsuya-v%c9%99-strateji-t%c9%99r%c9%99fdasa-cevrilib","status":"publish","type":"post","link":"https:\/\/arantv.az\/?p=96975","title":{"rendered":"Deputat: &#8220;Az\u0259rbaycan v\u0259 Rusiya prezidentl\u0259rinin birg\u0259 s\u0259yl\u0259ri il\u0259 h\u0259r iki \u00f6lk\u0259 mehriban qon\u015fuya v\u0259 strateji t\u0259r\u0259fda\u015fa \u00e7evrilib&#8221;"},"content":{"rendered":"<blockquote><p><em><strong>Strateji t\u0259r\u0259fda\u015fl\u0131q s\u0259viyy\u0259sin\u0259 \u00e7atm\u0131\u015f Az\u0259rbaycan-Rusiya m\u00fcnasib\u0259tl\u0259ri Qafqazda t\u0259hl\u00fck\u0259sizliyin daha da m\u00f6hk\u0259ml\u0259nm\u0259si v\u0259 \u0259m\u0259kda\u015fl\u0131\u011f\u0131n inki\u015faf\u0131 \u00fc\u00e7\u00fcn m\u00fch\u00fcm \u0259h\u0259miyy\u0259t k\u0259sb edir.<\/strong><\/em><\/p><\/blockquote>\n<p><strong>ARANTV.AZ<\/strong> x\u0259b\u0259r verir ki, bunu\u00a0<a href=\"https:\/\/az.trend.az\/\" target=\"_blank\" rel=\"noopener\">Trend<\/a>-\u0259 Milli M\u0259clisin deputat\u0131 Ayd\u0131n H\u00fcseynov deyib.<\/p>\n<p>A.H\u00fcseynov bildirib ki, Az\u0259rbaycanla Rusiya aras\u0131nda h\u0259mi\u015f\u0259 isti m\u00fcnasibl\u0259r m\u00f6vcud olub: &#8220;Rusiya il\u0259 Az\u0259rbaycan qon\u015fu \u00f6lk\u0259l\u0259rdir v\u0259 daim bir-biril\u0259rini d\u0259st\u0259kl\u0259yibl\u0259r. H\u0259m\u00e7inin, Az\u0259rbaycan-Rusiya m\u00fcnasib\u0259tl\u0259rinin geni\u015f h\u00fcquqi bazas\u0131 var. \u0130ki \u00f6lk\u0259 aras\u0131nda m\u00fcnasib\u0259tl\u0259r b\u00fct\u00fcn istiqam\u0259tl\u0259rd\u0259 &#8211; siyasi, ticar\u0259t-iqtisadi, h\u0259rbi-m\u00fcdafi\u0259, elmi-texniki, m\u0259d\u0259ni v\u0259 humanitar sah\u0259l\u0259rd\u0259 inki\u015faf edir. Eyni zamanda, Az\u0259rbaycanda istehsal olunan k\u0259nd t\u0259s\u0259rr\u00fcfat\u0131 m\u0259hsullar\u0131 Rusiyaya ixrac edilir v\u0259 h\u0259r iki \u00f6lk\u0259nin xalqlar\u0131 bundan b\u0259hr\u0259l\u0259nir&#8221;.<\/p>\n<p>Deputat\u0131n s\u00f6zl\u0259rin g\u00f6r\u0259, Az\u0259rbaycan il\u0259 Rusiya aras\u0131nda \u0259laq\u0259l\u0259rin perspektivi daha b\u00f6y\u00fckd\u00fcr: &#8220;Hesab edir\u0259m ki, iki \u00f6lk\u0259 aras\u0131nda \u0259m\u0259kda\u015fl\u0131q potensial\u0131 daha geni\u015fdir. C\u0259nab Prezident \u0130lham \u018fliyev \u00f6z \u00e7\u0131x\u0131\u015flar\u0131nda bunu qeyd edib. Hesab edir\u0259m ki, Az\u0259rbaycan v\u0259 Rusiya d\u00f6vl\u0259t ba\u015f\u00e7\u0131lar\u0131n\u0131n qar\u015f\u0131l\u0131ql\u0131 s\u0259f\u0259rl\u0259ri, iki \u00f6lk\u0259 aras\u0131nda ke\u00e7iril\u0259n biznes forumlar v\u0259 dig\u0259r t\u0259dbirl\u0259r \u0259m\u0259kda\u015fl\u0131\u011f\u0131n daha da inki\u015faf etdirilm\u0259sin\u0259, ticar\u0259t d\u00f6vriyy\u0259sinin v\u0259 investisiya qoyulu\u015flar\u0131n\u0131n artmas\u0131na \u015f\u0259rait yaradacaq&#8221;.<\/p>\n<p>A.H\u00fcseynov \u0259lav\u0259 edib ki, Rusiya il\u0259 Az\u0259rbaycan aras\u0131nda \u0259laq\u0259l\u0259rin inki\u015faf\u0131nda v\u0259 strateji s\u0259viyy\u0259y\u0259 \u00e7atmas\u0131nda d\u00f6vl\u0259t ba\u015f\u00e7\u0131lar\u0131 aras\u0131nda olan s\u0259mimi m\u00fcnasib\u0259tl\u0259r m\u00fch\u00fcm rol oynay\u0131b: &#8220;Az\u0259rbaycan v\u0259 Rusiya prezidentl\u0259ri aras\u0131nda s\u0131x, qar\u015f\u0131l\u0131ql\u0131 etimada \u0259saslanan m\u00fcnasib\u0259tl\u0259r m\u00f6vcuddur. Prezident \u0130lham \u018fliyev noyabr\u0131n 15-d\u0259 Rusiya Federasiyas\u0131n\u0131n \u015eimali Qafqaz respublikalar\u0131ndan olan bir qrup m\u00fcs\u0259lman din xadimind\u0259n ibar\u0259t n\u00fcmay\u0259nd\u0259 hey\u0259tini q\u0259bul ed\u0259rk\u0259n d\u0259 bu m\u0259s\u0259l\u0259y\u0259 toxundu. Bildirdi ki, &#8220;Rusiya Prezidenti il\u0259 m\u0259ni yax\u0131n, etimada \u0259saslanan m\u00fcnasib\u0259tl\u0259r ba\u011flay\u0131r. Bu, \u00e7ox vacibdir. Biz d\u0259qiq ba\u015fa d\u00fc\u015f\u00fcr\u00fck ki, s\u0131x qar\u015f\u0131l\u0131ql\u0131 f\u0259aliyy\u0259timiz, strateji t\u0259r\u0259fda\u015fl\u0131\u011f\u0131m\u0131z bizim \u00fc\u00e7\u00fcn, xalqlar\u0131m\u0131z \u00fc\u00e7\u00fcn vacibdir. Bundan \u0259lav\u0259, \u015f\u0259xsi m\u00fcnasib\u0259tl\u0259r d\u0259 var. M\u0259hz bu qar\u015f\u0131l\u0131ql\u0131 etimad s\u0259viyy\u0259si \u00e7oxillik, s\u0259mimi v\u0259 h\u0259qiqi \u0259m\u0259kda\u015fl\u0131q say\u0259sind\u0259 qazan\u0131l\u0131b. Bu etimad s\u0259viyy\u0259si bizim h\u0259r hans\u0131 m\u0259s\u0259l\u0259l\u0259ri m\u00fczakir\u0259 etm\u0259yimiz\u0259 v\u0259 onlar\u0131 h\u0259ll etm\u0259yimiz\u0259 imkan verir. M\u0259n d\u0259 Rusiya Prezidentin\u0259 b\u00f6y\u00fck h\u00f6rm\u0259t b\u0259sl\u0259yir\u0259m&#8221;.<\/p>\n<p>M\u0259hz bu qar\u015f\u0131l\u0131ql\u0131 etimada \u0259saslanan m\u00fcnasib\u0259tl\u0259r n\u0259tic\u0259sind\u0259 iki \u00f6lk\u0259 aras\u0131nda \u0259m\u0259kda\u015fl\u0131q y\u00fcks\u0259k templ\u0259rl\u0259 inki\u015faf edir. Bu g\u00fcn iki \u00f6lk\u0259 prezidentl\u0259rinin birg\u0259 s\u0259yl\u0259ri il\u0259 Az\u0259rbaycan v\u0259 Rusiya mehriban qon\u015fulara v\u0259 strateji t\u0259r\u0259fda\u015f \u00f6lk\u0259l\u0259r\u0259 \u00e7evrilibl\u0259r&#8221;.<\/p>\n","protected":false},"excerpt":{"rendered":"<p>Strateji t\u0259r\u0259fda\u015fl\u0131q s\u0259viyy\u0259sin\u0259 \u00e7atm\u0131\u015f Az\u0259rbaycan-Rusiya m\u00fcnasib\u0259tl\u0259ri Qafqazda t\u0259hl\u00fck\u0259sizliyin daha da m\u00f6hk\u0259ml\u0259nm\u0259si v\u0259 \u0259m\u0259kda\u015fl\u0131\u011f\u0131n inki\u015faf\u0131 \u00fc\u00e7\u00fcn m\u00fch\u00fcm \u0259h\u0259miyy\u0259t k\u0259sb edir. ARANTV.AZ x\u0259b\u0259r verir ki, bunu\u00a0Trend-\u0259 Milli M\u0259clisin deputat\u0131 Ayd\u0131n H\u00fcseynov deyib. A.H\u00fcseynov bildirib ki, Az\u0259rbaycanla Rusiya aras\u0131nda h\u0259mi\u015f\u0259 isti m\u00fcnasibl\u0259r m\u00f6vcud olub: &#8220;Rusiya il\u0259 Az\u0259rbaycan qon\u015fu \u00f6lk\u0259l\u0259rdir v\u0259 daim bir-biril\u0259rini d\u0259st\u0259kl\u0259yibl\u0259r. H\u0259m\u00e7inin, Az\u0259rbaycan-Rusiya m\u00fcnasib\u0259tl\u0259rinin geni\u015f h\u00fcquqi bazas\u0131 var. \u0130ki \u00f6lk\u0259 aras\u0131nda m\u00fcnasib\u0259tl\u0259r b\u00fct\u00fcn istiqam\u0259tl\u0259rd\u0259 &#8211; siyasi, ticar\u0259t-iqtisadi, h\u0259rbi-m\u00fcdafi\u0259, elmi-texniki, m\u0259d\u0259ni v\u0259 humanitar sah\u0259l\u0259rd\u0259 inki\u015faf edir. Eyni zamanda, Az\u0259rbaycanda istehsal olunan k\u0259nd t\u0259s\u0259rr\u00fcfat\u0131 m\u0259hsullar\u0131 Rusiyaya ixrac edilir v\u0259 h\u0259r iki \u00f6lk\u0259nin xalqlar\u0131&hellip;<\/p>\n","protected":false},"author":2,"featured_media":96976,"comment_status":"closed","ping_status":"closed","sticky":false,"template":"","format":"standard","meta":{"om_disable_all_campaigns":false,"_monsterinsights_skip_tracking":false,"_monsterinsights_sitenote_active":false,"_monsterinsights_sitenote_note":"","_monsterinsights_sitenote_category":0},"categories":[4],"tags":[],"aioseo_notices":[],"gutentor_comment":0,"rttpg_featured_image_url":{"full":["https:\/\/arantv.az\/wp-content\/uploads\/2019\/11\/802717.jpg",800,600,false],"landscape":["https:\/\/arantv.az\/wp-content\/uploads\/2019\/11\/802717.jpg",800,600,false],"portraits":["https:\/\/arantv.az\/wp-content\/uploads\/2019\/11\/802717.jpg",800,600,false],"thumbnail":["https:\/\/arantv.az\/wp-content\/uploads\/2019\/11\/802717-150x150.jpg",150,150,true],"medium":["https:\/\/arantv.az\/wp-content\/uploads\/2019\/11\/802717-300x225.jpg",300,225,true],"large":["https:\/\/arantv.az\/wp-content\/uploads\/2019\/11\/802717.jpg",640,480,false],"1536x1536":["https:\/\/arantv.az\/wp-content\/uploads\/2019\/11\/802717.jpg",800,600,false],"2048x2048":["https:\/\/arantv.az\/wp-content\/uploads\/2019\/11\/802717.jpg",800,600,false],"post-thumbnail":["https:\/\/arantv.az\/wp-content\/uploads\/2019\/11\/802717-240x172.jpg",240,172,true],"advps-thumb-one":["https:\/\/arantv.az\/wp-content\/uploads\/2019\/11\/802717.jpg",800,600,false]},"rttpg_author":{"display_name":"V\u00fcsal Rafiqo\u011flu","author_link":"https:\/\/arantv.az\/?author=2"},"rttpg_comment":0,"rttpg_category":"<a href=\"https:\/\/arantv.az\/?cat=4\" rel=\"category\">Siyas\u0259t<\/a>","rttpg_excerpt":"Strateji t\u0259r\u0259fda\u015fl\u0131q s\u0259viyy\u0259sin\u0259 \u00e7atm\u0131\u015f Az\u0259rbaycan-Rusiya m\u00fcnasib\u0259tl\u0259ri Qafqazda t\u0259hl\u00fck\u0259sizliyin daha da m\u00f6hk\u0259ml\u0259nm\u0259si v\u0259 \u0259m\u0259kda\u015fl\u0131\u011f\u0131n inki\u015faf\u0131 \u00fc\u00e7\u00fcn m\u00fch\u00fcm \u0259h\u0259miyy\u0259t k\u0259sb edir. ARANTV.AZ x\u0259b\u0259r verir ki, bunu\u00a0Trend-\u0259 Milli M\u0259clisin deputat\u0131 Ayd\u0131n H\u00fcseynov deyib. A.H\u00fcseynov bildirib ki, Az\u0259rbaycanla Rusiya aras\u0131nda h\u0259mi\u015f\u0259 isti m\u00fcnasibl\u0259r m\u00f6vcud olub: &#8220;Rusiya il\u0259 Az\u0259rbaycan qon\u015fu \u00f6lk\u0259l\u0259rdir v\u0259 daim bir-biril\u0259rini d\u0259st\u0259kl\u0259yibl\u0259r. H\u0259m\u00e7inin, Az\u0259rbaycan-Rusiya m\u00fcnasib\u0259tl\u0259rinin geni\u015f h\u00fcquqi&hellip;","_links":{"self":[{"href":"https:\/\/arantv.az\/index.php?rest_route=\/wp\/v2\/posts\/96975"}],"collection":[{"href":"https:\/\/arantv.az\/index.php?rest_route=\/wp\/v2\/posts"}],"about":[{"href":"https:\/\/arantv.az\/index.php?rest_route=\/wp\/v2\/types\/post"}],"author":[{"embeddable":true,"href":"https:\/\/arantv.az\/index.php?rest_route=\/wp\/v2\/users\/2"}],"replies":[{"embeddable":true,"href":"https:\/\/arantv.az\/index.php?rest_route=%2Fwp%2Fv2%2Fcomments&post=96975"}],"version-history":[{"count":0,"href":"https:\/\/arantv.az\/index.php?rest_route=\/wp\/v2\/posts\/96975\/revisions"}],"wp:featuredmedia":[{"embeddable":true,"href":"https:\/\/arantv.az\/index.php?rest_route=\/wp\/v2\/media\/96976"}],"wp:attachment":[{"href":"https:\/\/arantv.az\/index.php?rest_route=%2Fwp%2Fv2%2Fmedia&parent=96975"}],"wp:term":[{"taxonomy":"category","embeddable":true,"href":"https:\/\/arantv.az\/index.php?rest_route=%2Fwp%2Fv2%2Fcategories&post=96975"},{"taxonomy":"post_tag","embeddable":true,"href":"https:\/\/arantv.az\/index.php?rest_route=%2Fwp%2Fv2%2Ftags&post=96975"}],"curies":[{"name":"wp","href":"https:\/\/api.w.org\/{rel}","templated":true}]}}