{"id":96987,"date":"2019-11-16T10:45:49","date_gmt":"2019-11-16T07:45:49","guid":{"rendered":"http:\/\/arantv.az\/?p=96987"},"modified":"2019-11-16T10:45:49","modified_gmt":"2019-11-16T07:45:49","slug":"futbol-millimiz-hec-vaxt-qalib-g%c9%99l%c9%99-bilm%c9%99diyi-r%c9%99qibl%c9%99-bakida-ilin-son-gorusun%c9%99-cixir","status":"publish","type":"post","link":"https:\/\/arantv.az\/?p=96987","title":{"rendered":"Futbol millimiz he\u00e7 vaxt qalib g\u0259l\u0259 bilm\u0259diyi r\u0259qibl\u0259 Bak\u0131da ilin son g\u00f6r\u00fc\u015f\u00fcn\u0259 \u00e7\u0131x\u0131r"},"content":{"rendered":"<p>Bu g\u00fcn Avro-2020-nin se\u00e7m\u0259 m\u0259rh\u0259l\u0259sind\u0259 millimiz Bak\u0131da son g\u00f6r\u00fc\u015f\u00fcn\u0259 \u00e7\u0131xacaq.<\/p>\n<p><b>ARANTV.AZ\u00a0<\/b> x\u0259b\u0259r verir ki, y\u0131\u011fmam\u0131z daha \u0259vv\u0259l yeddi d\u0259f\u0259 qar\u015f\u0131la\u015fd\u0131\u011f\u0131 v\u0259 he\u00e7 vaxt qalib g\u0259l\u0259 bilm\u0259diyi (c\u0259mi bir d\u0259f\u0259 Bak\u0131da 1:1-lik he\u00e7-he\u00e7\u0259y\u0259 nail olmu\u015fuq \u2013 S.M.) Uelsi q\u0259bul ed\u0259c\u0259k.<\/p>\n<p>Bu mat\u00e7 h\u0259m d\u0259 y\u0131\u011fmam\u0131z \u00fc\u00e7\u00fcn 2019-cu ilin Bak\u0131da son mat\u00e7\u0131 olacaq. Komandam\u0131z yer ald\u0131\u011f\u0131 E qrupunda bir xalla sonuncudur v\u0259 d\u00f6rd oyunu Bak\u0131da ke\u00e7iril\u0259c\u0259k Avro-2020-y\u0259 \u00e7\u0131xmaq imkan\u0131ndan m\u0259hrumdur. \u00dcst\u0259lik, komandam\u0131z\u0131n qrupda sonuncu olaca\u011f\u0131 da d\u0259qiql\u0259\u015fib.<\/p>\n<div id=\"AdviadNativeVideo0\" class=\"AdviadNativeVideo\"><\/div>\n<p>Millimizin indiki r\u0259qibini vaxt\u0131 il\u0259 y\u0131\u011fmam\u0131za qar\u015f\u0131 oynam\u0131\u015f, h\u0259tta 2005-ci ilin oktyabr\u0131n 12-d\u0259 dubl etmi\u015f sabiq \u201cMan\u00e7ester Yunayted\u201din \u00fczv\u00fc Rayan Qiqz \u00e7al\u0131\u015fd\u0131r\u0131r. Uels s\u0259kkiz xalla qrupda d\u00f6rd\u00fcnc\u00fc olsa da, h\u0259l\u0259 d\u0259 Avro-2020 \u015fanslar\u0131n\u0131 saxlay\u0131r.<\/p>\n<p>B\u00f6y\u00fck Britaniya t\u0259msil\u00e7isi Bak\u0131da he\u00e7-he\u00e7\u0259 ets\u0259, dig\u0259r g\u00f6r\u00fc\u015f\u00fcn \u2013 saat 23:45-d\u0259 ba\u015flayacaq Xorvatiya \u2013 Slovakiya mat\u00e7\u0131n\u0131n n\u0259tic\u0259sind\u0259n taleyi as\u0131l\u0131 olacaq. Uels Bak\u0131da millimiz\u0259 uduzsa, Avro-2020 x\u0259yallar\u0131n\u0131n \u00fcst\u00fcnd\u0259n x\u0259tt \u00e7\u0259k\u0259c\u0259k. Bu s\u0259b\u0259bd\u0259n qalliyal\u0131lar Bak\u0131ya yaln\u0131z q\u0259l\u0259b\u0259 \u00fc\u00e7\u00fcn g\u0259lib.<\/p>\n<p>8-ci km q\u0259s\u0259b\u0259sind\u0259 yerl\u0259\u015f\u0259n \u201cBakcell Arena\u201dda ke\u00e7iril\u0259c\u0259k v\u0259 saat 21:00-da ba\u015flayacaq g\u00f6r\u00fc\u015f\u00fcn ba\u015f hakimi Almaniyan\u0131n m\u0259\u015fhur t\u00fcrk hakimi D\u0259niz Ayt\u0259kindir. 41 ya\u015fl\u0131 Ayt\u0259kin millimizin oyununda i\u015f ba\u015f\u0131nda olmasa da, iki il \u0259vv\u0259l \u201cQaraba\u011f\u201d\u0131n Madridd\u0259 \u201cAtletiko\u201d il\u0259 \u00c7empionlar Liqas\u0131ndak\u0131 mat\u00e7\u0131n\u0131 idar\u0259 edib.<\/p>\n<p>1:1 hesab\u0131 il\u0259 ba\u015fa \u00e7atan h\u0259min g\u00f6r\u00fc\u015fd\u0259 h\u0259r iki komandan\u0131n futbol\u00e7ular\u0131 q\u0131rm\u0131z\u0131 v\u0259r\u0259q\u0259 il\u0259 meydandan qovulub. \u018fvv\u0259l \u201cQaraba\u011f\u201ddan braziliyal\u0131 Pedro Enrike, daha sonra \u201cAtletiko\u201ddan monteneqrolu Stefan Savi\u00e7 c\u0259zaland\u0131r\u0131l\u0131b. H\u0259m\u00e7inin, A\u011fdam komandas\u0131n\u0131n m\u0259rk\u0259z m\u00fcdafi\u0259\u00e7il\u0259ri \u2013 R\u0259\u015fad Sad\u0131qovla pol\u015fal\u0131 Yakub Jezni\u00e7ak sar\u0131 v\u0259r\u0259q\u0259 al\u0131b.<\/p>\n<p>D\u0259niz Ayt\u0259kin art\u0131q bir d\u0259f\u0259 Uelsin oyununu idar\u0259 edib. Bu, \u00f6t\u0259n il Mill\u0259tl\u0259r Liqas\u0131 \u00e7\u0259r\u00e7iv\u0259sind\u0259 ke\u00e7iril\u0259n Danimarka \u2013 Uels mat\u00e7\u0131nda olub. H\u0259min g\u00f6r\u00fc\u015fd\u0259 Danimarka 2:0 qalib g\u0259lib.\u00a0Oxu.Az<\/p>\n","protected":false},"excerpt":{"rendered":"<p>Bu g\u00fcn Avro-2020-nin se\u00e7m\u0259 m\u0259rh\u0259l\u0259sind\u0259 millimiz Bak\u0131da son g\u00f6r\u00fc\u015f\u00fcn\u0259 \u00e7\u0131xacaq. ARANTV.AZ\u00a0 x\u0259b\u0259r verir ki, y\u0131\u011fmam\u0131z daha \u0259vv\u0259l yeddi d\u0259f\u0259 qar\u015f\u0131la\u015fd\u0131\u011f\u0131 v\u0259 he\u00e7 vaxt qalib g\u0259l\u0259 bilm\u0259diyi (c\u0259mi bir d\u0259f\u0259 Bak\u0131da 1:1-lik he\u00e7-he\u00e7\u0259y\u0259 nail olmu\u015fuq \u2013 S.M.) Uelsi q\u0259bul ed\u0259c\u0259k. Bu mat\u00e7 h\u0259m d\u0259 y\u0131\u011fmam\u0131z \u00fc\u00e7\u00fcn 2019-cu ilin Bak\u0131da son mat\u00e7\u0131 olacaq. Komandam\u0131z yer ald\u0131\u011f\u0131 E qrupunda bir xalla sonuncudur v\u0259 d\u00f6rd oyunu Bak\u0131da ke\u00e7iril\u0259c\u0259k Avro-2020-y\u0259 \u00e7\u0131xmaq imkan\u0131ndan m\u0259hrumdur. \u00dcst\u0259lik, komandam\u0131z\u0131n qrupda sonuncu olaca\u011f\u0131 da d\u0259qiql\u0259\u015fib. Millimizin indiki r\u0259qibini vaxt\u0131 il\u0259 y\u0131\u011fmam\u0131za qar\u015f\u0131 oynam\u0131\u015f, h\u0259tta 2005-ci ilin oktyabr\u0131n 12-d\u0259 dubl etmi\u015f&hellip;<\/p>\n","protected":false},"author":2,"featured_media":96988,"comment_status":"closed","ping_status":"closed","sticky":false,"template":"","format":"standard","meta":{"om_disable_all_campaigns":false,"_monsterinsights_skip_tracking":false,"_monsterinsights_sitenote_active":false,"_monsterinsights_sitenote_note":"","_monsterinsights_sitenote_category":0},"categories":[6],"tags":[],"aioseo_notices":[],"gutentor_comment":0,"rttpg_featured_image_url":{"full":["https:\/\/arantv.az\/wp-content\/uploads\/2019\/11\/2.45080869.jpg",620,373,false],"landscape":["https:\/\/arantv.az\/wp-content\/uploads\/2019\/11\/2.45080869.jpg",620,373,false],"portraits":["https:\/\/arantv.az\/wp-content\/uploads\/2019\/11\/2.45080869.jpg",620,373,false],"thumbnail":["https:\/\/arantv.az\/wp-content\/uploads\/2019\/11\/2.45080869-150x150.jpg",150,150,true],"medium":["https:\/\/arantv.az\/wp-content\/uploads\/2019\/11\/2.45080869-300x180.jpg",300,180,true],"large":["https:\/\/arantv.az\/wp-content\/uploads\/2019\/11\/2.45080869.jpg",620,373,false],"1536x1536":["https:\/\/arantv.az\/wp-content\/uploads\/2019\/11\/2.45080869.jpg",620,373,false],"2048x2048":["https:\/\/arantv.az\/wp-content\/uploads\/2019\/11\/2.45080869.jpg",620,373,false],"post-thumbnail":["https:\/\/arantv.az\/wp-content\/uploads\/2019\/11\/2.45080869-240x172.jpg",240,172,true],"advps-thumb-one":["https:\/\/arantv.az\/wp-content\/uploads\/2019\/11\/2.45080869.jpg",620,373,false]},"rttpg_author":{"display_name":"V\u00fcsal Rafiqo\u011flu","author_link":"https:\/\/arantv.az\/?author=2"},"rttpg_comment":0,"rttpg_category":"<a href=\"https:\/\/arantv.az\/?cat=6\" rel=\"category\">\u0130dman<\/a>","rttpg_excerpt":"Bu g\u00fcn Avro-2020-nin se\u00e7m\u0259 m\u0259rh\u0259l\u0259sind\u0259 millimiz Bak\u0131da son g\u00f6r\u00fc\u015f\u00fcn\u0259 \u00e7\u0131xacaq. ARANTV.AZ\u00a0 x\u0259b\u0259r verir ki, y\u0131\u011fmam\u0131z daha \u0259vv\u0259l yeddi d\u0259f\u0259 qar\u015f\u0131la\u015fd\u0131\u011f\u0131 v\u0259 he\u00e7 vaxt qalib g\u0259l\u0259 bilm\u0259diyi (c\u0259mi bir d\u0259f\u0259 Bak\u0131da 1:1-lik he\u00e7-he\u00e7\u0259y\u0259 nail olmu\u015fuq \u2013 S.M.) Uelsi q\u0259bul ed\u0259c\u0259k. Bu mat\u00e7 h\u0259m d\u0259 y\u0131\u011fmam\u0131z \u00fc\u00e7\u00fcn 2019-cu ilin Bak\u0131da son mat\u00e7\u0131 olacaq. Komandam\u0131z yer ald\u0131\u011f\u0131 E&hellip;","_links":{"self":[{"href":"https:\/\/arantv.az\/index.php?rest_route=\/wp\/v2\/posts\/96987"}],"collection":[{"href":"https:\/\/arantv.az\/index.php?rest_route=\/wp\/v2\/posts"}],"about":[{"href":"https:\/\/arantv.az\/index.php?rest_route=\/wp\/v2\/types\/post"}],"author":[{"embeddable":true,"href":"https:\/\/arantv.az\/index.php?rest_route=\/wp\/v2\/users\/2"}],"replies":[{"embeddable":true,"href":"https:\/\/arantv.az\/index.php?rest_route=%2Fwp%2Fv2%2Fcomments&post=96987"}],"version-history":[{"count":0,"href":"https:\/\/arantv.az\/index.php?rest_route=\/wp\/v2\/posts\/96987\/revisions"}],"wp:featuredmedia":[{"embeddable":true,"href":"https:\/\/arantv.az\/index.php?rest_route=\/wp\/v2\/media\/96988"}],"wp:attachment":[{"href":"https:\/\/arantv.az\/index.php?rest_route=%2Fwp%2Fv2%2Fmedia&parent=96987"}],"wp:term":[{"taxonomy":"category","embeddable":true,"href":"https:\/\/arantv.az\/index.php?rest_route=%2Fwp%2Fv2%2Fcategories&post=96987"},{"taxonomy":"post_tag","embeddable":true,"href":"https:\/\/arantv.az\/index.php?rest_route=%2Fwp%2Fv2%2Ftags&post=96987"}],"curies":[{"name":"wp","href":"https:\/\/api.w.org\/{rel}","templated":true}]}}