{"id":96991,"date":"2019-11-16T10:48:40","date_gmt":"2019-11-16T07:48:40","guid":{"rendered":"http:\/\/arantv.az\/?p=96991"},"modified":"2019-11-16T10:48:40","modified_gmt":"2019-11-16T07:48:40","slug":"itl%c9%99r-onlara-yem-ver%c9%99n-h%c9%99rbcini-parcaladi","status":"publish","type":"post","link":"https:\/\/arantv.az\/?p=96991","title":{"rendered":"\u0130tl\u0259r onlara yem ver\u0259n h\u0259rb\u00e7ini PAR\u00c7ALADI"},"content":{"rendered":"<p>Avstriyada xidm\u0259ti itl\u0259r onlar\u0131 b\u0259sl\u0259y\u0259n h\u0259rb\u00e7ini par\u00e7alay\u0131blar.<\/p>\n<p><b>ARANTV.AZ<\/b>-\u0131n lenta.ru-ya istinad\u0259n verdiyi x\u0259b\u0259r\u0259 g\u00f6r\u0259, bu bar\u0259d\u0259 Daily Mail yaz\u0131r.<\/p>\n<p>31 ya\u015fl\u0131 kinoloq (itl\u0259rin t\u0259limi v\u0259 b\u0259sl\u0259nm\u0259si \u00fczr\u0259 m\u00fct\u0259x\u0259ssis) 2017-ci ild\u0259n itl\u0259rl\u0259 i\u015fl\u0259yib.<\/p>\n<p>O, paytaxt\u0131n yax\u0131nl\u0131\u011f\u0131ndak\u0131 h\u0259rbi hiss\u0259d\u0259 heyvanlara qulluq \u00fc\u00e7\u00fcn t\u0259yin olunmu\u015fdu.<\/p>\n<p>Avstriya M\u00fcdafi\u0259 Nazirliyi itl\u0259rd\u0259n birinin xidm\u0259t \u00fc\u00e7\u00fcn tam haz\u0131rl\u0131ql\u0131 oldu\u011funu, ikincisinin h\u0259l\u0259 m\u0259\u015fq etm\u0259mi\u015f oldu\u011funu bildirib.<\/p>\n<p>Avstriya Prezidenti Aleksander Van der Bellen \u00f6l\u0259n h\u0259rb\u00e7inin ail\u0259sin\u0259 ba\u015fsa\u011fl\u0131\u011f\u0131 verib.<\/p>\n<p><img class=\"imgbcodecent\" src=\"https:\/\/upload.az\/foto\/arxiv\/b_61573888725.jpg\" alt=\"\u0130tl\u0259r onlara yem ver\u0259n h\u0259rb\u00e7ini PAR\u00c7ALADI\" \/><\/p>\n<p>Qeyd ed\u0259k ki, Avstriya ordusunda 170 xidm\u0259ti it saxlan\u0131l\u0131r.<\/p>\n","protected":false},"excerpt":{"rendered":"<p>Avstriyada xidm\u0259ti itl\u0259r onlar\u0131 b\u0259sl\u0259y\u0259n h\u0259rb\u00e7ini par\u00e7alay\u0131blar. ARANTV.AZ-\u0131n lenta.ru-ya istinad\u0259n verdiyi x\u0259b\u0259r\u0259 g\u00f6r\u0259, bu bar\u0259d\u0259 Daily Mail yaz\u0131r. 31 ya\u015fl\u0131 kinoloq (itl\u0259rin t\u0259limi v\u0259 b\u0259sl\u0259nm\u0259si \u00fczr\u0259 m\u00fct\u0259x\u0259ssis) 2017-ci ild\u0259n itl\u0259rl\u0259 i\u015fl\u0259yib. O, paytaxt\u0131n yax\u0131nl\u0131\u011f\u0131ndak\u0131 h\u0259rbi hiss\u0259d\u0259 heyvanlara qulluq \u00fc\u00e7\u00fcn t\u0259yin olunmu\u015fdu. Avstriya M\u00fcdafi\u0259 Nazirliyi itl\u0259rd\u0259n birinin xidm\u0259t \u00fc\u00e7\u00fcn tam haz\u0131rl\u0131ql\u0131 oldu\u011funu, ikincisinin h\u0259l\u0259 m\u0259\u015fq etm\u0259mi\u015f oldu\u011funu bildirib. Avstriya Prezidenti Aleksander Van der Bellen \u00f6l\u0259n h\u0259rb\u00e7inin ail\u0259sin\u0259 ba\u015fsa\u011fl\u0131\u011f\u0131 verib. Qeyd ed\u0259k ki, Avstriya ordusunda 170 xidm\u0259ti it saxlan\u0131l\u0131r.<\/p>\n","protected":false},"author":2,"featured_media":96993,"comment_status":"closed","ping_status":"closed","sticky":false,"template":"","format":"standard","meta":{"om_disable_all_campaigns":false,"_monsterinsights_skip_tracking":false,"_monsterinsights_sitenote_active":false,"_monsterinsights_sitenote_note":"","_monsterinsights_sitenote_category":0},"categories":[7],"tags":[],"aioseo_notices":[],"gutentor_comment":0,"rttpg_featured_image_url":{"full":["https:\/\/arantv.az\/wp-content\/uploads\/2019\/11\/a_71573888725-1.jpg",634,422,false],"landscape":["https:\/\/arantv.az\/wp-content\/uploads\/2019\/11\/a_71573888725-1.jpg",634,422,false],"portraits":["https:\/\/arantv.az\/wp-content\/uploads\/2019\/11\/a_71573888725-1.jpg",634,422,false],"thumbnail":["https:\/\/arantv.az\/wp-content\/uploads\/2019\/11\/a_71573888725-1-150x150.jpg",150,150,true],"medium":["https:\/\/arantv.az\/wp-content\/uploads\/2019\/11\/a_71573888725-1-300x200.jpg",300,200,true],"large":["https:\/\/arantv.az\/wp-content\/uploads\/2019\/11\/a_71573888725-1.jpg",634,422,false],"1536x1536":["https:\/\/arantv.az\/wp-content\/uploads\/2019\/11\/a_71573888725-1.jpg",634,422,false],"2048x2048":["https:\/\/arantv.az\/wp-content\/uploads\/2019\/11\/a_71573888725-1.jpg",634,422,false],"post-thumbnail":["https:\/\/arantv.az\/wp-content\/uploads\/2019\/11\/a_71573888725-1-240x172.jpg",240,172,true],"advps-thumb-one":["https:\/\/arantv.az\/wp-content\/uploads\/2019\/11\/a_71573888725-1.jpg",634,422,false]},"rttpg_author":{"display_name":"V\u00fcsal Rafiqo\u011flu","author_link":"https:\/\/arantv.az\/?author=2"},"rttpg_comment":0,"rttpg_category":"<a href=\"https:\/\/arantv.az\/?cat=7\" rel=\"category\">D\u00fcnya<\/a>","rttpg_excerpt":"Avstriyada xidm\u0259ti itl\u0259r onlar\u0131 b\u0259sl\u0259y\u0259n h\u0259rb\u00e7ini par\u00e7alay\u0131blar. ARANTV.AZ-\u0131n lenta.ru-ya istinad\u0259n verdiyi x\u0259b\u0259r\u0259 g\u00f6r\u0259, bu bar\u0259d\u0259 Daily Mail yaz\u0131r. 31 ya\u015fl\u0131 kinoloq (itl\u0259rin t\u0259limi v\u0259 b\u0259sl\u0259nm\u0259si \u00fczr\u0259 m\u00fct\u0259x\u0259ssis) 2017-ci ild\u0259n itl\u0259rl\u0259 i\u015fl\u0259yib. O, paytaxt\u0131n yax\u0131nl\u0131\u011f\u0131ndak\u0131 h\u0259rbi hiss\u0259d\u0259 heyvanlara qulluq \u00fc\u00e7\u00fcn t\u0259yin olunmu\u015fdu. Avstriya M\u00fcdafi\u0259 Nazirliyi itl\u0259rd\u0259n birinin xidm\u0259t \u00fc\u00e7\u00fcn tam haz\u0131rl\u0131ql\u0131 oldu\u011funu, ikincisinin h\u0259l\u0259 m\u0259\u015fq etm\u0259mi\u015f&hellip;","_links":{"self":[{"href":"https:\/\/arantv.az\/index.php?rest_route=\/wp\/v2\/posts\/96991"}],"collection":[{"href":"https:\/\/arantv.az\/index.php?rest_route=\/wp\/v2\/posts"}],"about":[{"href":"https:\/\/arantv.az\/index.php?rest_route=\/wp\/v2\/types\/post"}],"author":[{"embeddable":true,"href":"https:\/\/arantv.az\/index.php?rest_route=\/wp\/v2\/users\/2"}],"replies":[{"embeddable":true,"href":"https:\/\/arantv.az\/index.php?rest_route=%2Fwp%2Fv2%2Fcomments&post=96991"}],"version-history":[{"count":0,"href":"https:\/\/arantv.az\/index.php?rest_route=\/wp\/v2\/posts\/96991\/revisions"}],"wp:featuredmedia":[{"embeddable":true,"href":"https:\/\/arantv.az\/index.php?rest_route=\/wp\/v2\/media\/96993"}],"wp:attachment":[{"href":"https:\/\/arantv.az\/index.php?rest_route=%2Fwp%2Fv2%2Fmedia&parent=96991"}],"wp:term":[{"taxonomy":"category","embeddable":true,"href":"https:\/\/arantv.az\/index.php?rest_route=%2Fwp%2Fv2%2Fcategories&post=96991"},{"taxonomy":"post_tag","embeddable":true,"href":"https:\/\/arantv.az\/index.php?rest_route=%2Fwp%2Fv2%2Ftags&post=96991"}],"curies":[{"name":"wp","href":"https:\/\/api.w.org\/{rel}","templated":true}]}}