{"id":97012,"date":"2019-11-16T10:55:56","date_gmt":"2019-11-16T07:55:56","guid":{"rendered":"http:\/\/arantv.az\/?p=97012"},"modified":"2019-11-16T10:55:56","modified_gmt":"2019-11-16T07:55:56","slug":"bagdadda-partlayis-6-n%c9%99f%c9%99r-olub-30-n%c9%99f%c9%99r-yaralanib","status":"publish","type":"post","link":"https:\/\/arantv.az\/?p=97012","title":{"rendered":"Ba\u011fdadda partlay\u0131\u015f: 6 n\u0259f\u0259r \u00f6l\u00fcb, 30 n\u0259f\u0259r yaralan\u0131b"},"content":{"rendered":"<p><strong>\u0130raq\u0131n paytaxt\u0131 Ba\u011fdadda h\u00f6kum\u0259t \u0259leyhin\u0259 etiraz aksiyalar\u0131n\u0131n ke\u00e7irildiyi yerin yax\u0131nl\u0131\u011f\u0131nda ba\u015f ver\u0259n partlay\u0131\u015f n\u0259tic\u0259sind\u0259 6 n\u0259f\u0259r \u00f6l\u00fcb, daha 30 n\u0259f\u0259r yaralan\u0131b.<\/strong><\/p>\n<p><strong>ARANTV.AZ<\/strong>\u00a0<a href=\"https:\/\/az.trend.az\/\" target=\"_blank\" rel=\"noopener\">Trend<\/a>-\u0259 istinad\u0259n x\u0259b\u0259r verir ki, partlay\u0131c\u0131 qur\u011fu avtomobilin alt\u0131nda qura\u015fd\u0131r\u0131l\u0131b. Partlay\u0131\u015f noyabr\u0131n 15-d\u0259 ax\u015fam saatlar\u0131nda etirazlar\u0131n ke\u00e7irildiyi T\u0259hrir meydan\u0131n\u0131n yax\u0131nl\u0131\u011f\u0131nda yerl\u0259\u015f\u0259n \u0259l-T\u0259yar\u0259n meydan\u0131nda ba\u015f verib.<\/p>\n<p>Oktyabr ay\u0131n\u0131n \u0259vv\u0259lind\u0259n davam ed\u0259n etirazlar zaman\u0131 aksiya i\u015ftirak\u00e7\u0131lar\u0131 h\u00f6kum\u0259tin istefas\u0131n\u0131, korrupsiyaya, i\u015fsizliy\u0259 qar\u015f\u0131 m\u00fcbariz\u0259ni v\u0259 daha yax\u015f\u0131 ya\u015fay\u0131\u015f \u015f\u0259raitini t\u0259l\u0259b edirl\u0259r. \u0130raq\u0131n Ba\u015f naziri n\u00fcmayi\u015fl\u0259rin ba\u015flamas\u0131ndan \u0259vv\u0259l Nazirl\u0259r Kabinetind\u0259 yerd\u0259yi\u015fm\u0259l\u0259ri v\u0259 se\u00e7ki qanununda d\u0259yi\u015fiklik etm\u0259yi planla\u015fd\u0131rd\u0131\u011f\u0131n\u0131 a\u00e7\u0131qlam\u0131\u015fd\u0131. Bununla birlikd\u0259, b\u00fct\u00fcn h\u00f6kum\u0259tin istefas\u0131n\u0131 \u00f6lk\u0259ni xaosa s\u00fcr\u00fckl\u0259y\u0259c\u0259yini s\u00f6yl\u0259mi\u015fdi.<\/p>\n","protected":false},"excerpt":{"rendered":"<p>\u0130raq\u0131n paytaxt\u0131 Ba\u011fdadda h\u00f6kum\u0259t \u0259leyhin\u0259 etiraz aksiyalar\u0131n\u0131n ke\u00e7irildiyi yerin yax\u0131nl\u0131\u011f\u0131nda ba\u015f ver\u0259n partlay\u0131\u015f n\u0259tic\u0259sind\u0259 6 n\u0259f\u0259r \u00f6l\u00fcb, daha 30 n\u0259f\u0259r yaralan\u0131b. ARANTV.AZ\u00a0Trend-\u0259 istinad\u0259n x\u0259b\u0259r verir ki, partlay\u0131c\u0131 qur\u011fu avtomobilin alt\u0131nda qura\u015fd\u0131r\u0131l\u0131b. Partlay\u0131\u015f noyabr\u0131n 15-d\u0259 ax\u015fam saatlar\u0131nda etirazlar\u0131n ke\u00e7irildiyi T\u0259hrir meydan\u0131n\u0131n yax\u0131nl\u0131\u011f\u0131nda yerl\u0259\u015f\u0259n \u0259l-T\u0259yar\u0259n meydan\u0131nda ba\u015f verib. Oktyabr ay\u0131n\u0131n \u0259vv\u0259lind\u0259n davam ed\u0259n etirazlar zaman\u0131 aksiya i\u015ftirak\u00e7\u0131lar\u0131 h\u00f6kum\u0259tin istefas\u0131n\u0131, korrupsiyaya, i\u015fsizliy\u0259 qar\u015f\u0131 m\u00fcbariz\u0259ni v\u0259 daha yax\u015f\u0131 ya\u015fay\u0131\u015f \u015f\u0259raitini t\u0259l\u0259b edirl\u0259r. \u0130raq\u0131n Ba\u015f naziri n\u00fcmayi\u015fl\u0259rin ba\u015flamas\u0131ndan \u0259vv\u0259l Nazirl\u0259r Kabinetind\u0259 yerd\u0259yi\u015fm\u0259l\u0259ri v\u0259 se\u00e7ki qanununda d\u0259yi\u015fiklik etm\u0259yi planla\u015fd\u0131rd\u0131\u011f\u0131n\u0131 a\u00e7\u0131qlam\u0131\u015fd\u0131. Bununla birlikd\u0259, b\u00fct\u00fcn h\u00f6kum\u0259tin istefas\u0131n\u0131 \u00f6lk\u0259ni&hellip;<\/p>\n","protected":false},"author":2,"featured_media":97013,"comment_status":"closed","ping_status":"closed","sticky":false,"template":"","format":"standard","meta":{"om_disable_all_campaigns":false,"_monsterinsights_skip_tracking":false,"_monsterinsights_sitenote_active":false,"_monsterinsights_sitenote_note":"","_monsterinsights_sitenote_category":0},"categories":[7],"tags":[],"aioseo_notices":[],"gutentor_comment":0,"rttpg_featured_image_url":{"full":["https:\/\/arantv.az\/wp-content\/uploads\/2019\/11\/802724.jpg",800,600,false],"landscape":["https:\/\/arantv.az\/wp-content\/uploads\/2019\/11\/802724.jpg",800,600,false],"portraits":["https:\/\/arantv.az\/wp-content\/uploads\/2019\/11\/802724.jpg",800,600,false],"thumbnail":["https:\/\/arantv.az\/wp-content\/uploads\/2019\/11\/802724-150x150.jpg",150,150,true],"medium":["https:\/\/arantv.az\/wp-content\/uploads\/2019\/11\/802724-300x225.jpg",300,225,true],"large":["https:\/\/arantv.az\/wp-content\/uploads\/2019\/11\/802724.jpg",640,480,false],"1536x1536":["https:\/\/arantv.az\/wp-content\/uploads\/2019\/11\/802724.jpg",800,600,false],"2048x2048":["https:\/\/arantv.az\/wp-content\/uploads\/2019\/11\/802724.jpg",800,600,false],"post-thumbnail":["https:\/\/arantv.az\/wp-content\/uploads\/2019\/11\/802724-240x172.jpg",240,172,true],"advps-thumb-one":["https:\/\/arantv.az\/wp-content\/uploads\/2019\/11\/802724.jpg",800,600,false]},"rttpg_author":{"display_name":"V\u00fcsal Rafiqo\u011flu","author_link":"https:\/\/arantv.az\/?author=2"},"rttpg_comment":0,"rttpg_category":"<a href=\"https:\/\/arantv.az\/?cat=7\" rel=\"category\">D\u00fcnya<\/a>","rttpg_excerpt":"\u0130raq\u0131n paytaxt\u0131 Ba\u011fdadda h\u00f6kum\u0259t \u0259leyhin\u0259 etiraz aksiyalar\u0131n\u0131n ke\u00e7irildiyi yerin yax\u0131nl\u0131\u011f\u0131nda ba\u015f ver\u0259n partlay\u0131\u015f n\u0259tic\u0259sind\u0259 6 n\u0259f\u0259r \u00f6l\u00fcb, daha 30 n\u0259f\u0259r yaralan\u0131b. ARANTV.AZ\u00a0Trend-\u0259 istinad\u0259n x\u0259b\u0259r verir ki, partlay\u0131c\u0131 qur\u011fu avtomobilin alt\u0131nda qura\u015fd\u0131r\u0131l\u0131b. Partlay\u0131\u015f noyabr\u0131n 15-d\u0259 ax\u015fam saatlar\u0131nda etirazlar\u0131n ke\u00e7irildiyi T\u0259hrir meydan\u0131n\u0131n yax\u0131nl\u0131\u011f\u0131nda yerl\u0259\u015f\u0259n \u0259l-T\u0259yar\u0259n meydan\u0131nda ba\u015f verib. Oktyabr ay\u0131n\u0131n \u0259vv\u0259lind\u0259n davam ed\u0259n etirazlar zaman\u0131 aksiya i\u015ftirak\u00e7\u0131lar\u0131&hellip;","_links":{"self":[{"href":"https:\/\/arantv.az\/index.php?rest_route=\/wp\/v2\/posts\/97012"}],"collection":[{"href":"https:\/\/arantv.az\/index.php?rest_route=\/wp\/v2\/posts"}],"about":[{"href":"https:\/\/arantv.az\/index.php?rest_route=\/wp\/v2\/types\/post"}],"author":[{"embeddable":true,"href":"https:\/\/arantv.az\/index.php?rest_route=\/wp\/v2\/users\/2"}],"replies":[{"embeddable":true,"href":"https:\/\/arantv.az\/index.php?rest_route=%2Fwp%2Fv2%2Fcomments&post=97012"}],"version-history":[{"count":0,"href":"https:\/\/arantv.az\/index.php?rest_route=\/wp\/v2\/posts\/97012\/revisions"}],"wp:featuredmedia":[{"embeddable":true,"href":"https:\/\/arantv.az\/index.php?rest_route=\/wp\/v2\/media\/97013"}],"wp:attachment":[{"href":"https:\/\/arantv.az\/index.php?rest_route=%2Fwp%2Fv2%2Fmedia&parent=97012"}],"wp:term":[{"taxonomy":"category","embeddable":true,"href":"https:\/\/arantv.az\/index.php?rest_route=%2Fwp%2Fv2%2Fcategories&post=97012"},{"taxonomy":"post_tag","embeddable":true,"href":"https:\/\/arantv.az\/index.php?rest_route=%2Fwp%2Fv2%2Ftags&post=97012"}],"curies":[{"name":"wp","href":"https:\/\/api.w.org\/{rel}","templated":true}]}}