{"id":97020,"date":"2019-11-16T11:05:46","date_gmt":"2019-11-16T08:05:46","guid":{"rendered":"http:\/\/arantv.az\/?p=97020"},"modified":"2019-11-16T11:05:46","modified_gmt":"2019-11-16T08:05:46","slug":"xadim%c9%99-isl%c9%99diyi-evi-bel%c9%99-soydu-video","status":"publish","type":"post","link":"https:\/\/arantv.az\/?p=97020","title":{"rendered":"Xadim\u0259 i\u015fl\u0259diyi evi bel\u0259 soydu &#8211; V\u0130DEO"},"content":{"rendered":"<p>T\u00fcrkiy\u0259d\u0259 xadim\u0259 i\u015fl\u0259diyi evi\u00a0talay\u0131b.<\/p>\n<p>Hadis\u0259 \u0130stanbul \u015f\u0259h\u0259rinin\u00a0<a href=\"https:\/\/www.cnnturk.com\/video\/turkiye\/calistigi-evi-boyle-soydu\" target=\"_blank\" rel=\"noopener\">Tuzla<\/a>\u00a0\u0259razisind\u0259 ba\u015f verib.<\/p>\n<article class=\"news\">\n<div class=\"news-inner\">\n<p>Ev sahibl\u0259ri art\u0131q iki ildir evl\u0259rind\u0259 i\u015fl\u0259y\u0259n xadim\u0259nin o\u011furluq etm\u0259sind\u0259n \u015f\u00fcbh\u0259l\u0259n\u0259r\u0259k, ev\u0259 kamera yerl\u0259\u015fdiribl\u0259r.<\/p>\n<p>Kameradan qad\u0131n\u0131n siyirm\u0259l\u0259ri\u00a0a\u00e7araq, o\u011furluq etdiyini g\u00f6r\u0259n ev sahibl\u0259ri polis\u0259 m\u00fcraci\u0259t edibl\u0259r.<\/p>\n<p>Polis qad\u0131n\u0131 n\u0259zar\u0259t\u0259 g\u00f6t\u00fcr\u00fcb.<\/p>\n<div><iframe loading=\"lazy\" src=\"https:\/\/player.baku.tv\/embed\/11088\" width=\"560\" height=\"315\" frameborder=\"0\" allowfullscreen=\"allowfullscreen\" data-mce-fragment=\"1\"><\/iframe><\/div>\n<\/div>\n<\/article>\n<h2 class=\"news-share-title\"><\/h2>\n","protected":false},"excerpt":{"rendered":"<p>T\u00fcrkiy\u0259d\u0259 xadim\u0259 i\u015fl\u0259diyi evi\u00a0talay\u0131b. Hadis\u0259 \u0130stanbul \u015f\u0259h\u0259rinin\u00a0Tuzla\u00a0\u0259razisind\u0259 ba\u015f verib. Ev sahibl\u0259ri art\u0131q iki ildir evl\u0259rind\u0259 i\u015fl\u0259y\u0259n xadim\u0259nin o\u011furluq etm\u0259sind\u0259n \u015f\u00fcbh\u0259l\u0259n\u0259r\u0259k, ev\u0259 kamera yerl\u0259\u015fdiribl\u0259r. Kameradan qad\u0131n\u0131n siyirm\u0259l\u0259ri\u00a0a\u00e7araq, o\u011furluq etdiyini g\u00f6r\u0259n ev sahibl\u0259ri polis\u0259 m\u00fcraci\u0259t edibl\u0259r. Polis qad\u0131n\u0131 n\u0259zar\u0259t\u0259 g\u00f6t\u00fcr\u00fcb.<\/p>\n","protected":false},"author":2,"featured_media":97021,"comment_status":"closed","ping_status":"closed","sticky":false,"template":"","format":"standard","meta":{"om_disable_all_campaigns":false,"_monsterinsights_skip_tracking":false,"_monsterinsights_sitenote_active":false,"_monsterinsights_sitenote_note":"","_monsterinsights_sitenote_category":0},"categories":[7],"tags":[],"aioseo_notices":[],"gutentor_comment":0,"rttpg_featured_image_url":{"full":["https:\/\/arantv.az\/wp-content\/uploads\/2019\/11\/SOYDU.jpg",620,349,false],"landscape":["https:\/\/arantv.az\/wp-content\/uploads\/2019\/11\/SOYDU.jpg",620,349,false],"portraits":["https:\/\/arantv.az\/wp-content\/uploads\/2019\/11\/SOYDU.jpg",620,349,false],"thumbnail":["https:\/\/arantv.az\/wp-content\/uploads\/2019\/11\/SOYDU-150x150.jpg",150,150,true],"medium":["https:\/\/arantv.az\/wp-content\/uploads\/2019\/11\/SOYDU-300x169.jpg",300,169,true],"large":["https:\/\/arantv.az\/wp-content\/uploads\/2019\/11\/SOYDU.jpg",620,349,false],"1536x1536":["https:\/\/arantv.az\/wp-content\/uploads\/2019\/11\/SOYDU.jpg",620,349,false],"2048x2048":["https:\/\/arantv.az\/wp-content\/uploads\/2019\/11\/SOYDU.jpg",620,349,false],"post-thumbnail":["https:\/\/arantv.az\/wp-content\/uploads\/2019\/11\/SOYDU-240x172.jpg",240,172,true],"advps-thumb-one":["https:\/\/arantv.az\/wp-content\/uploads\/2019\/11\/SOYDU.jpg",620,349,false]},"rttpg_author":{"display_name":"V\u00fcsal Rafiqo\u011flu","author_link":"https:\/\/arantv.az\/?author=2"},"rttpg_comment":0,"rttpg_category":"<a href=\"https:\/\/arantv.az\/?cat=7\" rel=\"category\">D\u00fcnya<\/a>","rttpg_excerpt":"T\u00fcrkiy\u0259d\u0259 xadim\u0259 i\u015fl\u0259diyi evi\u00a0talay\u0131b. Hadis\u0259 \u0130stanbul \u015f\u0259h\u0259rinin\u00a0Tuzla\u00a0\u0259razisind\u0259 ba\u015f verib. Ev sahibl\u0259ri art\u0131q iki ildir evl\u0259rind\u0259 i\u015fl\u0259y\u0259n xadim\u0259nin o\u011furluq etm\u0259sind\u0259n \u015f\u00fcbh\u0259l\u0259n\u0259r\u0259k, ev\u0259 kamera yerl\u0259\u015fdiribl\u0259r. Kameradan qad\u0131n\u0131n siyirm\u0259l\u0259ri\u00a0a\u00e7araq, o\u011furluq etdiyini g\u00f6r\u0259n ev sahibl\u0259ri polis\u0259 m\u00fcraci\u0259t edibl\u0259r. Polis qad\u0131n\u0131 n\u0259zar\u0259t\u0259 g\u00f6t\u00fcr\u00fcb.","_links":{"self":[{"href":"https:\/\/arantv.az\/index.php?rest_route=\/wp\/v2\/posts\/97020"}],"collection":[{"href":"https:\/\/arantv.az\/index.php?rest_route=\/wp\/v2\/posts"}],"about":[{"href":"https:\/\/arantv.az\/index.php?rest_route=\/wp\/v2\/types\/post"}],"author":[{"embeddable":true,"href":"https:\/\/arantv.az\/index.php?rest_route=\/wp\/v2\/users\/2"}],"replies":[{"embeddable":true,"href":"https:\/\/arantv.az\/index.php?rest_route=%2Fwp%2Fv2%2Fcomments&post=97020"}],"version-history":[{"count":0,"href":"https:\/\/arantv.az\/index.php?rest_route=\/wp\/v2\/posts\/97020\/revisions"}],"wp:featuredmedia":[{"embeddable":true,"href":"https:\/\/arantv.az\/index.php?rest_route=\/wp\/v2\/media\/97021"}],"wp:attachment":[{"href":"https:\/\/arantv.az\/index.php?rest_route=%2Fwp%2Fv2%2Fmedia&parent=97020"}],"wp:term":[{"taxonomy":"category","embeddable":true,"href":"https:\/\/arantv.az\/index.php?rest_route=%2Fwp%2Fv2%2Fcategories&post=97020"},{"taxonomy":"post_tag","embeddable":true,"href":"https:\/\/arantv.az\/index.php?rest_route=%2Fwp%2Fv2%2Ftags&post=97020"}],"curies":[{"name":"wp","href":"https:\/\/api.w.org\/{rel}","templated":true}]}}