{"id":97046,"date":"2019-11-16T11:30:16","date_gmt":"2019-11-16T08:30:16","guid":{"rendered":"http:\/\/arantv.az\/?p=97046"},"modified":"2019-11-16T11:30:16","modified_gmt":"2019-11-16T08:30:16","slug":"unesko-il%c9%99-az%c9%99rbaycan-dunya-irsini-qorumaq-namin%c9%99-%c9%99m%c9%99kdasliq","status":"publish","type":"post","link":"https:\/\/arantv.az\/?p=97046","title":{"rendered":"UNESKO il\u0259 Az\u0259rbaycan: d\u00fcnya irsini qorumaq namin\u0259 \u0259m\u0259kda\u015fl\u0131q"},"content":{"rendered":"<p>Noyabr\u0131n 16-da UNESKO G\u00fcn\u00fc qeyd olunur.<\/p>\n<p>1945-ci ilin h\u0259min g\u00fcn\u00fc Londonda ke\u00e7iril\u0259n konfransda Birl\u0259\u015fmi\u015f Mill\u0259tl\u0259r T\u0259\u015fkilat\u0131n\u0131n (BMT) T\u0259hsil, Elm v\u0259 M\u0259d\u0259niyy\u0259t m\u0259s\u0259l\u0259l\u0259ri \u00fczr\u0259 T\u0259\u015fkilat\u0131 (UNESKO) yarad\u0131laraq 37 d\u00f6vl\u0259tin imzas\u0131 il\u0259 Nizamnam\u0259si q\u0259bul edilib. Yeni beyn\u0259lxalq t\u0259\u015fkilat\u0131n b\u0259\u015f\u0259riyy\u0259tin \u0259qli v\u0259 \u0259xlaqi h\u0259mr\u0259yliyini t\u0259min etm\u0259kl\u0259 d\u00fcnya m\u00fcharib\u0259si ehtimal\u0131n\u0131n qar\u015f\u0131s\u0131n\u0131 almaq m\u0259qs\u0259di da\u015f\u0131d\u0131\u011f\u0131 g\u00fcman olunurdu.<\/p>\n<p>Az\u0259rbaycan BMT-nin bu tabe t\u0259\u015fkilat\u0131na 3 iyun 1992-ci il tarixind\u0259 \u00fczv olub. Bel\u0259likl\u0259, 27 ild\u0259n art\u0131qd\u0131r UNESKO il\u0259 m\u00f6vcud olan \u0259laq\u0259l\u0259r getdikc\u0259 inki\u015faf ed\u0259r\u0259k yeni-yeni sah\u0259l\u0259ri d\u0259 \u0259hat\u0259 edir. Az\u0259rbaycan t\u0259hsil, m\u0259d\u0259niyy\u0259t, \u0259traf m\u00fchit, idman kimi sah\u0259l\u0259r\u0259 aid UNESKO-nun bir \u00e7ox konvensiyalar\u0131na qo\u015fulub.<\/p>\n<p>Az\u0259rbaycan\u0131n Birinci vitse-prezident, Heyd\u0259r \u018fliyev Fondunun prezidenti Mehriban \u018fliyeva UNESKO-nun xo\u015fm\u0259raml\u0131 s\u0259firi f\u0259xri ad\u0131na layiq g\u00f6r\u00fcld\u00fckd\u0259n sonra Az\u0259rbaycanla bu t\u0259\u015fkilat aras\u0131nda \u0259m\u0259kda\u015fl\u0131q \u0259laq\u0259l\u0259ri daha da g\u00fccl\u0259nib. Bel\u0259 ki, Mehriban \u018fliyevan\u0131n r\u0259hb\u0259rliyi v\u0259 qay\u011f\u0131s\u0131 il\u0259 h\u0259m \u00f6lk\u0259d\u0259, h\u0259m d\u0259 xaricd\u0259 maddi v\u0259 qeyri-maddi m\u0259d\u0259ni irsin qorunmas\u0131, Az\u0259rbaycan m\u0259d\u0259niyy\u0259tinin d\u00fcnyada tan\u0131d\u0131lmas\u0131 il\u0259 ba\u011fl\u0131 m\u00fch\u00fcm i\u015fl\u0259r g\u00f6r\u00fcl\u00fcr.<br \/>\n<img class=\"imgbcodecent\" src=\"https:\/\/upload.az\/foto\/arxiv\/7b253a96-f2fd-46f0-b9a4-3c0b06099fb4.jpg\" alt=\"UNESKO il\u0259 Az\u0259rbaycan: d\u00fcnya irsini qorumaq namin\u0259 \u0259m\u0259kda\u015fl\u0131q\" \/><br \/>\nBel\u0259 ki, Heyd\u0259r \u018fliyev Fondunun prezidentinin s\u0259yl\u0259ri il\u0259 UNESKO-nun Qeyri-Maddi M\u0259d\u0259ni \u0130rsin Qorunmas\u0131 Komit\u0259sinin \u018fbu-Dabi \u015f\u0259h\u0259rind\u0259 ke\u00e7iril\u0259n 4-c\u00fc sessiyas\u0131nda Az\u0259rbaycan a\u015f\u0131q s\u0259n\u0259ti UNESKO Qeyri-Maddi M\u0259d\u0259ni \u0130rs Siyah\u0131s\u0131na daxil edilib. H\u0259m\u00e7inin sessiya zaman\u0131 ad\u0131\u00e7\u0259kil\u0259n siyah\u0131ya Novruz bayram\u0131 da sal\u0131n\u0131b. Bir s\u0131ra \u00f6lk\u0259l\u0259rd\u0259 qeyd olundu\u011fu n\u0259z\u0259r\u0259 al\u0131nmaqla v\u0259 t\u0259\u015fkilat\u0131n d\u0259 t\u00f6vsiy\u0259si il\u0259 bu bayram beyn\u0259lmil\u0259l qeyri-maddi m\u0259d\u0259ni irs n\u00fcmun\u0259si olaraq t\u0259qdim edilmi\u015fdi.<br \/>\n<img class=\"imgbcodecent\" src=\"https:\/\/upload.az\/foto\/arxiv\/cd59ac9c-2865-4f30-a643-ce7997b85b79.jpg\" alt=\"UNESKO il\u0259 Az\u0259rbaycan: d\u00fcnya irsini qorumaq namin\u0259 \u0259m\u0259kda\u015fl\u0131q\" \/><\/p>\n<p>Bundan ba\u015fqa, UNESKO-nun \u00dcmumd\u00fcnya \u0130rs Komit\u0259sinin 43-c\u00fc sessiyas\u0131nda Xan saray\u0131 il\u0259 birg\u0259 \u015e\u0259kinin tarixi m\u0259rk\u0259zi D\u00fcnya \u0130rs Siyah\u0131s\u0131na sal\u0131n\u0131b.<\/p>\n<p>Birinci vitse-prezident Mehriban \u018fliyevan\u0131n m\u0259d\u0259niyy\u0259t sah\u0259sind\u0259ki f\u0259aliyy\u0259tinin ba\u015fqa bir m\u00fch\u00fcm istiqam\u0259ti d\u0259 Az\u0259rbaycan m\u0259d\u0259niyy\u0259ti, inc\u0259s\u0259n\u0259ti, elmi sah\u0259l\u0259rind\u0259ki g\u00f6rk\u0259mli \u015f\u0259xsiyy\u0259tl\u0259rin beyn\u0259lxalq miqyasda tan\u0131tmaqd\u0131r.<\/p>\n<p>Bel\u0259 ki, 2005-ci ild\u0259 Heyd\u0259r \u018fliyev Fondunun t\u0259\u015f\u0259bb\u00fcs\u00fc il\u0259 Bak\u0131da v\u0259 Parisd\u0259 b\u00f6y\u00fck b\u0259st\u0259kar\u0131m\u0131z \u00dczeyir Hac\u0131b\u0259yovun 120 illiyin\u0259 h\u0259sr olunmu\u015f t\u0259nt\u0259n\u0259li t\u0259dbirl\u0259r ke\u00e7irilib. Parisd\u0259 UNESKO x\u0259ttil\u0259 g\u00f6rk\u0259mli kimya\u00e7\u0131 alimimiz Yusif M\u0259mm\u0259d\u0259liyevin 100 illiyi qeyd edilib. H\u0259m\u00e7inin d\u00fcnya \u015f\u00f6hr\u0259tli musiqi\u00e7i Mstislav Rostropovi\u00e7 il\u0259 h\u0259yat yolda\u015f\u0131, opera ifa\u00e7\u0131s\u0131 Qalina Vi\u015fnevskayan\u0131n birg\u0259 yarad\u0131c\u0131l\u0131q f\u0259aliyy\u0259tl\u0259rinin 50 illiyi m\u00fcnasib\u0259til\u0259 albom v\u0259 diskl\u0259r burax\u0131l\u0131b.<\/p>\n<p>Yen\u0259 d\u0259 2005-ci ild\u0259 UNESKO-nun Parisd\u0259ki q\u0259rargah\u0131nda Heyd\u0259r \u018fliyev Fondunun n\u0259\u015fr etdirdiyi \u201cQaraba\u011f xan\u0259nd\u0259l\u0259ri\u201d musiqi albomunun t\u0259qdimat m\u0259rasimi ke\u00e7irilib.<\/p>\n<p><img class=\"imgbcodecent\" src=\"https:\/\/upload.az\/foto\/arxiv\/8eb606ca-dbae-4e6a-b905-f6ff47708042.jpg\" alt=\"UNESKO il\u0259 Az\u0259rbaycan: d\u00fcnya irsini qorumaq namin\u0259 \u0259m\u0259kda\u015fl\u0131q\" \/><br \/>\nHeyd\u0259r \u018fliyev Fondu t\u0259r\u0259find\u0259n h\u0259m\u00e7inin ist\u0259r \u00f6lk\u0259d\u0259, ist\u0259rs\u0259 d\u0259 b\u00fct\u00fcn d\u00fcnyada m\u0259d\u0259niyy\u0259t abid\u0259l\u0259rinin m\u00fchafiz\u0259sin\u0259 dair m\u00fch\u00fcm humanitar v\u0259 m\u0259d\u0259ni layih\u0259l\u0259r d\u0259 h\u0259yata ke\u00e7irilir.<\/p>\n<p>2007-ci ild\u0259 Heyd\u0259r \u018fliyev Fondu Parisin Versal saray\u0131 qar\u015f\u0131s\u0131ndak\u0131 parkda yerl\u0259\u015fdiril\u0259n, adlar\u0131 UNESKO-nun D\u00fcnya \u0130rs Siyah\u0131s\u0131nda olan iki abid\u0259nin b\u0259rpa i\u015fl\u0259rini yerin\u0259 yetirib. Bundan \u0259lav\u0259, Heyd\u0259r \u018fliyev Fondu Luvr muzeyind\u0259 \u0130slam m\u0259d\u0259niyy\u0259tin\u0259 h\u0259sr olunan yeni b\u00f6lm\u0259l\u0259rin a\u00e7\u0131lmas\u0131nda da \u0259h\u0259miyy\u0259tli rol oynay\u0131b. 2012-ci ild\u0259 Prezident \u0130lham \u018fliyev v\u0259 birinci xan\u0131m Mehriban \u018fliyeva, h\u0259m\u00e7inin Fransa prezidenti Fransua Oland Luvr muzeyind\u0259 \u0130slam sivilizasiyas\u0131na aid memarl\u0131q, r\u0259ngkarl\u0131q v\u0259 ba\u015fqa m\u0259d\u0259ni irs n\u00fcmun\u0259l\u0259rinin t\u0259qdim olundu\u011fu yeni salonlar\u0131n a\u00e7\u0131l\u0131\u015f\u0131nda i\u015ftirak edibl\u0259r.<br \/>\n<img class=\"imgbcodecent\" src=\"https:\/\/upload.az\/foto\/arxiv\/f5bbe8e0-2db1-452b-87f3-1c5637f50acb.jpg\" alt=\"UNESKO il\u0259 Az\u0259rbaycan: d\u00fcnya irsini qorumaq namin\u0259 \u0259m\u0259kda\u015fl\u0131q\" \/><\/p>\n<p>Heyd\u0259r \u018fliyev Fondu Fransan\u0131n Orne departamentind\u0259ki Santiyi, Frene o Sovaj, San \u0130ler la Jerar, Tanvil, Kurj\u00fcst, Revelyon, Mal ya\u015fay\u0131\u015f m\u0259nt\u0259q\u0259l\u0259rind\u0259ki X-XII \u0259srl\u0259r\u0259 aid kils\u0259l\u0259rin, XIV \u0259sr\u0259 aid Strasburq kafedral kils\u0259sind\u0259ki \u015f\u0259kill\u0259rin bir hiss\u0259sinin b\u0259rpas\u0131na k\u00f6m\u0259k edib.<\/p>\n<p>H\u0259m\u00e7inin Fond \u0130taliyada v\u0259 Vatikanda tarixi m\u0259d\u0259ni abid\u0259l\u0259rin m\u00fchafiz\u0259sil\u0259 ba\u011fl\u0131 da bir s\u0131ra layih\u0259l\u0259r icra edib. Bel\u0259 ki, 2016-c\u0131 ild\u0259 Vatikandak\u0131 M\u00fcq\u0259dd\u0259s Sebastian katakombalar\u0131n\u0131n b\u0259rpa i\u015fl\u0259rin\u0259 ba\u015flan\u0131l\u0131b. C\u0259mi iki il sonra is\u0259 birinci vitse-prezident, Heyd\u0259r \u018fliyev Fondunun prezidenti Mehriban \u018fliyeva b\u00f6y\u00fck tarixi, m\u0259d\u0259ni \u0259h\u0259miyy\u0259t\u0259 malik bu katakombalar\u0131n a\u00e7\u0131l\u0131\u015f m\u0259rasimind\u0259 i\u015ftirak edib.<\/p>\n<p>Bundan \u0259vv\u0259l, 2016-c\u0131 ild\u0259 Heyd\u0259r \u018fliyev Fondu t\u0259r\u0259find\u0259n h\u0259m\u00e7inin M\u00fcq\u0259dd\u0259s Merselino v\u0259 M\u00fcq\u0259dd\u0259s Pyetro katakombalar\u0131, Kapitoline Muzeyinin Filosoflar Salonu da b\u0259rpa olunmu\u015fdu.<br \/>\n<img class=\"imgbcodecent\" src=\"https:\/\/upload.az\/foto\/arxiv\/0b4d59f9-d685-43db-a872-1d9af6d867e0.jpg\" alt=\"UNESKO il\u0259 Az\u0259rbaycan: d\u00fcnya irsini qorumaq namin\u0259 \u0259m\u0259kda\u015fl\u0131q\" \/><br \/>\nHeyd\u0259r \u018fliyev Fondu II D\u00fcnya m\u00fcharib\u0259si zaman\u0131 da\u011f\u0131l\u0131b yand\u0131r\u0131lm\u0131\u015f Berlin q\u0259srinin b\u0259rpas\u0131 t\u0259\u015f\u0259bb\u00fcs\u00fcn\u0259 d\u0259 qo\u015fulub. Bu m\u0259qs\u0259dl\u0259 ke\u00e7iril\u0259n ian\u0259 toplama kampaniyas\u0131 \u00e7\u0259r\u00e7iv\u0259sind\u0259 2011-ci ilin 29 sentyabr tarixind\u0259 Mehriban \u018fliyeva h\u0259min abid\u0259nin m\u0259sul \u015f\u0259xsl\u0259rin\u0259 Heyd\u0259r \u018fliyev Fondunun t\u00f6hf\u0259si olaraq 50 min avroluq q\u0259bz t\u0259qdim edib. Berlin q\u0259srinin b\u0259rpas\u0131 i\u015fl\u0259rinin cari ild\u0259 ba\u015fa \u00e7atd\u0131r\u0131laca\u011f\u0131 g\u00fcman edilir.<\/p>\n<p>Bolqar\u0131stan\u0131n Veliko Tarnovo \u015f\u0259h\u0259rind\u0259ki Trapezitsa qalas\u0131 da Heyd\u0259r \u018fliyev Fondunun d\u0259st\u0259yil\u0259 b\u0259rpa edilib. 2016-c\u0131 ilin 22 sentyabr tarixind\u0259 Az\u0259rbaycan\u0131n birinci xan\u0131m\u0131, Heyd\u0259r \u018fliyev Fondunun prezidenti Mehriban \u018fliyeva v\u0259 vitse-prezidenti Leyla \u018fliyeva Trapezitsa Muzey Memarl\u0131q Qoru\u011funun a\u00e7\u0131l\u0131\u015f\u0131nda i\u015ftirak edibl\u0259r. Bolqar\u0131stan\u0131n v\u0259 \u015e\u0259rqi Avropan\u0131n m\u00fch\u00fcm tarixi turizm m\u0259rk\u0259zl\u0259rind\u0259n olan bu qoruq \u0259razisind\u0259 b\u0259rpa v\u0259 konservasiya i\u015fl\u0259ri 10 ay davam edib. Bel\u0259 ki, Heyd\u0259r \u018fliyev Fondu t\u0259r\u0259find\u0259n qalan\u0131n 158 metr uzunlu\u011fundak\u0131 q\u0259rb divar\u0131nda b\u0259rpa v\u0259 konservasiya i\u015fl\u0259ri, orta \u00e7a\u011fa aid \u00fc\u00e7 kils\u0259d\u0259 t\u0259mir v\u0259 konservasiya i\u015fl\u0259ri h\u0259yata ke\u00e7irilib, M\u0259d\u0259ni Miras M\u0259rk\u0259zi v\u0259 880 metr uzunluqda turist xiyaban\u0131 sal\u0131n\u0131b.<br \/>\n<img class=\"imgbcodecent\" src=\"https:\/\/upload.az\/foto\/arxiv\/46c9dd39-a4f5-413f-b238-b3c833c0dd10.jpg\" alt=\"UNESKO il\u0259 Az\u0259rbaycan: d\u00fcnya irsini qorumaq namin\u0259 \u0259m\u0259kda\u015fl\u0131q\" \/><br \/>\nBundan \u0259lav\u0259, Fond t\u0259hsil\u0259 dair bir \u00e7ox sosial layih\u0259l\u0259r\u0259, o c\u00fcml\u0259d\u0259n Pakistanda v\u0259 Viyetnamda m\u0259kt\u0259b tikintisi, Bosniya v\u0259 Herseqovinada sosial m\u0259rk\u0259zl\u0259rin tikintisi layih\u0259l\u0259rin\u0259 d\u0259 d\u0259st\u0259k verib.<\/p>\n<p>Bel\u0259likl\u0259, UNESKO il\u0259 Az\u0259rbaycan aras\u0131ndak\u0131 \u0259laq\u0259l\u0259r get-ged\u0259 geni\u015fl\u0259n\u0259r\u0259k yeni-yeni m\u0259zmun k\u0259sb edir.<\/p>\n","protected":false},"excerpt":{"rendered":"<p>Noyabr\u0131n 16-da UNESKO G\u00fcn\u00fc qeyd olunur. 1945-ci ilin h\u0259min g\u00fcn\u00fc Londonda ke\u00e7iril\u0259n konfransda Birl\u0259\u015fmi\u015f Mill\u0259tl\u0259r T\u0259\u015fkilat\u0131n\u0131n (BMT) T\u0259hsil, Elm v\u0259 M\u0259d\u0259niyy\u0259t m\u0259s\u0259l\u0259l\u0259ri \u00fczr\u0259 T\u0259\u015fkilat\u0131 (UNESKO) yarad\u0131laraq 37 d\u00f6vl\u0259tin imzas\u0131 il\u0259 Nizamnam\u0259si q\u0259bul edilib. Yeni beyn\u0259lxalq t\u0259\u015fkilat\u0131n b\u0259\u015f\u0259riyy\u0259tin \u0259qli v\u0259 \u0259xlaqi h\u0259mr\u0259yliyini t\u0259min etm\u0259kl\u0259 d\u00fcnya m\u00fcharib\u0259si ehtimal\u0131n\u0131n qar\u015f\u0131s\u0131n\u0131 almaq m\u0259qs\u0259di da\u015f\u0131d\u0131\u011f\u0131 g\u00fcman olunurdu. Az\u0259rbaycan BMT-nin bu tabe t\u0259\u015fkilat\u0131na 3 iyun 1992-ci il tarixind\u0259 \u00fczv olub. Bel\u0259likl\u0259, 27 ild\u0259n art\u0131qd\u0131r UNESKO il\u0259 m\u00f6vcud olan \u0259laq\u0259l\u0259r getdikc\u0259 inki\u015faf ed\u0259r\u0259k yeni-yeni sah\u0259l\u0259ri d\u0259 \u0259hat\u0259 edir. Az\u0259rbaycan t\u0259hsil, m\u0259d\u0259niyy\u0259t, \u0259traf m\u00fchit, idman kimi sah\u0259l\u0259r\u0259 aid&hellip;<\/p>\n","protected":false},"author":2,"featured_media":97047,"comment_status":"closed","ping_status":"closed","sticky":false,"template":"","format":"standard","meta":{"om_disable_all_campaigns":false,"_monsterinsights_skip_tracking":false,"_monsterinsights_sitenote_active":false,"_monsterinsights_sitenote_note":"","_monsterinsights_sitenote_category":0},"categories":[8],"tags":[],"aioseo_notices":[],"gutentor_comment":0,"rttpg_featured_image_url":{"full":["https:\/\/arantv.az\/wp-content\/uploads\/2019\/11\/02ec145f-db44-499c-bdc4-50be49740b31.jpg",649,432,false],"landscape":["https:\/\/arantv.az\/wp-content\/uploads\/2019\/11\/02ec145f-db44-499c-bdc4-50be49740b31.jpg",649,432,false],"portraits":["https:\/\/arantv.az\/wp-content\/uploads\/2019\/11\/02ec145f-db44-499c-bdc4-50be49740b31.jpg",649,432,false],"thumbnail":["https:\/\/arantv.az\/wp-content\/uploads\/2019\/11\/02ec145f-db44-499c-bdc4-50be49740b31-150x150.jpg",150,150,true],"medium":["https:\/\/arantv.az\/wp-content\/uploads\/2019\/11\/02ec145f-db44-499c-bdc4-50be49740b31-300x200.jpg",300,200,true],"large":["https:\/\/arantv.az\/wp-content\/uploads\/2019\/11\/02ec145f-db44-499c-bdc4-50be49740b31.jpg",640,426,false],"1536x1536":["https:\/\/arantv.az\/wp-content\/uploads\/2019\/11\/02ec145f-db44-499c-bdc4-50be49740b31.jpg",649,432,false],"2048x2048":["https:\/\/arantv.az\/wp-content\/uploads\/2019\/11\/02ec145f-db44-499c-bdc4-50be49740b31.jpg",649,432,false],"post-thumbnail":["https:\/\/arantv.az\/wp-content\/uploads\/2019\/11\/02ec145f-db44-499c-bdc4-50be49740b31-240x172.jpg",240,172,true],"advps-thumb-one":["https:\/\/arantv.az\/wp-content\/uploads\/2019\/11\/02ec145f-db44-499c-bdc4-50be49740b31.jpg",649,432,false]},"rttpg_author":{"display_name":"V\u00fcsal Rafiqo\u011flu","author_link":"https:\/\/arantv.az\/?author=2"},"rttpg_comment":0,"rttpg_category":"<a href=\"https:\/\/arantv.az\/?cat=8\" rel=\"category\">\u018fsas s\u0259hif\u0259<\/a>","rttpg_excerpt":"Noyabr\u0131n 16-da UNESKO G\u00fcn\u00fc qeyd olunur. 1945-ci ilin h\u0259min g\u00fcn\u00fc Londonda ke\u00e7iril\u0259n konfransda Birl\u0259\u015fmi\u015f Mill\u0259tl\u0259r T\u0259\u015fkilat\u0131n\u0131n (BMT) T\u0259hsil, Elm v\u0259 M\u0259d\u0259niyy\u0259t m\u0259s\u0259l\u0259l\u0259ri \u00fczr\u0259 T\u0259\u015fkilat\u0131 (UNESKO) yarad\u0131laraq 37 d\u00f6vl\u0259tin imzas\u0131 il\u0259 Nizamnam\u0259si q\u0259bul edilib. Yeni beyn\u0259lxalq t\u0259\u015fkilat\u0131n b\u0259\u015f\u0259riyy\u0259tin \u0259qli v\u0259 \u0259xlaqi h\u0259mr\u0259yliyini t\u0259min etm\u0259kl\u0259 d\u00fcnya m\u00fcharib\u0259si ehtimal\u0131n\u0131n qar\u015f\u0131s\u0131n\u0131 almaq m\u0259qs\u0259di da\u015f\u0131d\u0131\u011f\u0131 g\u00fcman olunurdu. Az\u0259rbaycan BMT-nin bu&hellip;","_links":{"self":[{"href":"https:\/\/arantv.az\/index.php?rest_route=\/wp\/v2\/posts\/97046"}],"collection":[{"href":"https:\/\/arantv.az\/index.php?rest_route=\/wp\/v2\/posts"}],"about":[{"href":"https:\/\/arantv.az\/index.php?rest_route=\/wp\/v2\/types\/post"}],"author":[{"embeddable":true,"href":"https:\/\/arantv.az\/index.php?rest_route=\/wp\/v2\/users\/2"}],"replies":[{"embeddable":true,"href":"https:\/\/arantv.az\/index.php?rest_route=%2Fwp%2Fv2%2Fcomments&post=97046"}],"version-history":[{"count":0,"href":"https:\/\/arantv.az\/index.php?rest_route=\/wp\/v2\/posts\/97046\/revisions"}],"wp:featuredmedia":[{"embeddable":true,"href":"https:\/\/arantv.az\/index.php?rest_route=\/wp\/v2\/media\/97047"}],"wp:attachment":[{"href":"https:\/\/arantv.az\/index.php?rest_route=%2Fwp%2Fv2%2Fmedia&parent=97046"}],"wp:term":[{"taxonomy":"category","embeddable":true,"href":"https:\/\/arantv.az\/index.php?rest_route=%2Fwp%2Fv2%2Fcategories&post=97046"},{"taxonomy":"post_tag","embeddable":true,"href":"https:\/\/arantv.az\/index.php?rest_route=%2Fwp%2Fv2%2Ftags&post=97046"}],"curies":[{"name":"wp","href":"https:\/\/api.w.org\/{rel}","templated":true}]}}