{"id":97062,"date":"2019-11-16T11:43:22","date_gmt":"2019-11-16T08:43:22","guid":{"rendered":"http:\/\/arantv.az\/?p=97062"},"modified":"2019-11-16T11:43:22","modified_gmt":"2019-11-16T08:43:22","slug":"fransa-polisi-s%c9%99f%c9%99rb%c9%99r-oldu-sari-jiletlil%c9%99r%c9%99-gor%c9%99","status":"publish","type":"post","link":"https:\/\/arantv.az\/?p=97062","title":{"rendered":"Fransa polisi s\u0259f\u0259rb\u0259r oldu &#8211; &#8220;Sar\u0131 jiletlil\u0259r&#8221;\u0259 g\u00f6r\u0259"},"content":{"rendered":"<p>Fransa Daxili \u0130\u015fl\u0259r Nazirliyi \u015f\u0259nb\u0259 g\u00fcn\u00fc f\u0259aliyy\u0259tl\u0259rinin ilk ild\u00f6n\u00fcm\u00fcn\u00fc qeyd etm\u0259k niyy\u0259tind\u0259 olan &#8220;sar\u0131 jiletlil\u0259r&#8221;in etiraz\u0131lar\u0131n\u0131n 53-c\u00fc g\u00fcn\u00fcnd\u0259 asayi\u015fi t\u0259min etm\u0259k \u00fc\u00e7\u00fcn t\u0259dbirl\u0259r g\u00f6r\u00fcr. T\u0259kc\u0259 Parisd\u0259 \u0259n az 2,5 min jandarma v\u0259 x\u00fcsusi t\u0259yinatl\u0131 polis q\u00fcvv\u0259l\u0259ri s\u0259f\u0259rb\u0259r edil\u0259c\u0259k, bunlara bir ne\u00e7\u0259 min b\u0259l\u0259diyy\u0259 polisi qat\u0131lacaq.<\/p>\n<p><strong>ARANTV.AZ\u00a0<\/strong>\u00a0<a href=\"https:\/\/az.trend.az\/\" target=\"_blank\" rel=\"noopener\">Trend<\/a>-\u0259 istinad\u0259n x\u0259b\u0259r verir ki, Fransa D\u0130N-i, \u0259vv\u0259lki aylarda oldu\u011fu kimi, etiraz\u00e7\u0131lara qar\u015f\u0131 planlar\u0131n\u0131 a\u00e7\u0131qlamamaq \u00fc\u00e7\u00fcn h\u0259r hans\u0131 bir r\u0259q\u0259m verm\u0259kd\u0259n imtina edir. Parisd\u0259 v\u0259 Paris b\u00f6lg\u0259l\u0259rind\u0259 b\u00fct\u00fcn polisl\u0259r t\u0259til v\u0259 istirah\u0259t g\u00fcnl\u0259rind\u0259n geri \u00e7a\u011fr\u0131l\u0131b v\u0259 dig\u0259r b\u00f6lg\u0259l\u0259rd\u0259n paytaxta \u0259lav\u0259 q\u00fcvv\u0259l\u0259rd\u0259 k\u00f6\u00e7\u00fcr\u00fcl\u00fcb.<\/p>\n<p>Paris polisinin prefekturas\u0131 \u015f\u0259h\u0259rin m\u0259rk\u0259zi hiss\u0259sind\u0259 h\u0259r hans\u0131 bir n\u00fcmayi\u015fl\u0259rin q\u0259ti qada\u011fan olundu\u011fu bir ne\u00e7\u0259 zonan\u0131n yarad\u0131ld\u0131\u011f\u0131n\u0131 elan edib.<\/p>\n<p>B\u00fct\u00fcn m\u0259hdudla\u015fd\u0131r\u0131c\u0131 t\u0259dbirl\u0259r yaln\u0131z \u015f\u0259nb\u0259 g\u00fcn\u00fc deyil, bazar g\u00fcn\u00fc d\u0259 t\u0259tbiq edil\u0259c\u0259k.<\/p>\n<div>\n<div id=\"AdviadNativeVideo0\" class=\"AdviadNativeVideo\"><\/div>\n<\/div>\n<p>\u00dcmumilikd\u0259, &#8220;sar\u0131 jiletlil\u0259r&#8221; Bordo, Lille, Lyon, Marsel, Nantes v\u0259 Tuluza kimi b\u00f6y\u00fck \u015f\u0259h\u0259rl\u0259rd\u0259 daxil olmaqla \u00f6lk\u0259d\u0259 \u0259n az iki y\u00fcz aksiya ke\u00e7irm\u0259k niyy\u0259tind\u0259dir.<\/p>\n","protected":false},"excerpt":{"rendered":"<p>Fransa Daxili \u0130\u015fl\u0259r Nazirliyi \u015f\u0259nb\u0259 g\u00fcn\u00fc f\u0259aliyy\u0259tl\u0259rinin ilk ild\u00f6n\u00fcm\u00fcn\u00fc qeyd etm\u0259k niyy\u0259tind\u0259 olan &#8220;sar\u0131 jiletlil\u0259r&#8221;in etiraz\u0131lar\u0131n\u0131n 53-c\u00fc g\u00fcn\u00fcnd\u0259 asayi\u015fi t\u0259min etm\u0259k \u00fc\u00e7\u00fcn t\u0259dbirl\u0259r g\u00f6r\u00fcr. T\u0259kc\u0259 Parisd\u0259 \u0259n az 2,5 min jandarma v\u0259 x\u00fcsusi t\u0259yinatl\u0131 polis q\u00fcvv\u0259l\u0259ri s\u0259f\u0259rb\u0259r edil\u0259c\u0259k, bunlara bir ne\u00e7\u0259 min b\u0259l\u0259diyy\u0259 polisi qat\u0131lacaq. ARANTV.AZ\u00a0\u00a0Trend-\u0259 istinad\u0259n x\u0259b\u0259r verir ki, Fransa D\u0130N-i, \u0259vv\u0259lki aylarda oldu\u011fu kimi, etiraz\u00e7\u0131lara qar\u015f\u0131 planlar\u0131n\u0131 a\u00e7\u0131qlamamaq \u00fc\u00e7\u00fcn h\u0259r hans\u0131 bir r\u0259q\u0259m verm\u0259kd\u0259n imtina edir. Parisd\u0259 v\u0259 Paris b\u00f6lg\u0259l\u0259rind\u0259 b\u00fct\u00fcn polisl\u0259r t\u0259til v\u0259 istirah\u0259t g\u00fcnl\u0259rind\u0259n geri \u00e7a\u011fr\u0131l\u0131b v\u0259 dig\u0259r b\u00f6lg\u0259l\u0259rd\u0259n paytaxta \u0259lav\u0259 q\u00fcvv\u0259l\u0259rd\u0259 k\u00f6\u00e7\u00fcr\u00fcl\u00fcb. Paris polisinin prefekturas\u0131&hellip;<\/p>\n","protected":false},"author":2,"featured_media":97063,"comment_status":"closed","ping_status":"closed","sticky":false,"template":"","format":"standard","meta":{"om_disable_all_campaigns":false,"_monsterinsights_skip_tracking":false,"_monsterinsights_sitenote_active":false,"_monsterinsights_sitenote_note":"","_monsterinsights_sitenote_category":0},"categories":[7],"tags":[],"aioseo_notices":[],"gutentor_comment":0,"rttpg_featured_image_url":{"full":["https:\/\/arantv.az\/wp-content\/uploads\/2019\/11\/802721.jpg",800,600,false],"landscape":["https:\/\/arantv.az\/wp-content\/uploads\/2019\/11\/802721.jpg",800,600,false],"portraits":["https:\/\/arantv.az\/wp-content\/uploads\/2019\/11\/802721.jpg",800,600,false],"thumbnail":["https:\/\/arantv.az\/wp-content\/uploads\/2019\/11\/802721-150x150.jpg",150,150,true],"medium":["https:\/\/arantv.az\/wp-content\/uploads\/2019\/11\/802721-300x225.jpg",300,225,true],"large":["https:\/\/arantv.az\/wp-content\/uploads\/2019\/11\/802721.jpg",640,480,false],"1536x1536":["https:\/\/arantv.az\/wp-content\/uploads\/2019\/11\/802721.jpg",800,600,false],"2048x2048":["https:\/\/arantv.az\/wp-content\/uploads\/2019\/11\/802721.jpg",800,600,false],"post-thumbnail":["https:\/\/arantv.az\/wp-content\/uploads\/2019\/11\/802721-240x172.jpg",240,172,true],"advps-thumb-one":["https:\/\/arantv.az\/wp-content\/uploads\/2019\/11\/802721.jpg",800,600,false]},"rttpg_author":{"display_name":"V\u00fcsal Rafiqo\u011flu","author_link":"https:\/\/arantv.az\/?author=2"},"rttpg_comment":0,"rttpg_category":"<a href=\"https:\/\/arantv.az\/?cat=7\" rel=\"category\">D\u00fcnya<\/a>","rttpg_excerpt":"Fransa Daxili \u0130\u015fl\u0259r Nazirliyi \u015f\u0259nb\u0259 g\u00fcn\u00fc f\u0259aliyy\u0259tl\u0259rinin ilk ild\u00f6n\u00fcm\u00fcn\u00fc qeyd etm\u0259k niyy\u0259tind\u0259 olan &#8220;sar\u0131 jiletlil\u0259r&#8221;in etiraz\u0131lar\u0131n\u0131n 53-c\u00fc g\u00fcn\u00fcnd\u0259 asayi\u015fi t\u0259min etm\u0259k \u00fc\u00e7\u00fcn t\u0259dbirl\u0259r g\u00f6r\u00fcr. T\u0259kc\u0259 Parisd\u0259 \u0259n az 2,5 min jandarma v\u0259 x\u00fcsusi t\u0259yinatl\u0131 polis q\u00fcvv\u0259l\u0259ri s\u0259f\u0259rb\u0259r edil\u0259c\u0259k, bunlara bir ne\u00e7\u0259 min b\u0259l\u0259diyy\u0259 polisi qat\u0131lacaq. ARANTV.AZ\u00a0\u00a0Trend-\u0259 istinad\u0259n x\u0259b\u0259r verir ki, Fransa D\u0130N-i, \u0259vv\u0259lki aylarda oldu\u011fu&hellip;","_links":{"self":[{"href":"https:\/\/arantv.az\/index.php?rest_route=\/wp\/v2\/posts\/97062"}],"collection":[{"href":"https:\/\/arantv.az\/index.php?rest_route=\/wp\/v2\/posts"}],"about":[{"href":"https:\/\/arantv.az\/index.php?rest_route=\/wp\/v2\/types\/post"}],"author":[{"embeddable":true,"href":"https:\/\/arantv.az\/index.php?rest_route=\/wp\/v2\/users\/2"}],"replies":[{"embeddable":true,"href":"https:\/\/arantv.az\/index.php?rest_route=%2Fwp%2Fv2%2Fcomments&post=97062"}],"version-history":[{"count":0,"href":"https:\/\/arantv.az\/index.php?rest_route=\/wp\/v2\/posts\/97062\/revisions"}],"wp:featuredmedia":[{"embeddable":true,"href":"https:\/\/arantv.az\/index.php?rest_route=\/wp\/v2\/media\/97063"}],"wp:attachment":[{"href":"https:\/\/arantv.az\/index.php?rest_route=%2Fwp%2Fv2%2Fmedia&parent=97062"}],"wp:term":[{"taxonomy":"category","embeddable":true,"href":"https:\/\/arantv.az\/index.php?rest_route=%2Fwp%2Fv2%2Fcategories&post=97062"},{"taxonomy":"post_tag","embeddable":true,"href":"https:\/\/arantv.az\/index.php?rest_route=%2Fwp%2Fv2%2Ftags&post=97062"}],"curies":[{"name":"wp","href":"https:\/\/api.w.org\/{rel}","templated":true}]}}