{"id":97066,"date":"2019-11-16T11:44:23","date_gmt":"2019-11-16T08:44:23","guid":{"rendered":"http:\/\/arantv.az\/?p=97066"},"modified":"2019-11-16T11:44:23","modified_gmt":"2019-11-16T08:44:23","slug":"aqta-s%c9%99dri-qurumun-iki-regional-bolm%c9%99-r%c9%99isini-v%c9%99zif%c9%99d%c9%99n-azad-etdi","status":"publish","type":"post","link":"https:\/\/arantv.az\/?p=97066","title":{"rendered":"AQTA s\u0259dri qurumun iki regional b\u00f6lm\u0259 r\u0259isini v\u0259zif\u0259d\u0259n azad etdi"},"content":{"rendered":"<p><strong>Az\u0259rbaycan Respublikas\u0131n\u0131n Qida T\u0259hl\u00fck\u0259sizliyi Agentliyi (AQTA) \u00f6lk\u0259mizd\u0259 qida t\u0259hl\u00fck\u0259sizliyi sah\u0259sind\u0259 \u015f\u0259ffafl\u0131\u011f\u0131n t\u0259min olunmas\u0131, yaranan neqativ hallarla m\u00fcbariz\u0259 istiqam\u0259tind\u0259 t\u0259dbirl\u0259ri davam etdirir.<\/strong><\/p>\n<p><strong>ARANTV.AZ<\/strong> x\u0259b\u0259r verir ki, agentliyin m\u0259tbuat xidm\u0259tind\u0259n\u00a0<a href=\"https:\/\/az.trend.az\/\" target=\"_blank\" rel=\"noopener\">Trend<\/a>-\u0259 veril\u0259n m\u0259lumata g\u00f6r\u0259, a\u015fa\u011f\u0131da adlar\u0131 qeyd olunan qurum \u0259m\u0259kda\u015flar\u0131 s\u0259m\u0259r\u0259li f\u0259aliyy\u0259t v\u0259 sahibkarl\u0131q subyektl\u0259ri il\u0259 m\u00fcnasib\u0259td\u0259 \u015f\u0259ffaf i\u015f prinsipl\u0259rin\u0259 \u0259m\u0259l etm\u0259dikl\u0259rin\u0259 g\u00f6r\u0259 Agentlik s\u0259drinin m\u00fcvafiq \u0259mri il\u0259 tutduqlar\u0131 v\u0259zif\u0259l\u0259rd\u0259n azad edilibl\u0259r:<\/p>\n<p><strong>G\u0259nc\u0259 regional b\u00f6lm\u0259sinin r\u0259isi Abdullazad\u0259 H\u00fcseyn Abdulla o\u011flu<\/strong><\/p>\n<p><strong>G\u0259nc\u0259 regional b\u00f6lm\u0259sinin heyvan sa\u011flaml\u0131\u011f\u0131 v\u0259 baytarl\u0131q n\u0259zar\u0259ti sektorunun m\u00fcdiri \u018fzizov Kamran Kamal o\u011flu<\/strong><\/p>\n<p><strong>L\u0259nk\u0259ran regional b\u00f6lm\u0259sinin r\u0259isi Ba\u011f\u0131rov \u018flimuxtar Bala\u011fa o\u011flu<\/strong><\/p>\n<div>\n<div id=\"AdviadNativeVideo0\" class=\"AdviadNativeVideo\"><\/div>\n<\/div>\n<p><strong>L\u0259nk\u0259ran regional b\u00f6lm\u0259sinin Bitki sa\u011flaml\u0131\u011f\u0131 v\u0259 fitosanitar n\u0259zar\u0259ti sektorunun b\u00f6y\u00fck m\u0259sl\u0259h\u0259t\u00e7isi \u0130smay\u0131lov Habil \u018fli o\u011flu<\/strong><\/p>\n<div id=\"adriver_native_video\"><\/div>\n<p>AQTA b\u0259yan edir ki, qida t\u0259hl\u00fck\u0259sizliyinin t\u0259min olunmas\u0131 istiqam\u0259tind\u0259 g\u00f6r\u00fcl\u0259n i\u015fl\u0259r\u0259 k\u00f6lg\u0259 salan v\u0259 qurumun sa\u011flam i\u015f prinsipl\u0259rin\u0259 zidd h\u0259r\u0259k\u0259tl\u0259r\u0259 yol ver\u0259n \u0259m\u0259kda\u015flar\u0131n haqq\u0131nda bundan sonra da \u0259n ciddi t\u0259dbirl\u0259r g\u00f6r\u00fcl\u0259c\u0259kdir.<\/p>\n<p>AQTA d\u0259y\u0259rli i\u015f adamlar\u0131na bir daha m\u00fcraci\u0259t ed\u0259r\u0259k bildirir ki, Agentlik \u0259m\u0259kda\u015flar\u0131 t\u0259r\u0259find\u0259n h\u0259r hans\u0131 qanunazidd h\u0259r\u0259k\u0259tl\u0259rl\u0259 \u00fczl\u0259\u015fdikd\u0259 d\u0259rhal m\u00fcvafiq h\u00fcquq-m\u00fchafiz\u0259 orqanlar\u0131na v\u0259 ya AQTA-n\u0131n 1003 &#8211; \u00c7a\u011fr\u0131 M\u0259rk\u0259zin\u0259 m\u0259lumat versinl\u0259r.<\/p>\n","protected":false},"excerpt":{"rendered":"<p>Az\u0259rbaycan Respublikas\u0131n\u0131n Qida T\u0259hl\u00fck\u0259sizliyi Agentliyi (AQTA) \u00f6lk\u0259mizd\u0259 qida t\u0259hl\u00fck\u0259sizliyi sah\u0259sind\u0259 \u015f\u0259ffafl\u0131\u011f\u0131n t\u0259min olunmas\u0131, yaranan neqativ hallarla m\u00fcbariz\u0259 istiqam\u0259tind\u0259 t\u0259dbirl\u0259ri davam etdirir. ARANTV.AZ x\u0259b\u0259r verir ki, agentliyin m\u0259tbuat xidm\u0259tind\u0259n\u00a0Trend-\u0259 veril\u0259n m\u0259lumata g\u00f6r\u0259, a\u015fa\u011f\u0131da adlar\u0131 qeyd olunan qurum \u0259m\u0259kda\u015flar\u0131 s\u0259m\u0259r\u0259li f\u0259aliyy\u0259t v\u0259 sahibkarl\u0131q subyektl\u0259ri il\u0259 m\u00fcnasib\u0259td\u0259 \u015f\u0259ffaf i\u015f prinsipl\u0259rin\u0259 \u0259m\u0259l etm\u0259dikl\u0259rin\u0259 g\u00f6r\u0259 Agentlik s\u0259drinin m\u00fcvafiq \u0259mri il\u0259 tutduqlar\u0131 v\u0259zif\u0259l\u0259rd\u0259n azad edilibl\u0259r: G\u0259nc\u0259 regional b\u00f6lm\u0259sinin r\u0259isi Abdullazad\u0259 H\u00fcseyn Abdulla o\u011flu G\u0259nc\u0259 regional b\u00f6lm\u0259sinin heyvan sa\u011flaml\u0131\u011f\u0131 v\u0259 baytarl\u0131q n\u0259zar\u0259ti sektorunun m\u00fcdiri \u018fzizov Kamran Kamal o\u011flu L\u0259nk\u0259ran regional b\u00f6lm\u0259sinin r\u0259isi Ba\u011f\u0131rov \u018flimuxtar Bala\u011fa o\u011flu L\u0259nk\u0259ran&hellip;<\/p>\n","protected":false},"author":2,"featured_media":97067,"comment_status":"closed","ping_status":"closed","sticky":false,"template":"","format":"standard","meta":{"om_disable_all_campaigns":false,"_monsterinsights_skip_tracking":false,"_monsterinsights_sitenote_active":false,"_monsterinsights_sitenote_note":"","_monsterinsights_sitenote_category":0},"categories":[1],"tags":[],"aioseo_notices":[],"gutentor_comment":0,"rttpg_featured_image_url":{"full":["https:\/\/arantv.az\/wp-content\/uploads\/2019\/11\/802753.jpg",800,600,false],"landscape":["https:\/\/arantv.az\/wp-content\/uploads\/2019\/11\/802753.jpg",800,600,false],"portraits":["https:\/\/arantv.az\/wp-content\/uploads\/2019\/11\/802753.jpg",800,600,false],"thumbnail":["https:\/\/arantv.az\/wp-content\/uploads\/2019\/11\/802753-150x150.jpg",150,150,true],"medium":["https:\/\/arantv.az\/wp-content\/uploads\/2019\/11\/802753-300x225.jpg",300,225,true],"large":["https:\/\/arantv.az\/wp-content\/uploads\/2019\/11\/802753.jpg",640,480,false],"1536x1536":["https:\/\/arantv.az\/wp-content\/uploads\/2019\/11\/802753.jpg",800,600,false],"2048x2048":["https:\/\/arantv.az\/wp-content\/uploads\/2019\/11\/802753.jpg",800,600,false],"post-thumbnail":["https:\/\/arantv.az\/wp-content\/uploads\/2019\/11\/802753-240x172.jpg",240,172,true],"advps-thumb-one":["https:\/\/arantv.az\/wp-content\/uploads\/2019\/11\/802753.jpg",800,600,false]},"rttpg_author":{"display_name":"V\u00fcsal Rafiqo\u011flu","author_link":"https:\/\/arantv.az\/?author=2"},"rttpg_comment":0,"rttpg_category":"<a href=\"https:\/\/arantv.az\/?cat=1\" rel=\"category\">C\u0259miyy\u0259t<\/a>","rttpg_excerpt":"Az\u0259rbaycan Respublikas\u0131n\u0131n Qida T\u0259hl\u00fck\u0259sizliyi Agentliyi (AQTA) \u00f6lk\u0259mizd\u0259 qida t\u0259hl\u00fck\u0259sizliyi sah\u0259sind\u0259 \u015f\u0259ffafl\u0131\u011f\u0131n t\u0259min olunmas\u0131, yaranan neqativ hallarla m\u00fcbariz\u0259 istiqam\u0259tind\u0259 t\u0259dbirl\u0259ri davam etdirir. ARANTV.AZ x\u0259b\u0259r verir ki, agentliyin m\u0259tbuat xidm\u0259tind\u0259n\u00a0Trend-\u0259 veril\u0259n m\u0259lumata g\u00f6r\u0259, a\u015fa\u011f\u0131da adlar\u0131 qeyd olunan qurum \u0259m\u0259kda\u015flar\u0131 s\u0259m\u0259r\u0259li f\u0259aliyy\u0259t v\u0259 sahibkarl\u0131q subyektl\u0259ri il\u0259 m\u00fcnasib\u0259td\u0259 \u015f\u0259ffaf i\u015f prinsipl\u0259rin\u0259 \u0259m\u0259l etm\u0259dikl\u0259rin\u0259 g\u00f6r\u0259 Agentlik s\u0259drinin m\u00fcvafiq \u0259mri il\u0259&hellip;","_links":{"self":[{"href":"https:\/\/arantv.az\/index.php?rest_route=\/wp\/v2\/posts\/97066"}],"collection":[{"href":"https:\/\/arantv.az\/index.php?rest_route=\/wp\/v2\/posts"}],"about":[{"href":"https:\/\/arantv.az\/index.php?rest_route=\/wp\/v2\/types\/post"}],"author":[{"embeddable":true,"href":"https:\/\/arantv.az\/index.php?rest_route=\/wp\/v2\/users\/2"}],"replies":[{"embeddable":true,"href":"https:\/\/arantv.az\/index.php?rest_route=%2Fwp%2Fv2%2Fcomments&post=97066"}],"version-history":[{"count":0,"href":"https:\/\/arantv.az\/index.php?rest_route=\/wp\/v2\/posts\/97066\/revisions"}],"wp:featuredmedia":[{"embeddable":true,"href":"https:\/\/arantv.az\/index.php?rest_route=\/wp\/v2\/media\/97067"}],"wp:attachment":[{"href":"https:\/\/arantv.az\/index.php?rest_route=%2Fwp%2Fv2%2Fmedia&parent=97066"}],"wp:term":[{"taxonomy":"category","embeddable":true,"href":"https:\/\/arantv.az\/index.php?rest_route=%2Fwp%2Fv2%2Fcategories&post=97066"},{"taxonomy":"post_tag","embeddable":true,"href":"https:\/\/arantv.az\/index.php?rest_route=%2Fwp%2Fv2%2Ftags&post=97066"}],"curies":[{"name":"wp","href":"https:\/\/api.w.org\/{rel}","templated":true}]}}